{"id":262298,"date":"2026-07-14T18:16:13","date_gmt":"2026-07-14T18:16:13","guid":{"rendered":"https:\/\/www.europesays.com\/nl\/262298\/"},"modified":"2026-07-14T18:16:13","modified_gmt":"2026-07-14T18:16:13","slug":"psv-geinteresseerd-in-braziliaanse-vleugelaanvaller-van","status":"publish","type":"post","link":"https:\/\/www.europesays.com\/nl\/262298\/","title":{"rendered":"&#8216;PSV ge\u00efnteresseerd in Braziliaanse vleugelaanvaller van\u2026"},"content":{"rendered":"<p>PSV zou belangstelling hebben in vleugelaanvaller Lucca Marques van S\u00e3o Paulo. De Eindhovenaren zijn echter niet de enige partij die genoemd worden, want ook Ajax zou op het vinkentouw zitten.<\/p>\n<p>Transferfeed weet te melden dat de twee topclubs uit Nederland interesse zouden hebben in de 19-jarige buitenspeler. Marques wordt echter ook gelinkt aan FC Porto, Arsenal en Borussia Dortmund, dus de concurrentie is stevig om de Braziliaan.<\/p>\n<p>Marques heeft bij S\u00e3o Paulo nog een contract tot medio 2028 en zal dus ook een flinke transfersom moeten kosten. De Braziliaans jeugdinternational behoort sinds april 2025 bij de eerste selectie van zijn club en speelde tot dusver 26 offici\u00eble wedstrijden. Hierin scoorde hij \u00e9\u00e9n keer. Een assist gaf hij (nog) niet.<\/p>\n<p>\t\tOm deze content te zien moet je cookies accepteren<\/p>\n<p class=\"cookie-consent__text\">\n\t\t\tJe hebt momenteel niet alle benodigde cookies geaccepteerd. Klik op de knop om je cookievoorkeuren te wijzigen.\n\t\t<\/p>\n<p>\t\tCookievoorkeuren wijzigen<\/p>\n","protected":false},"excerpt":{"rendered":"PSV zou belangstelling hebben in vleugelaanvaller Lucca Marques van S\u00e3o Paulo. De Eindhovenaren zijn echter niet de enige&hellip;\n","protected":false},"author":2,"featured_media":262299,"comment_status":"","ping_status":"","sticky":false,"template":"","format":"standard","meta":{"footnotes":"","_share_on_mastodon":"0"},"categories":[21],"tags":[166,1734,48,4787,15679,46653,46654,46,47,49,45,50,24381,26574,46655,92,91,46656,4793,5492],"class_list":["post-262298","post","type-post","status-publish","format-standard","has-post-thumbnail","category-sport","tag-ajax","tag-belangstelling","tag-dutch","tag-eindhovenaren","tag-genoemd","tag-lucca","tag-marques","tag-nederland","tag-nederlanden","tag-nederlands","tag-netherlands","tag-nl","tag-partij","tag-paulo","tag-sao","tag-sport","tag-sports","tag-vinkentouw","tag-vleugelaanvaller","tag-zitten"],"share_on_mastodon":{"url":"https:\/\/pubeurope.com\/@nl\/116919703197148826","error":""},"_links":{"self":[{"href":"https:\/\/www.europesays.com\/nl\/wp-json\/wp\/v2\/posts\/262298","targetHints":{"allow":["GET"]}}],"collection":[{"href":"https:\/\/www.europesays.com\/nl\/wp-json\/wp\/v2\/posts"}],"about":[{"href":"https:\/\/www.europesays.com\/nl\/wp-json\/wp\/v2\/types\/post"}],"author":[{"embeddable":true,"href":"https:\/\/www.europesays.com\/nl\/wp-json\/wp\/v2\/users\/2"}],"replies":[{"embeddable":true,"href":"https:\/\/www.europesays.com\/nl\/wp-json\/wp\/v2\/comments?post=262298"}],"version-history":[{"count":0,"href":"https:\/\/www.europesays.com\/nl\/wp-json\/wp\/v2\/posts\/262298\/revisions"}],"wp:featuredmedia":[{"embeddable":true,"href":"https:\/\/www.europesays.com\/nl\/wp-json\/wp\/v2\/media\/262299"}],"wp:attachment":[{"href":"https:\/\/www.europesays.com\/nl\/wp-json\/wp\/v2\/media?parent=262298"}],"wp:term":[{"taxonomy":"category","embeddable":true,"href":"https:\/\/www.europesays.com\/nl\/wp-json\/wp\/v2\/categories?post=262298"},{"taxonomy":"post_tag","embeddable":true,"href":"https:\/\/www.europesays.com\/nl\/wp-json\/wp\/v2\/tags?post=262298"}],"curies":[{"name":"wp","href":"https:\/\/api.w.org\/{rel}","templated":true}]}}