{"id":26576,"date":"2025-10-17T11:24:09","date_gmt":"2025-10-17T11:24:09","guid":{"rendered":"https:\/\/www.europesays.com\/nl\/26576\/"},"modified":"2025-10-17T11:24:09","modified_gmt":"2025-10-17T11:24:09","slug":"nieuwe-luistercijfers-zo-scoorden-de-radiozenders-afgelopen-zomer","status":"publish","type":"post","link":"https:\/\/www.europesays.com\/nl\/26576\/","title":{"rendered":"Nieuwe luistercijfers: zo scoorden de radiozenders afgelopen zomer"},"content":{"rendered":"<p class=\"Paragraph_paragraph__lerxh Paragraph_paragraph--default-sm-default__sA0_5 articleParagraph\">Het nieuwe onderzoek gaat over de periode mei tot eind augustus 2025. Voor de VRT was het globaal een goede zomer omdat ze \u00e9\u00e9n procentpunt beter deden dan exact een jaar eerder. De VRT-netten halen nu samen 53,3 procent. Een opvallend cijfer is de score van 23,8 procent voor Radio 2. Dat is het op \u00e9\u00e9n na laagste cijfer ooit voor de grootste familie van Vlaanderen. Ook in 2023 en 2024 scoorde Radio 2 in de warmste periode van het jaar lager dan anders. Wellicht speelt het ontbreken van populaire titels als WinWin de zender parten. Tijdens de zomer is er een andere programmering met liveradio uit Blankenberge in het teken van VRT Zomerhit.<\/p>\n<p class=\"Paragraph_paragraph__lerxh Paragraph_paragraph--default-sm-default__sA0_5 articleParagraph\">Radio 1 komt uit op 8,4 procent. Dat is een minuscuul verlies tegenover de vorige meting. Afgelopen maanden bevestigde Radio 1 zijn positie als\u00a0populairste on demand-audiomerk\u00a0in Vlaanderen, met maandelijks bijna 2 miljoen luistersessies. De podcast\u00a0#weetikveel\u00a0was deze zomer de uitschieter voor VRT.<\/p>\n<p>Nona Van Braeckel en Thibault Christiaensen maakten radio op de festivals voor Studio Brussel.\u00a0\u00a9 VRT<\/p>\n<p class=\"Paragraph_paragraph__lerxh Paragraph_paragraph--default-sm-default__sA0_5 articleParagraph\">Klara haalt 1,8 procent (-0,1 procent) en Studio Brussel net als vorige keer 8 procent. MNM levert iets in en komt uit op 6,4 procent. Dat de VRT globaal toch lichte winst boekt, komt door een stijgende populariteit van de kleine, digitale netten. Radio Bene, De Tijdloze, MNM Hits en Klara Continuo zijn samen goed voor bijna\u00a05 procent\u00a0marktaandeel.\u00a0<\/p>\n<p class=\"Paragraph_paragraph__lerxh Paragraph_paragraph--default-sm-default__sA0_5 articleParagraph\">Els Van de Sijpe, manager VRT Radio &amp; Audio, prijst Radio 2 aan zee en de nieuwe aanpak van de festivalzomer bij Studio Brussel. \u201cDit najaar zetten we in op nog meer beleving, met maandag de aftrap van\u00a0Sander tegen de tijd (MNM), dit jaar nog grootser, met meer verrassingen en op locatie in Leuven. En met daarna de\u00a0Radio 1 Sessies,\u00a0Klara\u2019s Top 100, De Warmste Week,\u00a0De Tijdloze Countdown\u00a0en de\u00a0Radio 2 Top 2000\u00a0is het audio-aanbod van VRT het hele najaar voelbaar in Vlaanderen.\u201d<\/p>\n<p>Winst voor JOE en Q<\/p>\n<p class=\"Paragraph_paragraph__lerxh Paragraph_paragraph--default-sm-default__sA0_5 articleParagraph\">Bij de grote commerci\u00eble zenders is er dubbele winst voor DPG. Qmusic stijgt tegenover de vorige meting van 13,2 procent naar 13,6 procent. JOE haalt 11,8 procent, een minieme stijging. Daarmee bevestigen Qmusic en JOE hun rol als tweede en derde grootste Vlaamse radiozender. Qmusic scoort de beste luisterduur in tien jaar. In de doelgroep 18-44 blijft Qmusic met 25,3 procent marktleider.<\/p>\n<p>De ploeg van Qmusic hield eind juni de Foute Party om de start van de vakantie te vieren.\u00a0\u00a9 DPG<\/p>\n<p class=\"Paragraph_paragraph__lerxh Paragraph_paragraph--default-sm-default__sA0_5 articleParagraph\">Michael Dujardin, channel director Qmusic: \u201cDe zomer blijft h\u00e9t moment waarop de zon en de grootste Qmusic-hits naadloos samensmelten tot \u00e9\u00e9n sterk geheel. Ook dit jaar was dat zo op de radio, online \u00e9n in het QBeach House in Oostende. We zijn trots dat we bevestigen als het tweede grootste radiostation van het land en in onze kern\u00addoelgroep met ruime voorsprong marktleider zijn. Sinds september maken we radio vanuit een nieuwe studio, met Maarten &amp; Dorothee in de ochtend en Vincent Live in de namiddag. We zijn dus klaar voor een nieuw radioseizoen vol humor, emotie en grote acties.\u201d<\/p>\n<p>JOE maakte radio aan de kust.\u00a0\u00a9 DPG<\/p>\n<p class=\"Paragraph_paragraph__lerxh Paragraph_paragraph--default-sm-default__sA0_5 articleParagraph\">De digitale rockzender Willy haalt samen met Willy Class X een marktaandeel van 3,5 procent en blijft daarmee de grootste digital only zender in Vlaanderen.\u00a0<\/p>\n<p>Roos Van Acker en Sien Wynants zijn te horen op Willy.\u00a0\u00a9 DPG<\/p>\n<p>Stabiele Nostalgie<\/p>\n<p class=\"Paragraph_paragraph__lerxh Paragraph_paragraph--default-sm-default__sA0_5 articleParagraph\">Nostalgie en Nostalgie Plus bleven in de algemene doelgroep 12+ met respectievelijk 4,4 procent en 1,5 procent stabiel ten opzichte van de vorige meting in het voorjaar. Vergeleken met dezelfde periode vorig jaar, groeit Nostalgie met 0,4 procent en Nostalgie Plus met 0,2 procent. Opvallend is de sterke groei in luistertijd voor Nostalgie, in vergelijking met dezelfde periode vorig jaar luisteren mensen bijna een half uur langer.<\/p>\n<p>De Nostalgie-familie. Sinds september is ook V\u00e9ronique De Kock aan boord.\u00a0\u00a9 Het Nieuwsblad<\/p>\n<p class=\"Paragraph_paragraph__lerxh Paragraph_paragraph--default-sm-default__sA0_5 articleParagraph\">\u201cWe merken dat we steeds meer aanwezig zijn op de werkvloer, waar we met Nostalgie de perfecte partner zijn om mensen te begeleiden tijdens de drukke werkzaamheden\u201d, aldus programmadirecteur Robin Vissenaekens. We blijven uiteraard ook entertainen, sinds september met onze nieuwe dagelijkse ochtendshow van V\u00e9ronique De Kock en met volgende week de leukste 90\u2019s lijst, onze Top590 en met binnenkort weer meer dan 100 luisteraars die we kunnen blij maken met een uitstap naar Disneyland.\u201d<\/p>\n<p><a href=\"https:\/\/www.nieuwsblad.be\/media-en-cultuur\/tv-en-radio\/eric-goens-vertelt-over-passage-van-wendy-van-wanten-in-het-huis-ze-legde-de-opnames-in-blinde-paniek-stil\/97069325.html\" class=\"RelatedTeaser_related-teaser__8O980 RelatedTeaser_related-teaser--image__SKCSe read-more_withImage__1YJa_\" data-article-id=\"97069325\" rel=\"nofollow noopener\" target=\"_blank\"><\/p>\n<p>LEES OOK.Eric Goens vertelt over passage van Wendy Van Wanten in \u2018Het huis\u2019: \u201cZe legde de opnames in blinde paniek stil\u201d<\/p>\n<p><\/a><\/p>\n","protected":false},"excerpt":{"rendered":"Het nieuwe onderzoek gaat over de periode mei tot eind augustus 2025. Voor de VRT was het globaal&hellip;\n","protected":false},"author":2,"featured_media":26577,"comment_status":"","ping_status":"","sticky":false,"template":"","format":"standard","meta":{"footnotes":""},"categories":[27],"tags":[99,48,98,120,121,46,47,49,45,50],"class_list":{"0":"post-26576","1":"post","2":"type-post","3":"status-publish","4":"format-standard","5":"has-post-thumbnail","7":"category-muziek","8":"tag-amusement","9":"tag-dutch","10":"tag-entertainment","11":"tag-music","12":"tag-muziek","13":"tag-nederland","14":"tag-nederlanden","15":"tag-nederlands","16":"tag-netherlands","17":"tag-nl"},"share_on_mastodon":{"url":"","error":""},"_links":{"self":[{"href":"https:\/\/www.europesays.com\/nl\/wp-json\/wp\/v2\/posts\/26576","targetHints":{"allow":["GET"]}}],"collection":[{"href":"https:\/\/www.europesays.com\/nl\/wp-json\/wp\/v2\/posts"}],"about":[{"href":"https:\/\/www.europesays.com\/nl\/wp-json\/wp\/v2\/types\/post"}],"author":[{"embeddable":true,"href":"https:\/\/www.europesays.com\/nl\/wp-json\/wp\/v2\/users\/2"}],"replies":[{"embeddable":true,"href":"https:\/\/www.europesays.com\/nl\/wp-json\/wp\/v2\/comments?post=26576"}],"version-history":[{"count":0,"href":"https:\/\/www.europesays.com\/nl\/wp-json\/wp\/v2\/posts\/26576\/revisions"}],"wp:featuredmedia":[{"embeddable":true,"href":"https:\/\/www.europesays.com\/nl\/wp-json\/wp\/v2\/media\/26577"}],"wp:attachment":[{"href":"https:\/\/www.europesays.com\/nl\/wp-json\/wp\/v2\/media?parent=26576"}],"wp:term":[{"taxonomy":"category","embeddable":true,"href":"https:\/\/www.europesays.com\/nl\/wp-json\/wp\/v2\/categories?post=26576"},{"taxonomy":"post_tag","embeddable":true,"href":"https:\/\/www.europesays.com\/nl\/wp-json\/wp\/v2\/tags?post=26576"}],"curies":[{"name":"wp","href":"https:\/\/api.w.org\/{rel}","templated":true}]}}