{"id":27500,"date":"2025-10-18T08:20:10","date_gmt":"2025-10-18T08:20:10","guid":{"rendered":"https:\/\/www.europesays.com\/nl\/27500\/"},"modified":"2025-10-18T08:20:10","modified_gmt":"2025-10-18T08:20:10","slug":"linda-de-mol-krijgt-pittige-vraag-op-tv-man-die-steeds-vreemdgaat","status":"publish","type":"post","link":"https:\/\/www.europesays.com\/nl\/27500\/","title":{"rendered":"Linda de Mol krijgt pittige vraag op tv: \u2018Man die steeds vreemdgaat!\u2019"},"content":{"rendered":"<p>Linda de Mol is zichtbaar ongemakkelijk als ze van RTL Tonight-verslaggever Ja\u00efr Ferwerda een indirecte vraag krijgt over het vreemdgaan van haar man Jeroen Rietbergen. \u201cSteeds maar weer!\u201d<\/p>\n<p>        Door onze entertainmentredactie<\/p>\n<p>        <img fetchpriority=\"high\" decoding=\"async\" width=\"1280\" height=\"720\" src=\"https:\/\/www.europesays.com\/nl\/wp-content\/uploads\/2025\/10\/1018-Linda-Jair.jpg\" class=\"attachment-post-thumbnail size-post-thumbnail wp-post-image\" alt=\"Linda de Mol en Ja\u00efr Ferwerda\"  \/>        \u00a9 RTL    <\/p>\n<p>De perspresentatie van Gooische Vrouwen kende gisteren slechts \u00e9\u00e9n ongemakkelijk moment, namelijk toen Linda de Mol zich met haar collega\u2019s liet interviewen door RTL Tonight-verslaggever Ja\u00efr Ferwerda. Waar de showrubrieken verzaakten met allerlei saaie niets-aan-de-hand-vraagjes, legde Ja\u00efr haar w\u00e9l een vermakelijk pijnpunt voor.<\/p>\n<p>\u2018Dat is jouw leven!\u2019<\/p>\n<p>Ja\u00efr vindt dat Gooische Vrouwen wel heel erg aan het Gooise leven van Linda z\u00e9lf doet denken. \u201cLinda, ik heb dan die eerste twee afleveringen gezien, maar dat is toch gewoon jouw leven, of niet?\u201d<\/p>\n<p>Op dat moment lacht Linda nog: \u201cHahahahaha.\u201d<\/p>\n<p>Ja\u00efr: \u201cNee, maar alles zit erin\u2026 Je hebt priv\u00e9 veel meegemaakt, maar dat zie je terug, toch?\u201d<\/p>\n<p>Linda: \u201cNou ja, heel veel van wat wij meegemaakt hebben speelt natuurlijk een rol in deze serie.\u201d<\/p>\n<p>Vreemdgaande man<\/p>\n<p>Collega-actrice Susan Visser probeert de boel te redden. \u201cCheryl (het personage van Linda, red.) is helemaal geen carri\u00e8revrouw, die vindt het gewoon heerlijk om \u2018de vrouw van\u2019 te zijn.\u201d<\/p>\n<p>Ja\u00efr dan: \u201cMaar wel een man die maar vreemdgaat. Dat hebben we ook gehoord, toch, of niet?\u201d<\/p>\n<p>Linda zw\u00e1\u00e1r ongemakkelijk: \u201cIk weet niet zo goed wat je vraag is.\u201d<\/p>\n<p>Ja\u00efr: \u201cNou, wat mijn vraag is: je bent veel in het nieuws geweest en ik zie dat zich dan toch een beetje vertaalt in die serie.\u201d<\/p>\n<p>\u2018Nou, nee!\u2019<\/p>\n<p>Volgens Linda heeft het vreemdgaan van haar vent Jeroen geen invloed gehad op de scenario\u2019s. \u201cNou nee, want eigenlijk is Martin dit karakter vanaf dag \u00e9\u00e9n en die is helemaal nooit veranderd. Dat was al in een periode dat ik nog met de vader van mijn kinderen was, dus nee: zo moet je het niet zien.\u201d<\/p>\n<p>Gastheer Renze Klamer na dat item in de studio: \u201cLeuk interview. Even een ongemakkelijk momentje.\u201d<\/p>\n<p>NU.nl-entertainmentchef Lara Zevenberg: \u201cJa, heel ongemakkelijk, ja, maar ik snap Ja\u00efr wel. Ik had hetzelfde gevoel een beetje.\u201d<\/p>\n<p>\u2018Ik snap hem\u2019<\/p>\n<p>Lara steunt de pijnlijke vraag van Ja\u00efr. \u201cIk heb de eerste aflevering gekeken en het gaat natuurlijk weer over Martin en Cheryl. Martin gaat de hele tijd vreemd, ieder seizoen heeft hij weer iemand anders opgepikt en op de een of andere manier wil je als kijker toch heel graag dat het goed komt tussen Martin en Cheryl.\u201d<\/p>\n<p>\u201cIk zat te kijken en dacht: best wel gek dat we met z\u2019n allen heel hard oordelen over Linda, die heeft gezegd: \u2018Ik wil toch met Jeroen door.\u2019 Daar moest ik ineens aan denken. Laten we wel eerlijk zijn: het is een andere situatie, maar ik moest er wel aan denken, dus ik snap Ja\u00efr in dat opzicht wel.\u201d<\/p>\n","protected":false},"excerpt":{"rendered":"Linda de Mol is zichtbaar ongemakkelijk als ze van RTL Tonight-verslaggever Ja\u00efr Ferwerda een indirecte vraag krijgt over&hellip;\n","protected":false},"author":2,"featured_media":27501,"comment_status":"","ping_status":"","sticky":false,"template":"","format":"standard","meta":{"footnotes":""},"categories":[5],"tags":[39,40,48,43,44,34,35,41,42,404,46,47,49,45,32,33,50,36,37,38],"class_list":{"0":"post-27500","1":"post","2":"type-post","3":"status-publish","4":"format-standard","5":"has-post-thumbnail","7":"category-hoofdpunten","8":"tag-breaking-news","9":"tag-breakingnews","10":"tag-dutch","11":"tag-featured-news","12":"tag-featurednews","13":"tag-headlines","14":"tag-hoofdpunten","15":"tag-latest-news","16":"tag-latestnews","17":"tag-linda-de-mol","18":"tag-nederland","19":"tag-nederlanden","20":"tag-nederlands","21":"tag-netherlands","22":"tag-news","23":"tag-nieuws","24":"tag-nl","25":"tag-top-stories","26":"tag-topstories","27":"tag-voorpaginanieuws"},"share_on_mastodon":{"url":"","error":""},"_links":{"self":[{"href":"https:\/\/www.europesays.com\/nl\/wp-json\/wp\/v2\/posts\/27500","targetHints":{"allow":["GET"]}}],"collection":[{"href":"https:\/\/www.europesays.com\/nl\/wp-json\/wp\/v2\/posts"}],"about":[{"href":"https:\/\/www.europesays.com\/nl\/wp-json\/wp\/v2\/types\/post"}],"author":[{"embeddable":true,"href":"https:\/\/www.europesays.com\/nl\/wp-json\/wp\/v2\/users\/2"}],"replies":[{"embeddable":true,"href":"https:\/\/www.europesays.com\/nl\/wp-json\/wp\/v2\/comments?post=27500"}],"version-history":[{"count":0,"href":"https:\/\/www.europesays.com\/nl\/wp-json\/wp\/v2\/posts\/27500\/revisions"}],"wp:featuredmedia":[{"embeddable":true,"href":"https:\/\/www.europesays.com\/nl\/wp-json\/wp\/v2\/media\/27501"}],"wp:attachment":[{"href":"https:\/\/www.europesays.com\/nl\/wp-json\/wp\/v2\/media?parent=27500"}],"wp:term":[{"taxonomy":"category","embeddable":true,"href":"https:\/\/www.europesays.com\/nl\/wp-json\/wp\/v2\/categories?post=27500"},{"taxonomy":"post_tag","embeddable":true,"href":"https:\/\/www.europesays.com\/nl\/wp-json\/wp\/v2\/tags?post=27500"}],"curies":[{"name":"wp","href":"https:\/\/api.w.org\/{rel}","templated":true}]}}