{"id":27533,"date":"2025-10-18T08:51:07","date_gmt":"2025-10-18T08:51:07","guid":{"rendered":"https:\/\/www.europesays.com\/nl\/27533\/"},"modified":"2025-10-18T08:51:07","modified_gmt":"2025-10-18T08:51:07","slug":"almeerse-aline-van-wijnen-schrijft-vervolg-op-succesvolle-storytel-original-almere-deze-week","status":"publish","type":"post","link":"https:\/\/www.europesays.com\/nl\/27533\/","title":{"rendered":"Almeerse Aline van Wijnen schrijft vervolg op succesvolle Storytel Original &#8211; Almere DEZE WEEK"},"content":{"rendered":"<p>        &#13;<br \/>\n            1 uur geleden&#13;<\/p>\n<p>        &#13;<br \/>\n&#13;<br \/>\n&#13;<br \/>\n                <a href=\"https:\/\/www.almeredezeweek.nl\/search?c=1\" class=\"bg-primary rounded ml-2 mb-8 p-1 text-xs\" style=\"text-decoration: none; color:#fff; font-weight:normal;\" rel=\"nofollow noopener\" target=\"_blank\">&#13;<br \/>\n                    Algemeen&#13;<br \/>\n                <\/a>&#13;<br \/>\n&#13;<br \/>\n&#13;<\/p>\n<p class=\"font-bold article-intro\">ALMERE &#8211; De Almeerse schrijfster Aline van Wijnen heeft een vervolg geschreven op haar boek Het eetcaf\u00e9 op de hoek. Het eetcaf\u00e9 aan de gracht is opnieuw een Storytel Original. Dat betekent dat een boek eerst op Storytel verschijnt en een jaar lang alleen daar te lezen en te luisteren is.\u00a0<\/p>\n<p>Het eetcaf\u00e9 op de hoek werd heel warm ontvangen door de luisteraars en werd zelfs genomineerd voor de Storytel Original Award van 2025. \u201cEen grote eer\u201d, vindt de Almeerse schrijfster. \u201cToen ik dit boek schreef, had ik geen idee dat er ooit een deel twee zou komen, maar ik werd verliefd op de personages en kon de wereld van Het eetcaf\u00e9 nog niet loslaten.\u201d<\/p>\n<p>Tijdens het redigeren van deel \u00e9\u00e9n kreeg zij het idee voor een vervolg. \u201cAndere hoofdpersonen, de oude bekenden uit deel \u00e9\u00e9n in de bijrollen en het eetcaf\u00e9 \u2018t Hoekje als de vertrouwde plek waar ze allemaal regelmatig samenkomen\u201d, vertelt Van Wijnen. \u201cEerlijk gezegd vind ik het heel spannend hoe deel twee ontvangen zal worden. Het is toch een ander verhaal met andere thema\u2019s, maar met net zoveel liefde geschreven.\u201d<\/p>\n<p>Paperback deel \u00e9\u00e9n<\/p>\n<p>Het Eetcaf\u00e9 op de hoek verscheen op 14 oktober als ebook en paperback. Het eetcaf\u00e9 aan de gracht volgt op 28 oktober als Storytel Original. In elke paperback is een code van Storytel is gestopt waarmee je 45 dagen gratis Storytel kan gebruiken. Zo kan iedereen na het lezen van deel \u00e9\u00e9n direct door met deel twee.<\/p>\n","protected":false},"excerpt":{"rendered":"&#13; 1 uur geleden&#13; &#13; &#13; &#13; &#13; Algemeen&#13; &#13; &#13; &#13; ALMERE &#8211; De Almeerse schrijfster Aline&hellip;\n","protected":false},"author":2,"featured_media":27534,"comment_status":"","ping_status":"","sticky":false,"template":"","format":"standard","meta":{"footnotes":""},"categories":[29],"tags":[99,132,131,48,98,46,47,49,45,50],"class_list":{"0":"post-27533","1":"post","2":"type-post","3":"status-publish","4":"format-standard","5":"has-post-thumbnail","7":"category-boeken","8":"tag-amusement","9":"tag-boeken","10":"tag-books","11":"tag-dutch","12":"tag-entertainment","13":"tag-nederland","14":"tag-nederlanden","15":"tag-nederlands","16":"tag-netherlands","17":"tag-nl"},"share_on_mastodon":{"url":"","error":""},"_links":{"self":[{"href":"https:\/\/www.europesays.com\/nl\/wp-json\/wp\/v2\/posts\/27533","targetHints":{"allow":["GET"]}}],"collection":[{"href":"https:\/\/www.europesays.com\/nl\/wp-json\/wp\/v2\/posts"}],"about":[{"href":"https:\/\/www.europesays.com\/nl\/wp-json\/wp\/v2\/types\/post"}],"author":[{"embeddable":true,"href":"https:\/\/www.europesays.com\/nl\/wp-json\/wp\/v2\/users\/2"}],"replies":[{"embeddable":true,"href":"https:\/\/www.europesays.com\/nl\/wp-json\/wp\/v2\/comments?post=27533"}],"version-history":[{"count":0,"href":"https:\/\/www.europesays.com\/nl\/wp-json\/wp\/v2\/posts\/27533\/revisions"}],"wp:featuredmedia":[{"embeddable":true,"href":"https:\/\/www.europesays.com\/nl\/wp-json\/wp\/v2\/media\/27534"}],"wp:attachment":[{"href":"https:\/\/www.europesays.com\/nl\/wp-json\/wp\/v2\/media?parent=27533"}],"wp:term":[{"taxonomy":"category","embeddable":true,"href":"https:\/\/www.europesays.com\/nl\/wp-json\/wp\/v2\/categories?post=27533"},{"taxonomy":"post_tag","embeddable":true,"href":"https:\/\/www.europesays.com\/nl\/wp-json\/wp\/v2\/tags?post=27533"}],"curies":[{"name":"wp","href":"https:\/\/api.w.org\/{rel}","templated":true}]}}