{"id":27944,"date":"2025-10-18T17:09:10","date_gmt":"2025-10-18T17:09:10","guid":{"rendered":"https:\/\/www.europesays.com\/nl\/27944\/"},"modified":"2025-10-18T17:09:10","modified_gmt":"2025-10-18T17:09:10","slug":"opstelling-fc-twente-bekend-deze-elf-namen-starten","status":"publish","type":"post","link":"https:\/\/www.europesays.com\/nl\/27944\/","title":{"rendered":"Opstelling FC Twente bekend: Deze elf namen starten\u2026"},"content":{"rendered":"<p>FC Twente hervat de competitie zaterdagmiddag met de wedstrijd tegen NEC. Het treffen in Nijmegen begint om 16:30 uur en John van den Brom heeft zojuist zijn opstelling bekendgemaakt.<\/p>\n<p>Onder de lat staat Lars Unnerstall. De verdediging bestaat zaterdag uit Mats Rots, Robin Pr\u00f6pper, Ruud Nijstad en Bart van Rooij. Op het middenveld kiest Van den Brom voor Ramiz Zerrouki, Thomas van den Belt en Kristian Hlynsson, die afgelopen week nog uitblonk bij IJsland.<\/p>\n<p>Voorin krijgt Marko Pjaca de voorkeur boven Daan Rots. In de spits staat Ricky van Wolfswinkel. De andere vleugelspeler is Sondre \u00d8rjas\u00e6ter. Daouda Weidmann ontbreekt zaterdag in de selectie, de middenvelder is ziek. Wie wel weer van de partij is, is Stav Lemkin. De verdediger keert terug in de wedstrijdselectie na een blessure. Ook Sam Lammers behoort tot de wedstrijdselectie. FC Twente en NEC trappen om 16:45 uur af in de Goffert.\u00a0<\/p>\n<p>Opstelling FC Twente: Unnerstall, M. Rots, Nijstad, Pr\u00f6pper, Van Rooij, Van den Belt, Zerrouki, Hlynsson, \u00d8rjas\u00e6ter, Van Wolfswinkel, Pjaca<\/p>\n<p>Wissels FC Twente: Tyton, Karssies, Kuipers, Booth, Lammers, D. Rots, Peixoto, Lemkin, Vennegoor of Hesselink, Verschueren, \u00dcn\u00fcvar<\/p>\n<p>Opstelling NEC: Crettaz, Dasa, Kaplan, Ouwejan, Ouaissa, Nejasmic, Sano, Misjidan, Chery, Ogawa, Linssen<\/p>\n<p>\t\t\t\t<img decoding=\"async\" class=\"content-cta__image\" src=\"https:\/\/www.europesays.com\/nl\/wp-content\/uploads\/2025\/10\/Copyright-ProShots-31557591.jpg\" width=\"200\" height=\"133\" alt=\"Spelers van FC Twente in het Goffertstadion\" loading=\"lazy\" onerror=\"window.utilitiesPictureTagFallbackHandler(this)\"\/><\/p>\n<p>\t\t\t\t\tBREAKING | NEC komt met nieuws: Aftrap NEC &#8211; FC Twente uitgesteld<\/p>\n<p>\t\t\t\tLees ook\n\t\t\t<\/p>\n","protected":false},"excerpt":{"rendered":"FC Twente hervat de competitie zaterdagmiddag met de wedstrijd tegen NEC. Het treffen in Nijmegen begint om 16:30&hellip;\n","protected":false},"author":2,"featured_media":27945,"comment_status":"","ping_status":"","sticky":false,"template":"","format":"standard","meta":{"footnotes":""},"categories":[21],"tags":[8220,4366,1718,436,8219,48,8222,799,46,47,49,45,766,50,4830,92,91,4815,247,241,6903,8221],"class_list":{"0":"post-27944","1":"post","2":"type-post","3":"status-publish","4":"format-standard","5":"has-post-thumbnail","7":"category-sport","8":"tag-8220","9":"tag-begint","10":"tag-bekendgemaakt","11":"tag-brom","12":"tag-competitie","13":"tag-dutch","14":"tag-hervat","15":"tag-john","16":"tag-nederland","17":"tag-nederlanden","18":"tag-nederlands","19":"tag-netherlands","20":"tag-nijmegen","21":"tag-nl","22":"tag-opstelling","23":"tag-sport","24":"tag-sports","25":"tag-treffen","26":"tag-twente","27":"tag-wedstrijd","28":"tag-zaterdagmiddag","29":"tag-zojuist"},"share_on_mastodon":{"url":"","error":""},"_links":{"self":[{"href":"https:\/\/www.europesays.com\/nl\/wp-json\/wp\/v2\/posts\/27944","targetHints":{"allow":["GET"]}}],"collection":[{"href":"https:\/\/www.europesays.com\/nl\/wp-json\/wp\/v2\/posts"}],"about":[{"href":"https:\/\/www.europesays.com\/nl\/wp-json\/wp\/v2\/types\/post"}],"author":[{"embeddable":true,"href":"https:\/\/www.europesays.com\/nl\/wp-json\/wp\/v2\/users\/2"}],"replies":[{"embeddable":true,"href":"https:\/\/www.europesays.com\/nl\/wp-json\/wp\/v2\/comments?post=27944"}],"version-history":[{"count":0,"href":"https:\/\/www.europesays.com\/nl\/wp-json\/wp\/v2\/posts\/27944\/revisions"}],"wp:featuredmedia":[{"embeddable":true,"href":"https:\/\/www.europesays.com\/nl\/wp-json\/wp\/v2\/media\/27945"}],"wp:attachment":[{"href":"https:\/\/www.europesays.com\/nl\/wp-json\/wp\/v2\/media?parent=27944"}],"wp:term":[{"taxonomy":"category","embeddable":true,"href":"https:\/\/www.europesays.com\/nl\/wp-json\/wp\/v2\/categories?post=27944"},{"taxonomy":"post_tag","embeddable":true,"href":"https:\/\/www.europesays.com\/nl\/wp-json\/wp\/v2\/tags?post=27944"}],"curies":[{"name":"wp","href":"https:\/\/api.w.org\/{rel}","templated":true}]}}