{"id":295198,"date":"2026-08-27T20:57:12","date_gmt":"2026-08-27T20:57:12","guid":{"rendered":"https:\/\/www.europesays.com\/nl\/295198\/"},"modified":"2026-08-27T20:57:12","modified_gmt":"2026-08-27T20:57:12","slug":"spaanse-man-glijdt-uit-van-boot-na-vangen-tonijn-op-zee-en-wordt-al-dagen-vermist","status":"publish","type":"post","link":"https:\/\/www.europesays.com\/nl\/295198\/","title":{"rendered":"Spaanse man glijdt uit van boot na vangen tonijn op zee en wordt al dagen vermist"},"content":{"rendered":"<p>NOS Nieuws\u2022vandaag, 22:19<\/p>\n<p class=\"Paragraph-style__StyledParagraph-sc-440dfe4e-0 hYeQTX\" id=\"927384188728035\">Een Spaanse man wordt al negen dagen vermist, nadat hij in de Middellandse Zee overboord is gevallen. Zijn vrouw dobberde drie dagen rond op zee voordat ze kon worden gered, <a href=\"https:\/\/www.elmundo.es\/espana\/2026\/08\/24\/6a8b41d1e9cf4a73728b457d.html\" data-tracking=\"elementType=external-link|elementId=https:\/\/www.elmundo.es\/espana\/2026\/08\/24\/6a8b41d1e9cf4a73728b457d.html|eventType=navigation|eventName=open\" target=\"_blank\" rel=\"nofollow noopener\">schrijven(opent in nieuw venster)<\/a> Spaanse media.<\/p>\n<p class=\"Paragraph-style__StyledParagraph-sc-440dfe4e-0 hYeQTX\" id=\"111522143502752\">De 66-jarige Juan Jos\u00e9 Mutilba Obreg\u00f3n en zijn vrouw Carmen D\u00edez (67) begonnen hun zeiltocht op 17 augustus vanaf de Siciliaanse havenstad Syracuse. Het stel uit Burgos was op weg naar Pylos op het Griekse schiereiland Peloponnesos.<\/p>\n<p class=\"Paragraph-style__StyledParagraph-sc-440dfe4e-0 hYeQTX\" id=\"243067957396197\">Een dag later gleed Mutilba van de boot nadat hij een tonijn had gevangen, waarschijnlijk door  bloed van de vis dat op het dek terechtkwam.<\/p>\n<p class=\"Paragraph-style__StyledParagraph-sc-440dfe4e-0 hYeQTX\" id=\"906055899930509\">De man riep nog naar zijn vrouw om de motor uit te zetten, maar ze was dusdanig in shock dat ze &#8220;niet wist hoe of niet in staat was om op tijd te reageren&#8221;, <a href=\"https:\/\/forbes.es\/nautik\/1004508\/espanol-desaparecido-barco-italia-juan-jose-mutilba\/\" data-tracking=\"elementType=external-link|elementId=https:\/\/forbes.es\/nautik\/1004508\/espanol-desaparecido-barco-italia-juan-jose-mutilba\/|eventType=navigation|eventName=open\" target=\"_blank\" rel=\"nofollow noopener\">zei(opent in nieuw venster)<\/a> haar zoon tegen Spaanse media.<\/p>\n<p>Geen signaal<\/p>\n<p class=\"Paragraph-style__StyledParagraph-sc-440dfe4e-0 hYeQTX\" id=\"569337842340341\">D\u00edez had een pleziervaartbewijs dat ze volgens haar zoon jaren geleden had gehaald, maar ze wist niet hoe ze de catamaran moest besturen. Ze kon de zeilen daardoor niet strijken of de boot voor anker leggen. De zeilboot dreef met haar alleen aan boord stuurloos verder van de man af.<\/p>\n<p class=\"Paragraph-style__StyledParagraph-sc-440dfe4e-0 hYeQTX\" id=\"57761439891734\">De vrouw probeerde via de radio nog hulp in te schakelen, maar ze had geen bereik. Na drie dagen lukte het haar om contact te krijgen met een familievriend in Spanje. Hij schakelde de Spaanse autoriteiten in die vervolgens de Griekse en Italiaanse autoriteiten alarmeerden.<\/p>\n<p class=\"Paragraph-style__StyledParagraph-sc-440dfe4e-0 hYeQTX\" id=\"18788767873867\">Griekse patrouilleboten en een vissersschip vonden de vrouw, zo&#8217;n 33 kilometer voor de kust van Pylos. Sindsdien zijn de Italiaanse en de Griekse kustwacht bezig om de Spanjaard te vinden. Volgens Spaanse media co\u00f6rdineren de Italianen de zoektocht.<\/p>\n<p>Co\u00f6rdinaten genoteerd<\/p>\n<p class=\"Paragraph-style__StyledParagraph-sc-440dfe4e-0 hYeQTX\" id=\"680685729867408\">De vrouw was voor behandeling naar Pylos gebracht, maar is inmiddels weer teruggekeerd naar Spanje. Volgens haar zoon weigerde ze dat eerst. &#8220;Totdat papa hier is, wil ik niet terug naar Burgos&#8221;, zei haar zoon toen namens de vrouw tegen Spaanse media.<\/p>\n<p class=\"Paragraph-style__StyledParagraph-sc-440dfe4e-0 hYeQTX\" id=\"525665193824868\">Volgens <a href=\"https:\/\/www.iefimerida.gr\/english\/wifes-desperate-coordinates-fuel-search-spanish-sailor?amp\" data-tracking=\"elementType=external-link|elementId=https:\/\/www.iefimerida.gr\/english\/wifes-desperate-coordinates-fuel-search-spanish-sailor?amp|eventType=navigation|eventName=open\" target=\"_blank\" rel=\"nofollow noopener\">Griekse(opent in nieuw venster)<\/a> media noteerde de vrouw de co\u00f6rdinaten van de plek waar haar man van boord viel. Dat zou op zo&#8217;n 220 kilometer voor de Italiaanse kust zijn. In die omgeving wordt nu gezocht.<\/p>\n<p class=\"Paragraph-style__StyledParagraph-sc-440dfe4e-0 hYeQTX\" id=\"679104866942568\">De familieleden beklaagden zich over het gebrek aan informatie van de Italiaanse autoriteiten. Volgens hen werden ze slecht op de hoogte gehouden van de zoektocht.<\/p>\n<p class=\"Paragraph-style__StyledParagraph-sc-440dfe4e-0 hYeQTX\" id=\"894368745265435\">De vrees bestond dat de Italianen de zoektocht zouden staken, maar volgens Spaanse <a href=\"https:\/\/www.elcorreodeburgos.com\/burgos\/260827\/245252\/familia-mutilba-pocas-esperanzas-lamenta-falta-apoyo-gobierno-espanol.html\" data-tracking=\"elementType=external-link|elementId=https:\/\/www.elcorreodeburgos.com\/burgos\/260827\/245252\/familia-mutilba-pocas-esperanzas-lamenta-falta-apoyo-gobierno-espanol.html|eventType=navigation|eventName=open\" target=\"_blank\" rel=\"nofollow noopener\">media(opent in nieuw venster)<\/a> heeft de familie van de Italiaanse autoriteiten te horen gekregen dat de zoekactie naar Mutilba doorgaat, vooralsnog zonder resultaat.<\/p>\n","protected":false},"excerpt":{"rendered":"NOS Nieuws\u2022vandaag, 22:19 Een Spaanse man wordt al negen dagen vermist, nadat hij in de Middellandse Zee overboord&hellip;\n","protected":false},"author":2,"featured_media":295199,"comment_status":"","ping_status":"","sticky":false,"template":"","format":"standard","meta":{"footnotes":"","_share_on_mastodon":"0"},"categories":[15],"tags":[209,39,40,48,43,44,3928,34,35,1372,41,42,3966,46,47,49,45,32,33,50,914,22405,36,37,38,67,64,65,66],"class_list":["post-295198","post","type-post","status-publish","format-standard","has-post-thumbnail","category-wereld","tag-boot","tag-breaking-news","tag-breakingnews","tag-dutch","tag-featured-news","tag-featurednews","tag-griekenland","tag-headlines","tag-hoofdpunten","tag-italie","tag-latest-news","tag-latestnews","tag-man","tag-nederland","tag-nederlanden","tag-nederlands","tag-netherlands","tag-news","tag-nieuws","tag-nl","tag-spanje","tag-tonijn","tag-top-stories","tag-topstories","tag-voorpaginanieuws","tag-wereld","tag-world","tag-world-news","tag-worldnews"],"share_on_mastodon":{"url":"https:\/\/pubeurope.com\/@nl\/117169477801633210","error":""},"_links":{"self":[{"href":"https:\/\/www.europesays.com\/nl\/wp-json\/wp\/v2\/posts\/295198","targetHints":{"allow":["GET"]}}],"collection":[{"href":"https:\/\/www.europesays.com\/nl\/wp-json\/wp\/v2\/posts"}],"about":[{"href":"https:\/\/www.europesays.com\/nl\/wp-json\/wp\/v2\/types\/post"}],"author":[{"embeddable":true,"href":"https:\/\/www.europesays.com\/nl\/wp-json\/wp\/v2\/users\/2"}],"replies":[{"embeddable":true,"href":"https:\/\/www.europesays.com\/nl\/wp-json\/wp\/v2\/comments?post=295198"}],"version-history":[{"count":0,"href":"https:\/\/www.europesays.com\/nl\/wp-json\/wp\/v2\/posts\/295198\/revisions"}],"wp:featuredmedia":[{"embeddable":true,"href":"https:\/\/www.europesays.com\/nl\/wp-json\/wp\/v2\/media\/295199"}],"wp:attachment":[{"href":"https:\/\/www.europesays.com\/nl\/wp-json\/wp\/v2\/media?parent=295198"}],"wp:term":[{"taxonomy":"category","embeddable":true,"href":"https:\/\/www.europesays.com\/nl\/wp-json\/wp\/v2\/categories?post=295198"},{"taxonomy":"post_tag","embeddable":true,"href":"https:\/\/www.europesays.com\/nl\/wp-json\/wp\/v2\/tags?post=295198"}],"curies":[{"name":"wp","href":"https:\/\/api.w.org\/{rel}","templated":true}]}}