{"id":296829,"date":"2026-08-30T08:40:32","date_gmt":"2026-08-30T08:40:32","guid":{"rendered":"https:\/\/www.europesays.com\/nl\/296829\/"},"modified":"2026-08-30T08:40:32","modified_gmt":"2026-08-30T08:40:32","slug":"de-roon-verlaat-atalanta-en-wordt-bij-as-roma-herenigd-met-gasperini","status":"publish","type":"post","link":"https:\/\/www.europesays.com\/nl\/296829\/","title":{"rendered":"&#8216;De Roon verlaat Atalanta en wordt bij AS Roma herenigd met Gasperini&#8217;"},"content":{"rendered":"<p>\n                            30 augustus 2026, 08:37\n                                                    <\/p>\n<p>                                            <img decoding=\"async\" class=\"\" width=\"1560\" height=\"920\" fetchpriority=\"high\" alt=\"Marten de Roon\" src=\"https:\/\/www.europesays.com\/nl\/wp-content\/uploads\/2026\/08\/1788079232_523_q=90,g=auto,fit=contain,compression=fast,w=1560,h=920.jpeg\"\/><br \/>\n                                                                                                                                Foto: \u00a9 Imago <\/p>\n<p>                                                    <a href=\"https:\/\/www.google.com\/preferences\/source?q=fcupdate.nl\" target=\"_blank\" rel=\"noopener noreferrer nofollow\" class=\"google-favorite-cta\"><\/p>\n<p>    Maak ons je Google-favoriet<br \/>\n<\/a><\/p>\n<p>                            &#8221; href=&#8221;https:\/\/www.fcupdate.nl\/voetballers\/marten-de-roon&#8221;&gt;Marten\u00a0de\u00a0Roon staat op het punt om <a href=\"https:\/\/www.fcupdate.nl\/voetbalteams\/italie\/atalanta-bergamo\" rel=\"nofollow noopener\" target=\"_blank\">Atalanta Bergamo<\/a> te verlaten, zo meldt Fabrizio Romano. De 35-jarige middenvelder gaat zijn loopbaan vervolgen bij <a href=\"https:\/\/www.fcupdate.nl\/voetbalteams\/italie\/as-roma\" rel=\"nofollow noopener\" target=\"_blank\">AS Roma<\/a>, waar hij weer onder de trainer gaat spelen onder wie hij in Bergamo zijn beste jaren kende: <a href=\"https:\/\/www.fcupdate.nl\/voetballers\/gian-piero-gasperini\" rel=\"nofollow noopener\" target=\"_blank\">Gian Piero Gasperini<\/a>.<\/p>\n<p>De Roon staat sinds 2015 onder contract bij Atalanta, onderbroken door \u00e9\u00e9n seizoen in de Premier League bij Middlesbrough. In totaal staat de teller op 445 offici\u00eble wedstrijden namens Atalanta. In maart van dit jaar passeerde De Roon Gianpaolo Bellini als speler met de meeste duels voor Atalanta. <\/p>\n<p>            Artikel gaat verder onder video<\/p>\n<p>Bij die 445 wedstrijden gaat het echter blijven, want Romano schrijft dat De Roon vandaag (zondag) nog in Rome zal arriveren om zijn overstap naar AS Roma af te ronden. De Romeinen werden afgelopen seizoen derde in de Serie A, en zijn komend seizoen derhalve actief in de Champions League. Bij Roma wordt De Roon ploeggenoot van onder meer Donyell Malen, Devyne Rensch en Anass Salah-Eddine. Met de overstap van de middenvelder zou een bescheiden transfersom van \u00e9\u00e9n miljoen euro zijn gemoeid, die louter als bonussen zou bestaan.<\/p>\n<p>De Roon wordt door zijn transfer herenigd met Gasperini (68), de man die tussen 2016 en 2025 zijn trainer was bij Atalanta. Onder de coach maakte Atalanta een fraaie opmars door, waarbij de club vanuit het rechterrijtje aansluiting vond bij de (sub)top en structureel Europees voetbal ging spelen. In 2024 leidde Gasperini Atalanta zelfs naar de winst in de Europa League, door in de finale af te rekenen met Bayer Leverkusen (3-0).<\/p>\n<blockquote class=\"twitter-tweet\" data-fcu-embed=\"article-embed\" data-cmp-hide=\"1\" data-cmp-block=\"contentpass\" data-cmp-vendor=\"s34\" data-cmp-preview=\"500x700\">\n<p lang=\"en\" dir=\"ltr\">\ud83d\udd34\ud83d\udfe1\ud83c\uddf3\ud83c\uddf1 Marten de Roon will arrive in Roma today in order to complete his move to AS Roma from Atalanta.<\/p>\n<p>Fee will be \u20ac1m package, all bonuses. <a href=\"https:\/\/t.co\/iDzwvinEjg\" rel=\"nofollow\">pic.twitter.com\/iDzwvinEjg<\/a><\/p>\n<p>\u2014 Fabrizio Romano (@FabrizioRomano) <a href=\"https:\/\/x.com\/FabrizioRomano\/status\/2093946820049145914?ref_src=twsrc%5Etfw\" rel=\"nofollow\">August 30, 2026<\/a><\/p><\/blockquote>\n<p>                    \u27a1\ufe0f Meer Serie A nieuws<\/p>\n<p>                                                        <script async src=\"https:\/\/platform.twitter.com\/widgets.js\" charset=\"utf-8\"><\/script><\/p>\n","protected":false},"excerpt":{"rendered":"30 augustus 2026, 08:37 Foto: \u00a9 Imago Maak ons je Google-favoriet &#8221; href=&#8221;https:\/\/www.fcupdate.nl\/voetballers\/marten-de-roon&#8221;&gt;Marten\u00a0de\u00a0Roon staat op het punt om&hellip;\n","protected":false},"author":2,"featured_media":296830,"comment_status":"","ping_status":"","sticky":false,"template":"","format":"standard","meta":{"footnotes":"","_share_on_mastodon":"0"},"categories":[21],"tags":[4318,7930,48,51106,7928,46,47,49,45,50,92,91,2638],"class_list":["post-296829","post","type-post","status-publish","format-standard","has-post-thumbnail","category-sport","tag-as-roma","tag-atalanta-bergamo","tag-dutch","tag-gasperini","tag-marten-de-roon","tag-nederland","tag-nederlanden","tag-nederlands","tag-netherlands","tag-nl","tag-sport","tag-sports","tag-transfer"],"share_on_mastodon":{"url":"https:\/\/pubeurope.com\/@nl\/117183567131050926","error":""},"_links":{"self":[{"href":"https:\/\/www.europesays.com\/nl\/wp-json\/wp\/v2\/posts\/296829","targetHints":{"allow":["GET"]}}],"collection":[{"href":"https:\/\/www.europesays.com\/nl\/wp-json\/wp\/v2\/posts"}],"about":[{"href":"https:\/\/www.europesays.com\/nl\/wp-json\/wp\/v2\/types\/post"}],"author":[{"embeddable":true,"href":"https:\/\/www.europesays.com\/nl\/wp-json\/wp\/v2\/users\/2"}],"replies":[{"embeddable":true,"href":"https:\/\/www.europesays.com\/nl\/wp-json\/wp\/v2\/comments?post=296829"}],"version-history":[{"count":0,"href":"https:\/\/www.europesays.com\/nl\/wp-json\/wp\/v2\/posts\/296829\/revisions"}],"wp:featuredmedia":[{"embeddable":true,"href":"https:\/\/www.europesays.com\/nl\/wp-json\/wp\/v2\/media\/296830"}],"wp:attachment":[{"href":"https:\/\/www.europesays.com\/nl\/wp-json\/wp\/v2\/media?parent=296829"}],"wp:term":[{"taxonomy":"category","embeddable":true,"href":"https:\/\/www.europesays.com\/nl\/wp-json\/wp\/v2\/categories?post=296829"},{"taxonomy":"post_tag","embeddable":true,"href":"https:\/\/www.europesays.com\/nl\/wp-json\/wp\/v2\/tags?post=296829"}],"curies":[{"name":"wp","href":"https:\/\/api.w.org\/{rel}","templated":true}]}}