{"id":297349,"date":"2026-08-31T01:34:10","date_gmt":"2026-08-31T01:34:10","guid":{"rendered":"https:\/\/www.europesays.com\/nl\/297349\/"},"modified":"2026-08-31T01:34:10","modified_gmt":"2026-08-31T01:34:10","slug":"nog-meer-blind-getrouwd-vtm-go-pakt-uit-met-extra-beelden-tvvisie","status":"publish","type":"post","link":"https:\/\/www.europesays.com\/nl\/297349\/","title":{"rendered":"Nog meer &#039;Blind Getrouwd&#039;: VTM GO+ pakt uit met extra beelden &#8211; TVvisie"},"content":{"rendered":"<ol>\n<li><a href=\"https:\/\/news.google.com\/rss\/articles\/CBMipAFBVV95cUxQdU5oTE9GbnJka0FabzhGTUVGU2NiQTBJZ1NnS2pldVRyZXdOVWI2SS1jaDhhMlpiYWhVaktwZk1PVURaNWtzYnZmdmt1UzVuc19IQUNOejRCbldZeVNhRjczQWd0aVZTZHRkR0g0bU1RX3lZUFJmalhMNjBaSzhkSU5uRXptOHI4VEJSSFJ5VU9hQ3BtSjYwNkJlWUxoUU83VjRFMQ?oc=5\" target=\"_blank\" rel=\"nofollow noopener\">Nog meer &#8216;Blind Getrouwd&#8217;: VTM GO+ pakt uit met extra beelden<\/a>&nbsp;&nbsp;TVvisie<\/li>\n<li><a href=\"https:\/\/news.google.com\/rss\/articles\/CBMi2wFBVV95cUxPMEpmZWtpS250RTVFVkU0VlNQbTh2U1JMMVg5RzRTUmprMmdrWFdOSk0zbFl3Sk1EVFR6WXcwa1JxOTNRVHhkS0hNMXZDSFhHNExtTVQtSnBFNGZqZnBvZzI5VWlvSWF4UmhFTDhkcmVPMFE1aXRXbENFeWc3YUtvTFBoTW85eV9TWUJ5S3dVd25LSGZVdEpTN2ROQkxycEYtQkYyN0JzMHZsWnJkV2RaVERwclRkcVNCLUlic09HNE5YV1FMTHR0b3pRbmplRGo2QWV6R3VlOU9DNGs?oc=5\" target=\"_blank\" rel=\"nofollow noopener\">Frances Lefebure: \u2018Ik b\u00e9n geen VTM-boegbeeld, ik heb zelfs geen exclusiviteitscontract! Maak d\u00e1\u00e1r eens een kop van\u2019<\/a>&nbsp;&nbsp;Humo<\/li>\n<li><a href=\"https:\/\/news.google.com\/rss\/articles\/CBMixgFBVV95cUxOUVlnY3VqVkhaajhfMTBzUW1pOEhXNGtGQVFPNmZucnZDNDNPN3h2R2dFbGVkaDVLWmVpcmhrTkRTbGxDTkJhd1ZBemdWSTZ4aDRGalNGeHY5Q251TElPeEhsTUJoT1lsTm9QUV9fMXBPaWE3M2NKNW1MS2g3cTYzNzBCTEFSV0w2NDNhci1pakdUUjRvT2YwRUltMFVuQm5YWFdmUVBxNXRnYk9Eem5uZThDblJGckFXRWFYWW5VaEpXNDNNZEE?oc=5\" target=\"_blank\" rel=\"nofollow noopener\">KIJK. Nieuwe \u2018Blind getrouwd\u2019-koppels dansen met oud-deelnemers op openingsdans van Stijn en Nuria<\/a>&nbsp;&nbsp;HLN<\/li>\n<li><a href=\"https:\/\/news.google.com\/rss\/articles\/CBMijgFBVV95cUxQMWsyTmNZZ0c3NEl6WnFybWpDT2t2NUhYTzVGVXJOcWUtbmE0VEcwTmppQnRiSzczdmRfVERmb0tTY0tjaGl0R0V3QVBEZjhRWXFWR0RobnhNWDNFS05HTzhBVkpPMWFYTnBieXU4Q293TnE3cko0Z05leGd2YTJuUHZjZTNlX0w4UHRkQXh3?oc=5\" target=\"_blank\" rel=\"nofollow noopener\">\u2018Blind Getrouwd\u2019: er zit haar in de boter tussen Elke en Denzel<\/a>&nbsp;&nbsp;flair.be<\/li>\n<li><a href=\"https:\/\/news.google.com\/rss\/articles\/CBMiqwJBVV95cUxNMXVjMDdLRjU2TmJrS25SbDVPWElrMzdiZXZhSGNnTXQxUmxsUUUtQnlmX3pJTmlPcTM5SVNXWW9OU1BId2p6aEdELUR3enowRFh5dXhac3h1ZHg3a0hDcGlIQjBxTVNvelRPMlphNkFHNlM1QWROamJzUFgtM2dWbkhrSGRXdkxGLXE3ckowal9PNEVKTVJfOWtGbnJvcVFlUjZFbEE1WTRqNXF4eEZKd2RmQWVfMTJpSmgyV2hNTjBqREY0VWhuYXR3TUN4UGVDbVVnZnUyTnFBQldNYkZEMGUtaW1mYWVDOUtJWmpXUXMwTmRUcWdZNTlBVk8xckgtQ0RsQXc5ZmZmcGNhenRsc25adXNJQ0RRZmJqNHF1OTJzX1BkQm1CdmFfSQ?oc=5\" target=\"_blank\" rel=\"nofollow noopener\">\u2018Blind getrouwd\u2019-deelnemers vieren re\u00fcnie in trouwkostuum en bruidsjurk: \u201cHet volgende re\u00fcniefeest mogen de nieuwe kandidaten organiseren\u201d<\/a>&nbsp;&nbsp;Nieuwsblad<\/li>\n<\/ol>\n","protected":false},"excerpt":{"rendered":"Nog meer &#8216;Blind Getrouwd&#8217;: VTM GO+ pakt uit met extra beelden&nbsp;&nbsp;TVvisie Frances Lefebure: \u2018Ik b\u00e9n geen VTM-boegbeeld, ik&hellip;\n","protected":false},"author":2,"featured_media":297350,"comment_status":"","ping_status":"","sticky":false,"template":"","format":"standard","meta":{"footnotes":"","_share_on_mastodon":"0"},"categories":[28],"tags":[99,48,98,46,47,49,45,50,124],"class_list":["post-297349","post","type-post","status-publish","format-standard","has-post-thumbnail","category-tv","tag-amusement","tag-dutch","tag-entertainment","tag-nederland","tag-nederlanden","tag-nederlands","tag-netherlands","tag-nl","tag-tv"],"share_on_mastodon":{"url":"https:\/\/pubeurope.com\/@nl\/117187553745259685","error":""},"_links":{"self":[{"href":"https:\/\/www.europesays.com\/nl\/wp-json\/wp\/v2\/posts\/297349","targetHints":{"allow":["GET"]}}],"collection":[{"href":"https:\/\/www.europesays.com\/nl\/wp-json\/wp\/v2\/posts"}],"about":[{"href":"https:\/\/www.europesays.com\/nl\/wp-json\/wp\/v2\/types\/post"}],"author":[{"embeddable":true,"href":"https:\/\/www.europesays.com\/nl\/wp-json\/wp\/v2\/users\/2"}],"replies":[{"embeddable":true,"href":"https:\/\/www.europesays.com\/nl\/wp-json\/wp\/v2\/comments?post=297349"}],"version-history":[{"count":0,"href":"https:\/\/www.europesays.com\/nl\/wp-json\/wp\/v2\/posts\/297349\/revisions"}],"wp:featuredmedia":[{"embeddable":true,"href":"https:\/\/www.europesays.com\/nl\/wp-json\/wp\/v2\/media\/297350"}],"wp:attachment":[{"href":"https:\/\/www.europesays.com\/nl\/wp-json\/wp\/v2\/media?parent=297349"}],"wp:term":[{"taxonomy":"category","embeddable":true,"href":"https:\/\/www.europesays.com\/nl\/wp-json\/wp\/v2\/categories?post=297349"},{"taxonomy":"post_tag","embeddable":true,"href":"https:\/\/www.europesays.com\/nl\/wp-json\/wp\/v2\/tags?post=297349"}],"curies":[{"name":"wp","href":"https:\/\/api.w.org\/{rel}","templated":true}]}}