{"id":297541,"date":"2026-08-31T10:47:20","date_gmt":"2026-08-31T10:47:20","guid":{"rendered":"https:\/\/www.europesays.com\/nl\/297541\/"},"modified":"2026-08-31T10:47:20","modified_gmt":"2026-08-31T10:47:20","slug":"russische-politicus-haalt-uit-naar-russen-die-het-land-verlaten-uit-vrees-voor-mobilisatie","status":"publish","type":"post","link":"https:\/\/www.europesays.com\/nl\/297541\/","title":{"rendered":"Russische politicus haalt uit naar Russen die het land verlaten uit vrees voor mobilisatie"},"content":{"rendered":"<p>    Lees voor<\/p>\n<p>Key takeaways<\/p>\n<ul class=\"wp-block-list\">\n<li>Rusland maakt zich geen zorgen over burgers die het land verlaten uit vrees voor een nieuwe mobilisatie.<\/li>\n<li>Offici\u00eble ontkenningen van een nieuwe mobilisatie staan haaks op de enorme toename van het aantal grensovergangen.<\/li>\n<li>De Oekra\u00efense inlichtingendienst waarschuwt dat Rusland zijn troepenmacht tot 2027 fors wil uitbreiden.<\/li>\n<\/ul>\n<p class=\"wp-block-paragraph\">Viktor Sobolev, lid van de Defensiecommissie van de Doema, verklaarde onlangs dat Rusland geen behoefte heeft aan burgers die ervoor kiezen het land te ontvluchten. Hij suggereerde dat degenen die vertrekken op basis van geruchten over mogelijke nieuwe militaire dienstplicht, niet nodig zijn voor het land. Dat meldt <a href=\"https:\/\/ru.themoscowtimes.com\/2026\/08\/29\/vgosdume-nazvali-nenuzhnimi-rossiyan-uezzhayuschih-iz-za-sluhov-omobilizatsii-a204711\" data-type=\"link\" data-id=\"https:\/\/ru.themoscowtimes.com\/2026\/08\/29\/vgosdume-nazvali-nenuzhnimi-rossiyan-uezzhayuschih-iz-za-sluhov-omobilizatsii-a204711\" target=\"_blank\" rel=\"noreferrer noopener nofollow\">The Moscow Times<\/a>.<\/p>\n<p class=\"wp-block-paragraph\">Sobolev stelde dat als mensen zo\u2019n minachting voor hun vaderland koesteren dat ze op basis van louter geruchten vluchten, ze vrij zijn om te vertrekken.<\/p>\n<p>Offici\u00eble ontkenning van mobilisatie<\/p>\n<p class=\"wp-block-paragraph\">Ondanks deze vertrekken ontkende de wetgever dat de regering van plan is een nieuwe mobilisatie in te leiden. <\/p>\n<p class=\"wp-block-paragraph\">Hij verduidelijkte dat rekruteringscentra in de hele federatie zich momenteel richten op de doelstelling van de Generale Staf om <a href=\"https:\/\/businessam.be\/rusland-rekruteert-dagelijks-meer-dan-1-000-nieuwe-soldaten-maar-verliest-er-in-oekraine-veel-meer\/\" data-type=\"link\" data-id=\"https:\/\/businessam.be\/rusland-rekruteert-dagelijks-meer-dan-1-000-nieuwe-soldaten-maar-verliest-er-in-oekraine-veel-meer\/\" rel=\"nofollow noopener\" target=\"_blank\">professionele contractsoldaten<\/a> aan te trekken, waardoor verdere verplichte dienstplicht op dit moment overbodig is.<\/p>\n<p>Forse stijging van het aantal vertrekkers<\/p>\n<p class=\"wp-block-paragraph\">De feitelijke migratiepatronen wijzen echter op wijdverbreide onrust. Gegevens van de Federale Douanedienst wijzen op een enorme toename van het aantal vertrekken, waarbij in \u00e9\u00e9n week tijd meer dan 113.000 Russen Georgi\u00eb binnenkwamen via de grensovergang bij Verkhny Lars. <\/p>\n<p class=\"wp-block-paragraph\">Alleen al op 20 augustus staken meer dan 20.000 personen de grens over, wat een aanzienlijke stijging betekent ten opzichte van historische trends.<\/p>\n<p>Tegenstrijdige indicatoren<\/p>\n<p class=\"wp-block-paragraph\">Hoewel functionarissen een nieuwe dienstplicht ontkennen, wijzen verschillende indicatoren op het tegendeel. De staat heeft zijn inspanningen opgevoerd om informatie over reservisten te verzamelen, de bevoegdheden van de Nationale Garde versterkt en de werving van contractmilitairen versneld. <\/p>\n<p class=\"wp-block-paragraph\">Bovendien beweert inlichtingeninformatie uit Oekra\u00efne dat het Kremlin zich voorbereidt om in de loop van 2026 en 2027 nog eens 600.000 soldaten te mobiliseren. (lv)<\/p>\n<p class=\"wp-block-paragraph\"><a href=\"https:\/\/news.google.com\/publications\/CAow87yUCw?hl=nl&amp;gl=BE&amp;ceid=BE%3Anl\" target=\"_blank\" rel=\"nofollow noopener\">Volg Business AM ook op Google Nieuws<\/a><\/p>\n<p class=\"wp-block-paragraph\"><a href=\"https:\/\/portal.businessam.be\/plans\/business-am-zomer-aanbieding\/\" target=\"_blank\" rel=\"nofollow noopener\">Wil je toegang tot alle artikelen, geniet tijdelijk van onze promo en abonneer je hier!<\/a><\/p>\n<p><a href=\"https:\/\/www.google.com\/preferences\/source?q=businessam.be\" target=\"_blank\" rel=\"noopener noreferrer nofollow\" class=\"google-preferred-badge\"><br \/>\n    <img decoding=\"async\" src=\"https:\/\/www.europesays.com\/nl\/wp-content\/uploads\/2026\/08\/1788173240_939_google_preferred_source_badge_dark_BAM_nl.png\" alt=\"Voeg businessam.be toe als preferred source op Google\" style=\"max-width: 50%; height: auto; border: 0; display: block; margin: 30px 0;\"\/><br \/>\n<\/a><\/p>\n","protected":false},"excerpt":{"rendered":"Lees voor Key takeaways Rusland maakt zich geen zorgen over burgers die het land verlaten uit vrees voor&hellip;\n","protected":false},"author":2,"featured_media":297542,"comment_status":"","ping_status":"","sticky":false,"template":"","format":"standard","meta":{"footnotes":"","_share_on_mastodon":"0"},"categories":[15],"tags":[39,40,48,43,44,34,35,41,42,46,47,49,45,32,33,50,321,155,36,37,38,67,64,65,66],"class_list":["post-297541","post","type-post","status-publish","format-standard","has-post-thumbnail","category-wereld","tag-breaking-news","tag-breakingnews","tag-dutch","tag-featured-news","tag-featurednews","tag-headlines","tag-hoofdpunten","tag-latest-news","tag-latestnews","tag-nederland","tag-nederlanden","tag-nederlands","tag-netherlands","tag-news","tag-nieuws","tag-nl","tag-oekraine","tag-rusland","tag-top-stories","tag-topstories","tag-voorpaginanieuws","tag-wereld","tag-world","tag-world-news","tag-worldnews"],"share_on_mastodon":{"url":"https:\/\/pubeurope.com\/@nl\/117189728729481888","error":""},"_links":{"self":[{"href":"https:\/\/www.europesays.com\/nl\/wp-json\/wp\/v2\/posts\/297541","targetHints":{"allow":["GET"]}}],"collection":[{"href":"https:\/\/www.europesays.com\/nl\/wp-json\/wp\/v2\/posts"}],"about":[{"href":"https:\/\/www.europesays.com\/nl\/wp-json\/wp\/v2\/types\/post"}],"author":[{"embeddable":true,"href":"https:\/\/www.europesays.com\/nl\/wp-json\/wp\/v2\/users\/2"}],"replies":[{"embeddable":true,"href":"https:\/\/www.europesays.com\/nl\/wp-json\/wp\/v2\/comments?post=297541"}],"version-history":[{"count":0,"href":"https:\/\/www.europesays.com\/nl\/wp-json\/wp\/v2\/posts\/297541\/revisions"}],"wp:featuredmedia":[{"embeddable":true,"href":"https:\/\/www.europesays.com\/nl\/wp-json\/wp\/v2\/media\/297542"}],"wp:attachment":[{"href":"https:\/\/www.europesays.com\/nl\/wp-json\/wp\/v2\/media?parent=297541"}],"wp:term":[{"taxonomy":"category","embeddable":true,"href":"https:\/\/www.europesays.com\/nl\/wp-json\/wp\/v2\/categories?post=297541"},{"taxonomy":"post_tag","embeddable":true,"href":"https:\/\/www.europesays.com\/nl\/wp-json\/wp\/v2\/tags?post=297541"}],"curies":[{"name":"wp","href":"https:\/\/api.w.org\/{rel}","templated":true}]}}