{"id":298140,"date":"2026-09-01T03:13:24","date_gmt":"2026-09-01T03:13:24","guid":{"rendered":"https:\/\/www.europesays.com\/nl\/298140\/"},"modified":"2026-09-01T03:13:24","modified_gmt":"2026-09-01T03:13:24","slug":"geruchtenmolen-ajax-doet-navraag-naar-24-jarige-linksbuiten-van-sunderland","status":"publish","type":"post","link":"https:\/\/www.europesays.com\/nl\/298140\/","title":{"rendered":"Geruchtenmolen: &#8216;Ajax doet navraag naar 24-jarige linksbuiten van Sunderland&#8217;"},"content":{"rendered":"<p>De transfermarkt draait op volle toeren. De geruchten rondom <a href=\"https:\/\/www.ajaxshowtime.com\/ajax\" title=\"Ajax\" rel=\"nofollow noopener\" target=\"_blank\">Ajax<\/a> nemen de komende periode dan ook flink toe. In de <a href=\"https:\/\/www.ajaxshowtime.com\/geruchtenmolen\" title=\"geruchtenmolen\" rel=\"nofollow noopener\" target=\"_blank\">Geruchtenmolen<\/a> lees je <a href=\"https:\/\/www.ajaxshowtime.com\/bijzaken-en-geruchten\/geruchtenmolen-rodriguez-blijft-bij-club-america-ondanks-interesse-van-ajax\" target=\"_self\" rel=\"nofollow noopener\">de laatste transfergeruchten rond Ajax<\/a>, maar denk eraan: neem het soms met een korreltje zout!<a href=\"https:\/\/uittenue.ajax.nl\/?utm_source=affiliate&amp;utm_medium=ajaxshowtime&amp;utm_campaign=uitshirt_lancering_26_27\" rel=\"nofollow noopener\" target=\"_blank\">Ajax heeft het nieuwe uittenue gepresenteerd! Bestel het nieuwe uitshirt nu!<\/a>Maandag 31 augustus&#8217;Ajax doet navraag naar 24-jarige linksbuiten van Sunderland&#8217;Ajax heeft navraag gedaan naar <a href=\"https:\/\/www.ajaxshowtime.com\/simon-adingra\" title=\"Simon Adingra\" rel=\"nofollow noopener\" target=\"_blank\">Simon Adingra<\/a>, zo schrijft Mike McGrath namens <a href=\"https:\/\/x.com\/mcgrathmike\/status\/2094507488527724820\" target=\"_blank\" rel=\"nofollow\">The Telegraph<\/a>. Het betreft een 24-jarige buitenspeler van Sunderland, die tijdens het afgelopen seizoen op huurbasis actief was bij AS Monaco. Voor die club speelde de linksbuiten vorig seizoen zeventien wedstrijden en daarin was hij goed voor drie doelpunten en twee assists.<\/p>\n<p>Het is nog niet bekend wat Adingra, die logischerwijs de opvolger van Mika Godts zou moeten worden, moet kosten. De website Transfermarkt schat zijn transferwaarde in op 22 miljoen euro, al vallen transferbedragen vrijwel altijd hoger of lager uit dan die inschatting. Bij Sunderland is de buitenspeler teamgenoot van voormalig Ajax-speler Brian Brobbey.<\/p>\n<p>&#8216;Ajax trekt zich ondanks persoonlijk akkoord terug uit strijd om Ounahi&#8217;Ajax lijkt zich niet langer te mengen in de strijd om de handtekening van Azzedine Ounahi, zo blijkt uit berichtgeving van Ivan Quir\u00f3s op <a href=\"https:\/\/x.com\/QuirosRuiz\/status\/2094406712891482592\" target=\"_blank\" rel=\"nofollow\">X<\/a>. De journalist weet te melden dat de Amsterdamse club een persoonlijk akkoord had bereikt met de middenvelder, maar een deal met Girona &#8211; de huidige club van de Marokkaan &#8211; werd nog niet gesloten.<\/p>\n<p>Tekst gaat verder onder het X-bericht.<\/p>\n<p>In de afgelopen uren zijn het vooral Panathinaikos en PSV die doorzetten als het gaat om het aantrekken van Ounahi. In Griekenland kan de creatieveling de bestbetaalde speler van het land worden. Intussen is Ajax dus afgehaakt in de strijd om Ounahi. Girona hoopt in de slotfase van de transfermarkt nog op een krachtig voorstel van een andere club.<\/p>\n<p>&#8216;Bayern-verdediger Ito zou bij Ajax zijn aangeboden&#8217;<\/p>\n<p>Bayern M\u00fcnchen-verdediger Hiroki Ito zou door zijn management bij Ajax zijn aangeboden. Dat meldt de Duitse journalist Philipp Kessler, die onder meer schrijft voor Absolut Fussball. Ito is een 27-jarige Japanse verdediger die sinds de zomer van 2024 bij Bayern M\u00fcnchen speelt. Eerder kwam hij uit voor VfB Stuttgart. Bij zijn huidige club Bayern M\u00fcnchen wordt hij op dit moment als overbodig gezien. Twee jaar geleden betaalde Bayern M\u00fcnchen nog 23,5 miljoen euro voor de Japanner.<\/p>\n<p>&#8216;Ajax waagde bod op aanvaller Sainz, maar FC Porto wijst bod af&#8217;Ajax zou een poging hebben ondernomen om Borja Sainz van <a href=\"https:\/\/www.ajaxshowtime.com\/fc-porto\" title=\"FC Porto\" rel=\"nofollow noopener\" target=\"_blank\">FC Porto<\/a> over te nemen. Dat meldt de Italiaanse journalist Matteo Moretto via X. FC Porto zou het bod op de aanvaller echter hebben afgewezen. Moretto schrijft ook over het afketsen van de transfer van Youri Baas. FC Porto wilde de verdediger graag overnemen van Ajax, maar <a href=\"https:\/\/www.ajaxshowtime.com\/bijzaken-en-geruchten\/baas-lijkt-bij-ajax-te-blijven-voorstel-fc-porto-onvoldoende-om-mee-te-werken\" target=\"_self\" rel=\"nofollow noopener\">de onderhandelingen zijn stopgezet.<\/a><\/p>\n","protected":false},"excerpt":{"rendered":"De transfermarkt draait op volle toeren. De geruchten rondom Ajax nemen de komende periode dan ook flink toe.&hellip;\n","protected":false},"author":2,"featured_media":298141,"comment_status":"","ping_status":"","sticky":false,"template":"","format":"standard","meta":{"footnotes":"","_share_on_mastodon":"0"},"categories":[21],"tags":[166,46829,48,4726,46830,46,47,49,45,50,51323,92,91],"class_list":["post-298140","post","type-post","status-publish","format-standard","has-post-thumbnail","category-sport","tag-ajax","tag-bijzaken-en-geruchten","tag-dutch","tag-fc-porto","tag-geruchtenmolen","tag-nederland","tag-nederlanden","tag-nederlands","tag-netherlands","tag-nl","tag-simon-adingra","tag-sport","tag-sports"],"share_on_mastodon":{"url":"https:\/\/pubeurope.com\/@nl\/117193605454337548","error":""},"_links":{"self":[{"href":"https:\/\/www.europesays.com\/nl\/wp-json\/wp\/v2\/posts\/298140","targetHints":{"allow":["GET"]}}],"collection":[{"href":"https:\/\/www.europesays.com\/nl\/wp-json\/wp\/v2\/posts"}],"about":[{"href":"https:\/\/www.europesays.com\/nl\/wp-json\/wp\/v2\/types\/post"}],"author":[{"embeddable":true,"href":"https:\/\/www.europesays.com\/nl\/wp-json\/wp\/v2\/users\/2"}],"replies":[{"embeddable":true,"href":"https:\/\/www.europesays.com\/nl\/wp-json\/wp\/v2\/comments?post=298140"}],"version-history":[{"count":0,"href":"https:\/\/www.europesays.com\/nl\/wp-json\/wp\/v2\/posts\/298140\/revisions"}],"wp:featuredmedia":[{"embeddable":true,"href":"https:\/\/www.europesays.com\/nl\/wp-json\/wp\/v2\/media\/298141"}],"wp:attachment":[{"href":"https:\/\/www.europesays.com\/nl\/wp-json\/wp\/v2\/media?parent=298140"}],"wp:term":[{"taxonomy":"category","embeddable":true,"href":"https:\/\/www.europesays.com\/nl\/wp-json\/wp\/v2\/categories?post=298140"},{"taxonomy":"post_tag","embeddable":true,"href":"https:\/\/www.europesays.com\/nl\/wp-json\/wp\/v2\/tags?post=298140"}],"curies":[{"name":"wp","href":"https:\/\/api.w.org\/{rel}","templated":true}]}}