{"id":298529,"date":"2026-09-01T14:53:19","date_gmt":"2026-09-01T14:53:19","guid":{"rendered":"https:\/\/www.europesays.com\/nl\/298529\/"},"modified":"2026-09-01T14:53:19","modified_gmt":"2026-09-01T14:53:19","slug":"mees-de-wit-van-az-alternatief-voor-borna-sosa-bij-1-fc-koln","status":"publish","type":"post","link":"https:\/\/www.europesays.com\/nl\/298529\/","title":{"rendered":"Mees de Wit van AZ alternatief voor Borna Sosa bij 1.FC K\u00f6ln"},"content":{"rendered":"<p class=\"intro\">Mees de Wit vertrekt vlak voor het sluiten van de transfermarkt mogelijk t\u00f3ch nog uit Alkmaar. Bundesliga-club 1.FC K\u00f6ln heeft z&#8217;n oog laten vallen op de linksback van AZ. Dat melden verschillende Duitse transferjournalisten dinsdag.<\/p>\n<p>Bundesliga-clubs hebben tot dinsdagavond 20.00 uur de tijd om inkomende deals af te ronden. K\u00f6ln is op zoek naar een nieuwe vleugelverdediger. Sky meldde eerder al dat Borna Sosa (Crystal Palace) <a target=\"_self\" href=\"https:\/\/www.voetbalprimeur.nl\/nieuws\/2130064\/ajax-flop-borna-sosa-kan-op-deadline-day-terugkeren-naar-de-bundesliga.html\" rel=\"nofollow noopener\">op de radar is verschenen<\/a>. Mocht de komst van de Kroaat uiteindelijk niet haalbaar blijken of stranden, dan schakelt K\u00f6ln mogelijk door naar De Wit.<\/p>\n<p>De 28-jarige De Wit staat al de gehele zomer op de nominatie om te vertrekken uit Alkmaar. Tot op heden bleef het echter stil rond de voormalig speler van PEC Zwolle en Ajax. AZ anticipeerde op een verkoop door Sam de Grand over te nemen van SK Lommel.<\/p>\n<p>Op de linkerflank in de Alkmaarse defensie kiest trainer Leeroy Echteld momenteel voor Mexicaans international Mateo Ch\u00e1vez. Hij was in vier duels al goed voor drie assists en \u00e9\u00e9n goal.<\/p>\n","protected":false},"excerpt":{"rendered":"Mees de Wit vertrekt vlak voor het sluiten van de transfermarkt mogelijk t\u00f3ch nog uit Alkmaar. Bundesliga-club 1.FC&hellip;\n","protected":false},"author":2,"featured_media":298530,"comment_status":"","ping_status":"","sticky":false,"template":"","format":"standard","meta":{"footnotes":"","_share_on_mastodon":"0"},"categories":[21],"tags":[11906,168,7835,48,48930,46,47,49,45,50,92,91],"class_list":["post-298529","post","type-post","status-publish","format-standard","has-post-thumbnail","category-sport","tag-1-fc-koln","tag-az","tag-bundesliga","tag-dutch","tag-mees-de-wit","tag-nederland","tag-nederlanden","tag-nederlands","tag-netherlands","tag-nl","tag-sport","tag-sports"],"share_on_mastodon":{"url":"https:\/\/pubeurope.com\/@nl\/117196358411149221","error":""},"_links":{"self":[{"href":"https:\/\/www.europesays.com\/nl\/wp-json\/wp\/v2\/posts\/298529","targetHints":{"allow":["GET"]}}],"collection":[{"href":"https:\/\/www.europesays.com\/nl\/wp-json\/wp\/v2\/posts"}],"about":[{"href":"https:\/\/www.europesays.com\/nl\/wp-json\/wp\/v2\/types\/post"}],"author":[{"embeddable":true,"href":"https:\/\/www.europesays.com\/nl\/wp-json\/wp\/v2\/users\/2"}],"replies":[{"embeddable":true,"href":"https:\/\/www.europesays.com\/nl\/wp-json\/wp\/v2\/comments?post=298529"}],"version-history":[{"count":0,"href":"https:\/\/www.europesays.com\/nl\/wp-json\/wp\/v2\/posts\/298529\/revisions"}],"wp:featuredmedia":[{"embeddable":true,"href":"https:\/\/www.europesays.com\/nl\/wp-json\/wp\/v2\/media\/298530"}],"wp:attachment":[{"href":"https:\/\/www.europesays.com\/nl\/wp-json\/wp\/v2\/media?parent=298529"}],"wp:term":[{"taxonomy":"category","embeddable":true,"href":"https:\/\/www.europesays.com\/nl\/wp-json\/wp\/v2\/categories?post=298529"},{"taxonomy":"post_tag","embeddable":true,"href":"https:\/\/www.europesays.com\/nl\/wp-json\/wp\/v2\/tags?post=298529"}],"curies":[{"name":"wp","href":"https:\/\/api.w.org\/{rel}","templated":true}]}}