{"id":298613,"date":"2026-09-01T16:52:25","date_gmt":"2026-09-01T16:52:25","guid":{"rendered":"https:\/\/www.europesays.com\/nl\/298613\/"},"modified":"2026-09-01T16:52:25","modified_gmt":"2026-09-01T16:52:25","slug":"twaalf-doden-na-russische-aanvallen-nieuwe-drones-met-straalmotor-lastiger-te-onderscheppen","status":"publish","type":"post","link":"https:\/\/www.europesays.com\/nl\/298613\/","title":{"rendered":"Twaalf doden na Russische aanvallen, \u2018nieuwe drones met straalmotor lastiger te onderscheppen\u2019"},"content":{"rendered":"<p>In Oekra\u00efne zijn door Russische aanvallen met drones en raketten de afgelopen nacht twaalf doden en tientallen gewonden gevallen. Dat <a href=\"https:\/\/x.com\/ZelenskyyUa\/status\/2094672472146633082\" rel=\"nofollow\">meldt de Oekra\u00efense president Volodymyr Zelensky op X<\/a>. De aanvallen waren voornamelijk gericht op de hoofdstad Kyiv en omgeving. Ook in de regio Odessa voerde Rusland aanvallen uit. Als gevolg daarvan kwamen volgens Zelensky duizenden gezinnen zonder stroom te zitten.<\/p>\n<p>Het is de zesde dag op rij dat Rusland de Oekra\u00efense hoofdstad bestookt, schrijft The Guardian. Volgens de Britse krant <a href=\"https:\/\/www.theguardian.com\/world\/2026\/aug\/31\/russia-fires-jet-powered-drones-ukraine\" rel=\"nofollow noopener\" target=\"_blank\">vuurde<\/a> Rusland de afgelopen vier dagen zo\u2019n 800 Shahed-drones met straalmotor op Oekra\u00efne af. In totaal vuurde Rusland volgens een woordvoerder van de Oekra\u00efense luchtmacht in augustus meer dan 2.800 van dit soort drones af.<\/p>\n<p>Deze nieuwe modellen zijn bijna twee keer zo snel als hun voorganger met propellermotor. Ook zijn ze sneller dan de goedkope onderscheppingsraketten van Oekra\u00efne. Daardoor zijn ze volgens Kyiv moeilijker te stoppen: dat lukt slechts in zo\u2019n 60 procent van de gevallen, aldus de luchtmachtwoordvoerder. Met deze drones zou Rusland langdurige aanvalsgolven kunnen volhouden.<\/p>\n<p>Daar staat tegenover dat de Russische defensie-uitgaven inmiddels hoog oplopen. Dat schrijft het Duitse blad Der Spiegel. Hoewel de Russische defensieminister de belofte had gedaan de uitgaven te minderen, blijkt uit een analyse van Janis Kluge, econoom en Ruslandexpert bij het Duitse Insituut voor Internationale en Veiligheidszaken (SWP), dat de kosten in het eerste halfjaar van 2026 met 30 procent zijn gestegen.<\/p>\n<p>Als die ontwikkeling zich voortzet, zouden de defensie-uitgaven \u201ein december meer dan negen procent van het bruto binnenlands product van Rusland kunnen bedragen, een nieuw record in de post-Sovjet-geschiedenis van Rusland\u201d, zegt Kluge tegen Der Spiegel.<\/p>\n<p>Ondertussen voert Oekra\u00efne ook aanvallen uit op Rusland. Zo raakten Oekra\u00efense drones volgens persbureau ANP onder meer een exporthaven in de havenstad Oest-Loega. De Oekra\u00efense commandant van de dronestrijdkrachten Robert Brovdi <a href=\"https:\/\/t.me\/robert_magyar\/2782\" rel=\"nofollow\">meldt<\/a> daarnaast op Telegram dat Oekra\u00efense drones in augustus in totaal 54 olietankers van de Russische schaduwvloot hebben geraakt.<\/p>\n<p><a class=\"dmt-article-suggestion\" data-article-id=\"4903434\" data-track-block-click=\"Liveblog\" href=\"https:\/\/www.nrc.nl\/nieuws\/2025\/08\/19\/oekraineblog-19-aug-a4903434\" rel=\"nofollow noopener\" target=\"_blank\"><\/p>\n<p>\nLiveblog<br \/>\nOorlog in Oekra\u00efne\n<\/p>\n<p>                                Twaalf doden na Russische aanvallen, \u2018nieuwe drones met straalmotor lastiger te onderscheppen\u2019<\/p>\n<p><\/a><\/p>\n<p>Geef cadeau<\/p>\n<p>Deel<\/p>\n<p>Mail de redactie<\/p>\n","protected":false},"excerpt":{"rendered":"In Oekra\u00efne zijn door Russische aanvallen met drones en raketten de afgelopen nacht twaalf doden en tientallen gewonden&hellip;\n","protected":false},"author":2,"featured_media":298614,"comment_status":"","ping_status":"","sticky":false,"template":"","format":"standard","meta":{"footnotes":"","_share_on_mastodon":"0"},"categories":[15],"tags":[39,40,48,43,44,34,35,41,42,46,47,49,45,32,33,50,36,37,38,67,64,65,66],"class_list":["post-298613","post","type-post","status-publish","format-standard","has-post-thumbnail","category-wereld","tag-breaking-news","tag-breakingnews","tag-dutch","tag-featured-news","tag-featurednews","tag-headlines","tag-hoofdpunten","tag-latest-news","tag-latestnews","tag-nederland","tag-nederlanden","tag-nederlands","tag-netherlands","tag-news","tag-nieuws","tag-nl","tag-top-stories","tag-topstories","tag-voorpaginanieuws","tag-wereld","tag-world","tag-world-news","tag-worldnews"],"share_on_mastodon":{"url":"https:\/\/pubeurope.com\/@nl\/117196826108328064","error":""},"_links":{"self":[{"href":"https:\/\/www.europesays.com\/nl\/wp-json\/wp\/v2\/posts\/298613","targetHints":{"allow":["GET"]}}],"collection":[{"href":"https:\/\/www.europesays.com\/nl\/wp-json\/wp\/v2\/posts"}],"about":[{"href":"https:\/\/www.europesays.com\/nl\/wp-json\/wp\/v2\/types\/post"}],"author":[{"embeddable":true,"href":"https:\/\/www.europesays.com\/nl\/wp-json\/wp\/v2\/users\/2"}],"replies":[{"embeddable":true,"href":"https:\/\/www.europesays.com\/nl\/wp-json\/wp\/v2\/comments?post=298613"}],"version-history":[{"count":0,"href":"https:\/\/www.europesays.com\/nl\/wp-json\/wp\/v2\/posts\/298613\/revisions"}],"wp:featuredmedia":[{"embeddable":true,"href":"https:\/\/www.europesays.com\/nl\/wp-json\/wp\/v2\/media\/298614"}],"wp:attachment":[{"href":"https:\/\/www.europesays.com\/nl\/wp-json\/wp\/v2\/media?parent=298613"}],"wp:term":[{"taxonomy":"category","embeddable":true,"href":"https:\/\/www.europesays.com\/nl\/wp-json\/wp\/v2\/categories?post=298613"},{"taxonomy":"post_tag","embeddable":true,"href":"https:\/\/www.europesays.com\/nl\/wp-json\/wp\/v2\/tags?post=298613"}],"curies":[{"name":"wp","href":"https:\/\/api.w.org\/{rel}","templated":true}]}}