{"id":298621,"date":"2026-09-01T17:03:17","date_gmt":"2026-09-01T17:03:17","guid":{"rendered":"https:\/\/www.europesays.com\/nl\/298621\/"},"modified":"2026-09-01T17:03:17","modified_gmt":"2026-09-01T17:03:17","slug":"rudiger-zet-punt-achter-interlandcarriere-bij-duitsland","status":"publish","type":"post","link":"https:\/\/www.europesays.com\/nl\/298621\/","title":{"rendered":"R\u00fcdiger zet punt achter interlandcarri\u00e8re bij Duitsland"},"content":{"rendered":"<p class=\"intro\">Antonio R\u00fcdiger zet een punt achter zijn interlandcarri\u00e8re voor Duitsland, zo maakt de verdediger dinsdag bekend via zijn sociale media. De 33-jarige Duitser kwam in totaal tot 86 interlands.<\/p>\n<p>De routinier van Real Madrid reisde deze zomer nog met Duitsland af naar Amerika voor het WK, maar kondigt nu zijn afscheid aan. &#8216;Na een periode van reflectie is het tijd voor mij om mijn carri\u00e8re in het nationale elftal te be\u00ebindigen en plaats te maken voor de jonge generatie&#8217;, begint R\u00fcdiger op zijn Instagram.<\/p>\n<p>&#8216;Toen ik in 2014 voor het eerst het DFB-tenue droeg, had ik nooit kunnen voorstellen dat het uiteindelijk zou leiden tot 86 interlands&#8217;, vervolgt de verdediger. &#8216;Ook al werd de grote titel gemist in de laatste toernooien en moesten we pijnlijke nederlagen doorstaan, het was voor mij een bijzonder hoofdstuk dat mij voor altijd zal vormen.&#8217;<\/p>\n<p>Onder zijn post dankt R\u00fcdiger onder meer zijn teamgenoten, de bondscoaches waaronder hij interlands heeft gespeeld en de fans. &#8216;Voor mij begint nu een nieuw hoofdstuk, waarin ik me volledig ga focussen op mijn club. Bedankt voor de reis samen.&#8217;<\/p>\n<p>De Duitse centrale verdediger is voorlopig nog niet van plan om zijn voetbalschoenen aan de wilgen te hangen. In juni maakte zijn huidige club Real Madrid bekend dat het contract van R\u00fcdiger met een jaar is verlengd. Dat betekent dat de Duitse verdediger nog tot medio 2027 vastligt in de Spaanse hoofdstad. <\/p>\n<p>Ook interessant voor jou<\/p>\n","protected":false},"excerpt":{"rendered":"Antonio R\u00fcdiger zet een punt achter zijn interlandcarri\u00e8re voor Duitsland, zo maakt de verdediger dinsdag bekend via zijn&hellip;\n","protected":false},"author":2,"featured_media":298622,"comment_status":"","ping_status":"","sticky":false,"template":"","format":"standard","meta":{"footnotes":"","_share_on_mastodon":"0"},"categories":[21],"tags":[30988,7835,819,48,46,47,49,45,50,92,91],"class_list":["post-298621","post","type-post","status-publish","format-standard","has-post-thumbnail","category-sport","tag-antonio-rudiger","tag-bundesliga","tag-duitsland","tag-dutch","tag-nederland","tag-nederlanden","tag-nederlands","tag-netherlands","tag-nl","tag-sport","tag-sports"],"share_on_mastodon":{"url":"https:\/\/pubeurope.com\/@nl\/117196869181745833","error":""},"_links":{"self":[{"href":"https:\/\/www.europesays.com\/nl\/wp-json\/wp\/v2\/posts\/298621","targetHints":{"allow":["GET"]}}],"collection":[{"href":"https:\/\/www.europesays.com\/nl\/wp-json\/wp\/v2\/posts"}],"about":[{"href":"https:\/\/www.europesays.com\/nl\/wp-json\/wp\/v2\/types\/post"}],"author":[{"embeddable":true,"href":"https:\/\/www.europesays.com\/nl\/wp-json\/wp\/v2\/users\/2"}],"replies":[{"embeddable":true,"href":"https:\/\/www.europesays.com\/nl\/wp-json\/wp\/v2\/comments?post=298621"}],"version-history":[{"count":0,"href":"https:\/\/www.europesays.com\/nl\/wp-json\/wp\/v2\/posts\/298621\/revisions"}],"wp:featuredmedia":[{"embeddable":true,"href":"https:\/\/www.europesays.com\/nl\/wp-json\/wp\/v2\/media\/298622"}],"wp:attachment":[{"href":"https:\/\/www.europesays.com\/nl\/wp-json\/wp\/v2\/media?parent=298621"}],"wp:term":[{"taxonomy":"category","embeddable":true,"href":"https:\/\/www.europesays.com\/nl\/wp-json\/wp\/v2\/categories?post=298621"},{"taxonomy":"post_tag","embeddable":true,"href":"https:\/\/www.europesays.com\/nl\/wp-json\/wp\/v2\/tags?post=298621"}],"curies":[{"name":"wp","href":"https:\/\/api.w.org\/{rel}","templated":true}]}}