{"id":299081,"date":"2026-09-02T03:39:20","date_gmt":"2026-09-02T03:39:20","guid":{"rendered":"https:\/\/www.europesays.com\/nl\/299081\/"},"modified":"2026-09-02T03:39:20","modified_gmt":"2026-09-02T03:39:20","slug":"deportivo-sluit-deals-met-atletico-en-barca-over-gimenez-en-casado","status":"publish","type":"post","link":"https:\/\/www.europesays.com\/nl\/299081\/","title":{"rendered":"Deportivo sluit deals met Atl\u00e9tico en Bar\u00e7a over Gim\u00e9nez en Casad\u00f3"},"content":{"rendered":"<p class=\"intro\">Deportivo\u00a0La Coru\u00f1a gaat in de laatste uren van de zomerse transferperiode nog een spectaculaire dubbelslag slaan. De roemrijke Spaanse club gaat aan de haal met Atl\u00e9tico Madrid-verdediger Jos\u00e9 Gim\u00e9nez \u00e9n FC Barcelona-middenvelder Marc Casad\u00f3.<\/p>\n<p>De interesse in Gim\u00e9nez kwam eerder op de dag al naar buiten. Nu heeft Deportivo een akkoord bereikt met Atl\u00e9tico over de huur van de 31-jarige Uruguayaanse verdediger, melden Fabrizio Romano en Matteo Moretto. De promovendus neemt een gedeelte van zijn salaris over. <\/p>\n<p style=\"text-align:start\">Gim\u00e9nez speelt al sinds 2013 bij Atl\u00e9tico en kwam tot 270 duels in de competitie. Ook in de Champions League is de centrumverdediger een ervaren man, daar heeft hij 69 wedstrijden op zijn naam staan. Dit seizoen maakt hij echter geen aanspraak op een basisplaats in de ploeg van Diego Simeone.<\/p>\n<p style=\"text-align:start\">Gim\u00e9nez wordt waarschijnlijk niet de enige deadline day-versterking van Deportivo. Los Blanquiazules hebben ook groen licht van Casad\u00f3 en werken hard aan een deal met Bar\u00e7a. Catalanen hadden de 22-jarige controleur het liefst verkocht, maar lijken nu alsnog in te stemmen met een verhuur.<\/p>\n<p style=\"text-align:start\">Deportivo is sinds de promotie druk bezig zich te versterken. De club wist onder andere Pierre-Emerick Aubameyang en Adama Traor\u00e9 binnen te halen. Ook Nederlander Teun Gijselhart en oud PSV-er Angeli\u00f1o maakten de stap naar de Spaanse ploeg, waar Zakaria Eddahchouri sinds 2025 speelt.<\/p>\n","protected":false},"excerpt":{"rendered":"Deportivo\u00a0La Coru\u00f1a gaat in de laatste uren van de zomerse transferperiode nog een spectaculaire dubbelslag slaan. De roemrijke&hellip;\n","protected":false},"author":2,"featured_media":299082,"comment_status":"","ping_status":"","sticky":false,"template":"","format":"standard","meta":{"footnotes":"","_share_on_mastodon":"0"},"categories":[21],"tags":[2829,46985,48,3075,51560,2830,38032,46,47,49,45,50,92,91],"class_list":["post-299081","post","type-post","status-publish","format-standard","has-post-thumbnail","category-sport","tag-atletico-madrid","tag-deportivo-a-coruna","tag-dutch","tag-fc-barcelona","tag-jose-maria-gimenez","tag-la-liga","tag-marc-casado","tag-nederland","tag-nederlanden","tag-nederlands","tag-netherlands","tag-nl","tag-sport","tag-sports"],"share_on_mastodon":{"url":"https:\/\/pubeurope.com\/@nl\/117199370112956198","error":""},"_links":{"self":[{"href":"https:\/\/www.europesays.com\/nl\/wp-json\/wp\/v2\/posts\/299081","targetHints":{"allow":["GET"]}}],"collection":[{"href":"https:\/\/www.europesays.com\/nl\/wp-json\/wp\/v2\/posts"}],"about":[{"href":"https:\/\/www.europesays.com\/nl\/wp-json\/wp\/v2\/types\/post"}],"author":[{"embeddable":true,"href":"https:\/\/www.europesays.com\/nl\/wp-json\/wp\/v2\/users\/2"}],"replies":[{"embeddable":true,"href":"https:\/\/www.europesays.com\/nl\/wp-json\/wp\/v2\/comments?post=299081"}],"version-history":[{"count":0,"href":"https:\/\/www.europesays.com\/nl\/wp-json\/wp\/v2\/posts\/299081\/revisions"}],"wp:featuredmedia":[{"embeddable":true,"href":"https:\/\/www.europesays.com\/nl\/wp-json\/wp\/v2\/media\/299082"}],"wp:attachment":[{"href":"https:\/\/www.europesays.com\/nl\/wp-json\/wp\/v2\/media?parent=299081"}],"wp:term":[{"taxonomy":"category","embeddable":true,"href":"https:\/\/www.europesays.com\/nl\/wp-json\/wp\/v2\/categories?post=299081"},{"taxonomy":"post_tag","embeddable":true,"href":"https:\/\/www.europesays.com\/nl\/wp-json\/wp\/v2\/tags?post=299081"}],"curies":[{"name":"wp","href":"https:\/\/api.w.org\/{rel}","templated":true}]}}