{"id":299654,"date":"2026-09-02T16:34:22","date_gmt":"2026-09-02T16:34:22","guid":{"rendered":"https:\/\/www.europesays.com\/nl\/299654\/"},"modified":"2026-09-02T16:34:22","modified_gmt":"2026-09-02T16:34:22","slug":"onhoudbare-situatie-in-exclave-ceuta-stelt-de-spaanse-regering-op-de-proef","status":"publish","type":"post","link":"https:\/\/www.europesays.com\/nl\/299654\/","title":{"rendered":"Onhoudbare situatie in exclave Ceuta stelt de Spaanse regering op de proef"},"content":{"rendered":"<p>NOS Nieuws\u2022vandaag, 16:00<\/p>\n<ul class=\"Bios-style__List-sc-bbdf8515-2 qLcPQ\">\n<li class=\"Bios-style__ListItem-sc-bbdf8515-0 ceBkcn\"><img alt=\"\" decoding=\"async\" loading=\"lazy\" src=\"https:\/\/www.europesays.com\/nl\/wp-content\/uploads\/2026\/09\/1788366860_804_bio_medium.jpg\" class=\"ResponsiveImage-style__Image-sc-cb15e061-1 kKDNqv\"\/>\n<p class=\"NameAndDescription-style__Name-sc-383497cb-1 epcnNJ\">Miral de Bruijne<\/p>\n<p class=\"NameAndDescription-style__Description-sc-383497cb-2 dYGaJm\">correspondent Spanje en Portugal<\/p>\n<\/li>\n<\/ul>\n<ul class=\"Carousel-style__SlideContainer-sc-e7989c97-2 jAqYSb\">\n<li class=\"Bios-style__ListItem-sc-bbdf8515-0 ceBkcn\"><img alt=\"\" decoding=\"async\" loading=\"lazy\" src=\"https:\/\/www.europesays.com\/nl\/wp-content\/uploads\/2026\/09\/1788366860_804_bio_medium.jpg\" class=\"ResponsiveImage-style__Image-sc-cb15e061-1 kKDNqv\"\/>\n<p class=\"NameAndDescription-style__Name-sc-383497cb-1 epcnNJ\">Miral de Bruijne<\/p>\n<p class=\"NameAndDescription-style__Description-sc-383497cb-2 dYGaJm\">correspondent Spanje en Portugal<\/p>\n<\/li>\n<\/ul>\n<p class=\"Paragraph-style__StyledParagraph-sc-440dfe4e-0 hYeQTX\" id=\"972650289658105\">Een maand na de bestorming van de grenshekken in de Spaanse exclave Ceuta wordt de situatie steeds kritieker. Met nog duizenden migranten in de exclave aan de Noord-Afrikaanse kust loopt de druk op de Spaanse regering op. Vanavond zullen de pleinen in veel Spaanse steden vollopen met mensen die hun steun betuigen aan de inwoners van Ceuta.<\/p>\n<p class=\"Paragraph-style__StyledParagraph-sc-440dfe4e-0 hYeQTX\" id=\"793266050422036\">De manifestatie die in eerste instantie was opgezet om die steun te betuigen, lijkt uit te draaien op een anti-regeringsdemonstratie. Het was de Spaanse Federatie voor Gemeenten en Provincies (FEMP) die mensen opriep de straat op te gaan. Juist vandaag op 2 september, tijdens de jaarlijkse viering van de Dag van Ceuta waarop wordt stilgestaan bij de autonomie van de stad.<\/p>\n<p>Politieke overwegingen<\/p>\n<p class=\"Paragraph-style__StyledParagraph-sc-440dfe4e-0 hYeQTX\" id=\"238559822243633\">De voorzitter van FEMP, Mar\u00eda Jos\u00e9 Garc\u00eda-Pelayo, is lid van de conservatief-rechtse oppositiepartij Partido Popular (PP). Reden voor de socialistische partij (PSOE) van premier S\u00e1nchez om te stellen dat de oproep voor de manifestatie politiek gemotiveerd is. De PSOE droeg haar leden op niet aan de demonstraties deel te nemen.<\/p>\n<p class=\"Paragraph-style__StyledParagraph-sc-440dfe4e-0 hYeQTX\" id=\"743260815746580\">Maar gemeenten in het hele land gaven gehoor aan de oproep en vragen met posters en berichten op sociale media hun inwoners om mee te doen. En ondanks de bemoeienis van de socialistische partij zullen er volgens een rondgang van de krant <a href=\"https:\/\/www.elmundo.es\/espana\/2026\/09\/01\/6a971acbfc6c8347758b4593.html\" data-tracking=\"elementType=external-link|elementId=https:\/\/www.elmundo.es\/espana\/2026\/09\/01\/6a971acbfc6c8347758b4593.html|eventType=navigation|eventName=open\" target=\"_blank\" rel=\"nofollow noopener\">El Mundo(opent in nieuw venster)<\/a> vanavond toch tientallen PSOE-raadsleden de straat opgaan.<\/p>\n<p class=\"Paragraph-style__StyledParagraph-sc-440dfe4e-0 hYeQTX\" id=\"432091823680414\">In Madrid ontstond ook een juridisch conflict over de manifestatie. Een delegatie van de regering liet weten dat een gemeente juridisch gezien niet zelf het recht heeft om deze demonstratie aan te vragen. De gemeente Madrid houdt echter vast aan de bijeenkomst en liet via een persbericht weten dat burgemeester Mart\u00ednez-Almeida (PP) vandaag aanwezig zal zijn.<\/p>\n<p>&#8216;Afwezig en onverschillig&#8217;<\/p>\n<p class=\"Paragraph-style__StyledParagraph-sc-440dfe4e-0 hYeQTX\" id=\"905027407820179\">Met onder andere deze rel begint deze week het nieuwe politieke jaar in Spanje. De kritiek op de regering is dat zij te weinig doet en geen oplossingen zoekt. Vooral de oppositie en het gemeentebestuur van Ceuta uitten die kritiek. Tijdens een van zijn mediaoptredens afgelopen week beschuldigde Alberto Feij\u00f3o, partijleider van de PP, de regering ervan &#8220;afwezig, passief en onverschillig&#8221; te zijn ten aanzien van de crisis in Ceuta.<\/p>\n<p class=\"Paragraph-style__StyledParagraph-sc-440dfe4e-0 hYeQTX\" id=\"895625075593409\">Ruim een maand na de massale binnenkomst van migranten in de Spaanse exclave zijn er nog altijd duizenden illegale migranten aanwezig. Met de dag worden de spanningen tussen de migranten en de inwoners merkbaarder. Er zijn meldingen van agressie, opstootjes en <a data-tracking=\"elementType=page|elementId=https:\/\/nos.nl\/artikel\/2627686-nog-steeds-crisis-in-ceuta-honderden-jonge-migranten-slapen-op-straat|eventType=navigation|eventName=open\" target=\"_self\" href=\"https:\/\/nos.nl\/artikel\/2627686-nog-steeds-crisis-in-ceuta-honderden-jonge-migranten-slapen-op-straat\" rel=\"nofollow noopener\">seksueel geweld<\/a>, die zorgen voor een <a data-tracking=\"elementType=page|elementId=https:\/\/nos.nl\/artikel\/2628565-demonstranten-in-ceuta-houden-hulpgoederen-rode-kruis-tegen|eventType=navigation|eventName=open\" target=\"_self\" href=\"https:\/\/nos.nl\/artikel\/2628565-demonstranten-in-ceuta-houden-hulpgoederen-rode-kruis-tegen\" rel=\"nofollow noopener\">onrustige situatie<\/a>.<\/p>\n<p><img decoding=\"async\" alt=\"\" class=\"ResponsiveCorgiImage-module-scss-module__3Ingia__image\" fetchpriority=\"auto\" loading=\"lazy\" src=\"https:\/\/www.europesays.com\/nl\/wp-content\/uploads\/2026\/09\/8x156x3984x2241-1024x576.webp\"\/>AFPBewonersprotest gisteren in Ceuta bij een nieuwe kleuterschool, waarnaast een opvangcentrum voor migranten moet komen<\/p>\n<p class=\"Paragraph-style__StyledParagraph-sc-440dfe4e-0 hYeQTX\" id=\"612551450335803\">Met de scholen die komende week moeten beginnen maken inwoners zich steeds meer zorgen. Ondertussen hebben de migranten steeds <a data-tracking=\"elementType=page|elementId=https:\/\/nos.nl\/artikel\/2628053-discussies-in-spanje-over-of-het-zorgsysteem-in-ceuta-de-migranten-aankan|eventType=navigation|eventName=open\" target=\"_self\" href=\"https:\/\/nos.nl\/artikel\/2628053-discussies-in-spanje-over-of-het-zorgsysteem-in-ceuta-de-migranten-aankan\" rel=\"nofollow noopener\">meer zorg nodig<\/a> en raakt het geld van velen op.<\/p>\n<p class=\"Paragraph-style__StyledParagraph-sc-440dfe4e-0 hYeQTX\" id=\"987998473714968\">Terwijl de regering wordt beschuldigd niet genoeg te hebben gedaan om de situatie te verbeteren, zijn er inmiddels wel degelijk stappen gezet. Zo keurde de regering een hulppakket van 309 miljoen euro goed. Geld dat niet alleen zal gaan naar migratieopvang, maar ook zal worden ge\u00efnvesteerd in hulp aan de bewoners van de exclave.<\/p>\n<p class=\"Paragraph-style__StyledParagraph-sc-440dfe4e-0 hYeQTX\" id=\"383531690608479\">Ook vroeg Spanje uiteindelijk de Europese Commissie om hulp van <a data-tracking=\"elementType=page|elementId=https:\/\/nos.nl\/artikel\/2628716-spanje-vraagt-europese-grenswacht-frontex-om-hulp-met-migranten-in-ceuta|eventType=navigation|eventName=open\" target=\"_self\" href=\"https:\/\/nos.nl\/artikel\/2628716-spanje-vraagt-europese-grenswacht-frontex-om-hulp-met-migranten-in-ceuta\" rel=\"nofollow noopener\">grenswacht Frontex<\/a>, nadat het eerder Europese operationele ondersteuning had afgehouden.<\/p>\n<p>Houding richting Marokko<\/p>\n<p class=\"Paragraph-style__StyledParagraph-sc-440dfe4e-0 hYeQTX\" id=\"181900218319675\">Inmiddels borrelt ook binnen de coalitie de kritiek. Vooral als het gaat om de mogelijke verantwoordelijkheid van Marokko in de hele crisis. In een interview met radiostation <a href=\"https:\/\/cadenaser.com\/nacional\/2026\/08\/31\/directo-pedro-sanchez-arranca-el-curso-politico-en-hoy-por-hoy-cadena-ser\/\" data-tracking=\"elementType=external-link|elementId=https:\/\/cadenaser.com\/nacional\/2026\/08\/31\/directo-pedro-sanchez-arranca-el-curso-politico-en-hoy-por-hoy-cadena-ser\/|eventType=navigation|eventName=open\" target=\"_blank\" rel=\"nofollow noopener\">Cadena SER(opent in nieuw venster)<\/a> zei premier S\u00e1nchez maandag dat er geen aanwijzingen zijn voor betrokkenheid van de Marokkaanse overheid.<\/p>\n<p class=\"Paragraph-style__StyledParagraph-sc-440dfe4e-0 hYeQTX\" id=\"475685564570539\">Maar volgens verschillende regeringspartners zou zijn houding richting Marokko kritischer kunnen. S\u00e1nchez sprak wel van een Europees onderzoek waaruit zou blijken dat Isra\u00ebl en Rusland betrokken zouden zijn. Dit onderzoek van de Europese diplomatieke dienst lijkt nergens voor het publiek openbaar.<\/p>\n<p><img decoding=\"async\" alt=\"\" class=\"ResponsiveCorgiImage-module-scss-module__3Ingia__image\" fetchpriority=\"auto\" loading=\"lazy\" src=\"https:\/\/www.europesays.com\/nl\/wp-content\/uploads\/2026\/09\/1788366862_572_4x2x4016x2259-1024x576.webp\"\/>NOS<\/p>\n<p class=\"Paragraph-style__StyledParagraph-sc-440dfe4e-0 hYeQTX\" id=\"553091625556349\">Al met al verkeert de socialistische partij in zwaar weer, en dat aan het begin van een politiek jaar dat voor de partij sowieso al moeilijk zou worden. Vlak voor het zomerreces wist de partij nog een grote crisis af te wenden, toen de <a data-tracking=\"elementType=page|elementId=https:\/\/nos.nl\/artikel\/2620696-corruptiezaken-stapelen-zich-op-maar-spaanse-regeringspartij-houdt-vast-aan-premier|eventType=navigation|eventName=open\" target=\"_self\" href=\"https:\/\/nos.nl\/artikel\/2620696-corruptiezaken-stapelen-zich-op-maar-spaanse-regeringspartij-houdt-vast-aan-premier\" rel=\"nofollow noopener\">corruptiezaken rond vertrouwelingen en familieleden<\/a> van premier S\u00e1nchez zich opstapelden. De zaken tegen oud-premier Zapatero, de vrouw van de premier en zijn broer lopen nog. In geen van deze zaken is tot nu toe sprake van een definitieve veroordeling.<\/p>\n<p class=\"Paragraph-style__StyledParagraph-sc-440dfe4e-0 hYeQTX\" id=\"360160224284916\">De komende dagen zullen moeten uitwijzen of de regering erin slaagt de rust in Ceuta te herstellen en tegelijkertijd het vertrouwen van haar politieke bondgenoten terug te winnen. Morgen zal de premier in het congres verantwoording afleggen over de aanpak van de crisis in Ceuta. Na zijn verklaring krijgen de verschillende fracties van het parlement de ruimte om S\u00e1nchez te bevragen.<\/p>\n","protected":false},"excerpt":{"rendered":"NOS Nieuws\u2022vandaag, 16:00 Miral de Bruijne correspondent Spanje en Portugal Miral de Bruijne correspondent Spanje en Portugal Een&hellip;\n","protected":false},"author":2,"featured_media":299655,"comment_status":"","ping_status":"","sticky":false,"template":"","format":"standard","meta":{"footnotes":"","_share_on_mastodon":"0"},"categories":[5],"tags":[39,40,34799,48,43,44,34,35,41,42,4695,46,47,49,45,32,33,50,41274,32605,32604,914,36,37,38],"class_list":["post-299654","post","type-post","status-publish","format-standard","has-post-thumbnail","category-hoofdpunten","tag-breaking-news","tag-breakingnews","tag-ceuta","tag-dutch","tag-featured-news","tag-featurednews","tag-headlines","tag-hoofdpunten","tag-latest-news","tag-latestnews","tag-madrid","tag-nederland","tag-nederlanden","tag-nederlands","tag-netherlands","tag-news","tag-nieuws","tag-nl","tag-partido-popular","tag-pedro-sanchez","tag-psoe","tag-spanje","tag-top-stories","tag-topstories","tag-voorpaginanieuws"],"share_on_mastodon":{"url":"https:\/\/pubeurope.com\/@nl\/117202418067641172","error":""},"_links":{"self":[{"href":"https:\/\/www.europesays.com\/nl\/wp-json\/wp\/v2\/posts\/299654","targetHints":{"allow":["GET"]}}],"collection":[{"href":"https:\/\/www.europesays.com\/nl\/wp-json\/wp\/v2\/posts"}],"about":[{"href":"https:\/\/www.europesays.com\/nl\/wp-json\/wp\/v2\/types\/post"}],"author":[{"embeddable":true,"href":"https:\/\/www.europesays.com\/nl\/wp-json\/wp\/v2\/users\/2"}],"replies":[{"embeddable":true,"href":"https:\/\/www.europesays.com\/nl\/wp-json\/wp\/v2\/comments?post=299654"}],"version-history":[{"count":0,"href":"https:\/\/www.europesays.com\/nl\/wp-json\/wp\/v2\/posts\/299654\/revisions"}],"wp:featuredmedia":[{"embeddable":true,"href":"https:\/\/www.europesays.com\/nl\/wp-json\/wp\/v2\/media\/299655"}],"wp:attachment":[{"href":"https:\/\/www.europesays.com\/nl\/wp-json\/wp\/v2\/media?parent=299654"}],"wp:term":[{"taxonomy":"category","embeddable":true,"href":"https:\/\/www.europesays.com\/nl\/wp-json\/wp\/v2\/categories?post=299654"},{"taxonomy":"post_tag","embeddable":true,"href":"https:\/\/www.europesays.com\/nl\/wp-json\/wp\/v2\/tags?post=299654"}],"curies":[{"name":"wp","href":"https:\/\/api.w.org\/{rel}","templated":true}]}}