{"id":299822,"date":"2026-09-02T20:45:18","date_gmt":"2026-09-02T20:45:18","guid":{"rendered":"https:\/\/www.europesays.com\/nl\/299822\/"},"modified":"2026-09-02T20:45:18","modified_gmt":"2026-09-02T20:45:18","slug":"ajax-uitgewinkeld-buitenkansje-voor-jordi-cruijff-doet-zich-niet-voor","status":"publish","type":"post","link":"https:\/\/www.europesays.com\/nl\/299822\/","title":{"rendered":"&#8216;Ajax uitgewinkeld: &#8216;buitenkansje&#8217; voor Jordi Cruijff doet zich niet voor&#8217;"},"content":{"rendered":"<p><a href=\"https:\/\/www.fcupdate.nl\/voetbalteams\/nederland\/ajax\" rel=\"nofollow noopener\" target=\"_blank\">Ajax<\/a> lijkt klaar op de zomerse transfermarkt. Clubwatcher <a href=\"https:\/\/www.fcupdate.nl\/tags\/mike-verweij\" rel=\"nofollow noopener\" target=\"_blank\">Mike Verweij<\/a> van <a target=\"_self\" href=\"https:\/\/www.telegraaf.nl\/sport\/voetbal\/ajax-ontbindt-contract-amourricho-van-axel-dongen-buitenkansje-lijkt-uit-te-blijven-voor-jordi-cruijff\/160892100.html\" tt-mode=\"url\" rel=\"nofollow noopener\">De Telegraaf<\/a> schrijft dat het &#8216;buitenkansje&#8217; waar technisch directeur <a href=\"https:\/\/www.fcupdate.nl\/tags\/jordi-cruijff\" rel=\"nofollow noopener\" target=\"_blank\">Jordi Cruijff<\/a> nog op aasde, zich niet meer heeft voorgedaan.<\/p>\n<p>Cruijff beleefde nog een drukke slotfase van de transferperiode. Zo wist Ajax de inkomende transfers van Ger\u00f3nimo Spina (Atl\u00e9tico Madrid), Thilo Kehrer (AS Monaco), Leo Salazar (Espanyol) \u00e9n Simon Adingra (Sunderland) nog af te ronden op Deadline Day. Van dat viertal sluiten alleen Kehrer en Adingra aan bij de hoofdmacht, de twee Spanjaarden voegen zich bij de selectie van Jong Ajax.<\/p>\n<p>            Artikel gaat verder onder video<\/p>\n<p>Hoewel Ajax met Sofyan Amrabat al een nieuwe &#8216;nummer 6&#8217; heeft gepresenteerd, was duidelijk dat de club hoopte om voor het einde van de transferperiode n\u00f3g een middenvelder in te lijven. Die opzet lijkt echter niet te zijn gelukt. <\/p>\n<p>&#8220;Het gehoopte buitenkansje deed zich niet voor Jordi Cruijff voor&#8221;, schrijft Verweij woensdagavond iets voor achten. &#8220;En de kans dat dit nog gebeurt, is minimaal. De komende dagen houdt de technisch directeur zijn oren en ogen open voor een clubloze middenvelder. Maar de concurrentie is groot, omdat meer clubs op zulke spelers azen&#8221;, aldus de clubwatcher.<\/p>\n","protected":false},"excerpt":{"rendered":"Ajax lijkt klaar op de zomerse transfermarkt. Clubwatcher Mike Verweij van De Telegraaf schrijft dat het &#8216;buitenkansje&#8217; waar&hellip;\n","protected":false},"author":2,"featured_media":299823,"comment_status":"","ping_status":"","sticky":false,"template":"","format":"standard","meta":{"footnotes":"","_share_on_mastodon":"0"},"categories":[21],"tags":[166,51666,48,46,47,49,45,50,51668,92,91,51401,51667],"class_list":["post-299822","post","type-post","status-publish","format-standard","has-post-thumbnail","category-sport","tag-ajax","tag-buitenkansje","tag-dutch","tag-nederland","tag-nederlanden","tag-nederlands","tag-netherlands","tag-nl","tag-simon-adringa","tag-sport","tag-sports","tag-thilo-kehrer","tag-uitgewinkeld"],"share_on_mastodon":{"url":"https:\/\/pubeurope.com\/@nl\/117203404338593391","error":""},"_links":{"self":[{"href":"https:\/\/www.europesays.com\/nl\/wp-json\/wp\/v2\/posts\/299822","targetHints":{"allow":["GET"]}}],"collection":[{"href":"https:\/\/www.europesays.com\/nl\/wp-json\/wp\/v2\/posts"}],"about":[{"href":"https:\/\/www.europesays.com\/nl\/wp-json\/wp\/v2\/types\/post"}],"author":[{"embeddable":true,"href":"https:\/\/www.europesays.com\/nl\/wp-json\/wp\/v2\/users\/2"}],"replies":[{"embeddable":true,"href":"https:\/\/www.europesays.com\/nl\/wp-json\/wp\/v2\/comments?post=299822"}],"version-history":[{"count":0,"href":"https:\/\/www.europesays.com\/nl\/wp-json\/wp\/v2\/posts\/299822\/revisions"}],"wp:featuredmedia":[{"embeddable":true,"href":"https:\/\/www.europesays.com\/nl\/wp-json\/wp\/v2\/media\/299823"}],"wp:attachment":[{"href":"https:\/\/www.europesays.com\/nl\/wp-json\/wp\/v2\/media?parent=299822"}],"wp:term":[{"taxonomy":"category","embeddable":true,"href":"https:\/\/www.europesays.com\/nl\/wp-json\/wp\/v2\/categories?post=299822"},{"taxonomy":"post_tag","embeddable":true,"href":"https:\/\/www.europesays.com\/nl\/wp-json\/wp\/v2\/tags?post=299822"}],"curies":[{"name":"wp","href":"https:\/\/api.w.org\/{rel}","templated":true}]}}