{"id":300062,"date":"2026-09-03T03:39:50","date_gmt":"2026-09-03T03:39:50","guid":{"rendered":"https:\/\/www.europesays.com\/nl\/300062\/"},"modified":"2026-09-03T03:39:50","modified_gmt":"2026-09-03T03:39:50","slug":"mathilde-stephanie-en-sophie-bij-ontmoeting-duitstalige-landen","status":"publish","type":"post","link":"https:\/\/www.europesays.com\/nl\/300062\/","title":{"rendered":"Mathilde, St\u00e9phanie en Sophie bij ontmoeting Duitstalige landen"},"content":{"rendered":"<p class=\"has-text-align-center wp-block-paragraph\">Tijdens de jaarlijkse bijeenkomst van Duitstalige staatshoofden trokken niet alleen de inhoudelijke gesprekken de aandacht, maar natuurlijk ook de aanwezige royals. Koningin Mathilde van Belgi\u00eb, groothertogin St\u00e9phanie van Luxemburg en erfprinses Sophie van Liechtenstein lieten zien hoe diplomatie en stijl hand in hand gaan. <\/p>\n<p class=\"has-text-align-center wp-block-paragraph\">De staatshoofden van de Duitstalige landen waren gisteren en vandaag aanwezig tijdens de 22e editie van hun informele top, die dit jaar plaats vond in Innsbruck en Alpbach in Oostenrijk.\u00a0Ook koningin Mathilde, groothertogin St\u00e9phanie en erfprinses Sophie waren aanwezig. Voor groothertog Guillaume en groothertogin St\u00e9phanie is het de eerste keer dat ze deelnamen aan de top.<\/p>\n<p><img loading=\"lazy\" decoding=\"async\" width=\"700\" height=\"467\" src=\"https:\/\/www.europesays.com\/nl\/wp-content\/uploads\/2026\/09\/Monarchie-Luxemburg-700x467.jpeg\" alt=\"\" class=\"wp-image-115112\"  \/>Foto \u00a9Monarchie Luxemburg<\/p>\n<p class=\"has-text-align-center wp-block-paragraph\">Tijdens de 22e informele top van staatshoofden van Duitstalige landen wisselden de staatshoofden en hun partners van gedachten met hun collega\u2019s over belangrijke actuele kwesties. Hierbij gaat het met name over politieke, economische en maatschappelijke uitdagingen die de deelnemende landen gemeen hebben.<\/p>\n<p class=\"has-text-align-center wp-block-paragraph\">De toekomst van Europa werd ook besproken met jongeren die deelnamen aan het Alpbach European Forum (EFA)-programma. Deze beursontvangers vertegenwoordigen een nieuwe generatie die zich in het bijzonder inzet voor het aanpakken van klimaat-, democratische en economische uitdagingen.<\/p>\n<p>Outfits Mathilde, St\u00e9phanie en Sophie<\/p>\n<p class=\"has-text-align-center wp-block-paragraph\">Koningin Mathilde droeg tijdens de eerste dag een mantel van Esmeralda Ammoun op een donkere broek.<\/p>\n<p><img loading=\"lazy\" decoding=\"async\" width=\"700\" height=\"467\" src=\"data:image\/svg+xml,%3Csvg%20xmlns=\" http:=\"\" alt=\"\" class=\"wp-image-115103\" data-lazy- data-lazy- data-lazy-src=\"https:\/\/www.europesays.com\/nl\/wp-content\/uploads\/2026\/09\/20260901_Treffen_Staatsoberhaeupter_deutschsprachiger_Laender_LECH3130-700x467.jpg\"\/>Foto \u00a9Peter Lechner\/HBF <\/p>\n<p class=\"has-text-align-center wp-block-paragraph\">Groothertogin St\u00e9phanie droeg een petrolkleurig broekpak van Safiyaa.<\/p>\n<p><img loading=\"lazy\" decoding=\"async\" width=\"700\" height=\"467\" src=\"data:image\/svg+xml,%3Csvg%20xmlns=\" http:=\"\" alt=\"\" class=\"wp-image-115110\" data-lazy- data-lazy- data-lazy-src=\"https:\/\/www.europesays.com\/nl\/wp-content\/uploads\/2026\/09\/20260901_Treffen_Staatsoberhaeupter_deutschsprachiger_Laender_LECH3067-700x467.jpg\"\/>Foto\u2019s \u00a9Monarchie Luxemburg<\/p>\n<p><img loading=\"lazy\" decoding=\"async\" width=\"700\" height=\"467\" src=\"data:image\/svg+xml,%3Csvg%20xmlns=\" http:=\"\" alt=\"\" class=\"wp-image-115111\" data-lazy- data-lazy- data-lazy-src=\"https:\/\/www.europesays.com\/nl\/wp-content\/uploads\/2026\/09\/20260901_Treffen_Staatsoberhaeupter_deutschsprachiger_Laender_LECH3051-700x467.jpg\"\/><\/p>\n<p><img loading=\"lazy\" decoding=\"async\" width=\"500\" height=\"655\" src=\"data:image\/svg+xml,%3Csvg%20xmlns=\" http:=\"\" alt=\"\" class=\"wp-image-115117\" data-lazy- data-lazy- data-lazy-src=\"https:\/\/www.europesays.com\/nl\/wp-content\/uploads\/2026\/09\/Safiyaa.webp\"\/>Broekpak \u00a9Safiyaa<\/p>\n<p class=\"has-text-align-center wp-block-paragraph\">\u2019s Middags werd er een bezoek gebracht aan de Stubai gletsjer. Koningin Mathilde ging gekleed in een zwarte winterjas van Canadian Goose, waaronder ze onder andere een ecru trui droeg van S\u00e9zane. We zien erfprinses Sophie hier in een winterse outfit met een fleurige gele sjaal, terwijl St\u00e9phanie nog hetzelfde broekpak draagt, met haar ecru mantel van Carolina Herrera.<\/p>\n<p><img loading=\"lazy\" decoding=\"async\" width=\"700\" height=\"467\" src=\"data:image\/svg+xml,%3Csvg%20xmlns=\" http:=\"\" alt=\"\" class=\"wp-image-115097\" data-lazy- data-lazy- data-lazy-src=\"https:\/\/www.europesays.com\/nl\/wp-content\/uploads\/2026\/09\/20260901_Treffen_Staatsoberhaeupter_deutschsprachiger_Laender_LECH3381-700x467.jpg\"\/>\u00a9Peter Lechner\/HBF<\/p>\n<p><img loading=\"lazy\" decoding=\"async\" width=\"500\" height=\"696\" src=\"data:image\/svg+xml,%3Csvg%20xmlns=\" http:=\"\" alt=\"\" class=\"wp-image-115120\" data-lazy- data-lazy- data-lazy-src=\"https:\/\/www.europesays.com\/nl\/wp-content\/uploads\/2026\/09\/Sezane-trui-Mathilde.webp\"\/>Mathildes trui van S\u00e9zane<\/p>\n<p><img loading=\"lazy\" decoding=\"async\" width=\"500\" height=\"926\" src=\"data:image\/svg+xml,%3Csvg%20xmlns=\" http:=\"\" alt=\"\" class=\"wp-image-115119\" data-lazy- data-lazy- data-lazy-src=\"https:\/\/www.europesays.com\/nl\/wp-content\/uploads\/2026\/09\/Canada-Goose-jas-Mathilde.webp\"\/>Mathildes jas van Canadian Goose<\/p>\n<p><img loading=\"lazy\" decoding=\"async\" width=\"700\" height=\"467\" src=\"data:image\/svg+xml,%3Csvg%20xmlns=\" http:=\"\" alt=\"\" class=\"wp-image-115114\" data-lazy- data-lazy- data-lazy-src=\"https:\/\/www.europesays.com\/nl\/wp-content\/uploads\/2026\/09\/Monarchie5-700x467.jpeg\"\/>\u00a9Monarchie Luxemburg<\/p>\n<p><img loading=\"lazy\" decoding=\"async\" width=\"500\" height=\"750\" src=\"data:image\/svg+xml,%3Csvg%20xmlns=\" http:=\"\" alt=\"\" class=\"wp-image-115118\" data-lazy- data-lazy- data-lazy-src=\"https:\/\/www.europesays.com\/nl\/wp-content\/uploads\/2026\/09\/CHH-Stephanie.webp\"\/>\u00a9Carolina Herrera<\/p>\n<p>Outfits receptie en dag twee<\/p>\n<p class=\"has-text-align-center wp-block-paragraph\">Tijdens de receptie droeg groothertogin St\u00e9phanie een fuchsiaroze satijnen midi jurk van Carolina Herrera.<\/p>\n<p><img decoding=\"async\" src=\"data:image\/svg+xml,%3Csvg%20xmlns=\" http:=\"\" alt=\"\" class=\"wp-image-115113\" data-lazy-src=\"https:\/\/www.europesays.com\/nl\/wp-content\/uploads\/2026\/09\/Monarchie8-700x467.jpeg\"\/>Foto \u00a9Monarchie<\/p>\n<p><img loading=\"lazy\" decoding=\"async\" width=\"500\" height=\"1036\" src=\"data:image\/svg+xml,%3Csvg%20xmlns=\" http:=\"\" alt=\"\" class=\"wp-image-115125\" data-lazy- data-lazy- data-lazy-src=\"https:\/\/www.europesays.com\/nl\/wp-content\/uploads\/2026\/09\/Carolina-Herrera-Stephanie.webp\"\/>\u00a9Carolina Herrera<\/p>\n<p class=\"has-text-align-center wp-block-paragraph\">Koningin Mathilde ging gekleed in een zachtroze jurk met bijpassende blazer, beiden afkomstig van Giorgio Armani.<\/p>\n<p><img loading=\"lazy\" decoding=\"async\" width=\"700\" height=\"467\" src=\"data:image\/svg+xml,%3Csvg%20xmlns=\" http:=\"\" alt=\"\" class=\"wp-image-115096\" data-lazy- data-lazy- data-lazy-src=\"https:\/\/www.europesays.com\/nl\/wp-content\/uploads\/2026\/09\/20260901_Treffen_Staatsoberhaeupter_deutschsprachiger_Laender_LECH3414-700x467.jpg\"\/>Foto\u2019s \u00a9Peter Lechner\/HBF <\/p>\n<p><img loading=\"lazy\" decoding=\"async\" width=\"700\" height=\"467\" src=\"data:image\/svg+xml,%3Csvg%20xmlns=\" http:=\"\" alt=\"\" class=\"wp-image-115092\" data-lazy- data-lazy- data-lazy-src=\"https:\/\/www.europesays.com\/nl\/wp-content\/uploads\/2026\/09\/20260901_Treffen_Staatsoberhaeupter_deutschsprachiger_Laender_LECH3395-700x467.jpg\"\/><\/p>\n<p><img loading=\"lazy\" decoding=\"async\" width=\"500\" height=\"868\" src=\"data:image\/svg+xml,%3Csvg%20xmlns=\" http:=\"\" alt=\"\" class=\"wp-image-115123\" data-lazy- data-lazy- data-lazy-src=\"https:\/\/www.europesays.com\/nl\/wp-content\/uploads\/2026\/09\/Giorgio-Armani-jurk-Mathilde.webp\"\/>Jurk Mathilde \u00a9Giorgio Armani<\/p>\n<p><img loading=\"lazy\" decoding=\"async\" width=\"500\" height=\"666\" src=\"data:image\/svg+xml,%3Csvg%20xmlns=\" http:=\"\" alt=\"\" class=\"wp-image-115124\" data-lazy- data-lazy- data-lazy-src=\"https:\/\/www.europesays.com\/nl\/wp-content\/uploads\/2026\/09\/Giorgio-Armani-blazer-Mathilde.webp\"\/>Blazer Mathilde \u00a9Giorgio Armani<\/p>\n<p><img loading=\"lazy\" decoding=\"async\" width=\"700\" height=\"957\" src=\"data:image\/svg+xml,%3Csvg%20xmlns=\" http:=\"\" alt=\"\" class=\"wp-image-115128\" data-lazy- data-lazy- data-lazy-src=\"https:\/\/www.europesays.com\/nl\/wp-content\/uploads\/2026\/09\/20260901_Treffen_Staatsoberhaeupter_deutschsprachiger_Laender_LECH3395Mathilde.jpeg-700x957.jpg\"\/>Iets beter zicht op de kleding van koningin Mathilde. Uitsnede foto \u00a9Peter Lechner, HBF<\/p>\n<p class=\"has-text-align-center wp-block-paragraph\">Erfprinses Sophie koos voor een gebloemde broek met bijpassende zwarte blouse.<\/p>\n<p><img loading=\"lazy\" decoding=\"async\" width=\"700\" height=\"617\" src=\"data:image\/svg+xml,%3Csvg%20xmlns=\" http:=\"\" alt=\"\" class=\"wp-image-115127\" data-lazy- data-lazy- data-lazy-src=\"https:\/\/www.europesays.com\/nl\/wp-content\/uploads\/2026\/09\/20260901_Treffen_Staatsoberhaeupter_deutschsprachiger_Laender_LECH3395Sophie.jpeg-700x617.jpg\"\/>Uitsnede foto \u00a9Peter Lechner, HBF<\/p>\n<p class=\"has-text-align-center wp-block-paragraph\">Tijdens de tweede dag van het bezoek aan Oostenrijk, gingen de dames nogal zakelijk gekleed. Zowel erfprinses Sophie als groothertogin St\u00e9phanie verscheen in een broekpak. De \u00e9\u00e9n in groen, de ander in lichtgrijs. Koningin Mathilde koos voor een iets vrouwelijker geheel. Zij droeg een rode top met bijpassende broek van Safiyaa. Mocht de set je bekend voorkomen, dat kan. Ook groothertogin St\u00e9phanie heeft deze set namelijk in haar kledingkast hangen.<\/p>\n<p><img loading=\"lazy\" decoding=\"async\" width=\"700\" height=\"467\" src=\"data:image\/svg+xml,%3Csvg%20xmlns=\" http:=\"\" alt=\"\" class=\"wp-image-115134\" data-lazy- data-lazy- data-lazy-src=\"https:\/\/www.europesays.com\/nl\/wp-content\/uploads\/2026\/09\/Monarchie3-700x467.jpeg\"\/>Foto\u2019s \u00a9Monarchie<\/p>\n<p><img loading=\"lazy\" decoding=\"async\" width=\"700\" height=\"467\" src=\"data:image\/svg+xml,%3Csvg%20xmlns=\" http:=\"\" alt=\"\" class=\"wp-image-115133\" data-lazy- data-lazy- data-lazy-src=\"https:\/\/www.europesays.com\/nl\/wp-content\/uploads\/2026\/09\/Monarchie4-700x467.jpeg\"\/><\/p>\n<p><img loading=\"lazy\" decoding=\"async\" width=\"700\" height=\"467\" src=\"data:image\/svg+xml,%3Csvg%20xmlns=\" http:=\"\" alt=\"\" class=\"wp-image-115132\" data-lazy- data-lazy- data-lazy-src=\"https:\/\/www.europesays.com\/nl\/wp-content\/uploads\/2026\/09\/Monarchie6-700x467.jpeg\"\/><\/p>\n<p><img loading=\"lazy\" decoding=\"async\" width=\"700\" height=\"467\" src=\"data:image\/svg+xml,%3Csvg%20xmlns=\" http:=\"\" alt=\"\" class=\"wp-image-115131\" data-lazy- data-lazy- data-lazy-src=\"https:\/\/www.europesays.com\/nl\/wp-content\/uploads\/2026\/09\/Monarchie10-700x467.jpeg\"\/><\/p>\n<p><img loading=\"lazy\" decoding=\"async\" width=\"700\" height=\"1011\" src=\"data:image\/svg+xml,%3Csvg%20xmlns=\" http:=\"\" alt=\"\" class=\"wp-image-115130\" data-lazy- data-lazy- data-lazy-src=\"https:\/\/www.europesays.com\/nl\/wp-content\/uploads\/2026\/09\/Safiyaa-Mathilde-700x1011.webp\"\/>Top Mathilde \u00a9Safiyaa<\/p>\n<p>\u2190<a href=\"https:\/\/www.modekoninginmaxima.nl\/fashion-favorites-zo-mooi-is-iman-in-haar-korsetjurk-met-rolletjes\/\" rel=\"prev nofollow noopener\" target=\"_blank\">Vorige: Fashion Favorites: zo mooi is Iman in haar korsetjurk met rolletjes<\/a><\/p>\n","protected":false},"excerpt":{"rendered":"Tijdens de jaarlijkse bijeenkomst van Duitstalige staatshoofden trokken niet alleen de inhoudelijke gesprekken de aandacht, maar natuurlijk ook&hellip;\n","protected":false},"author":2,"featured_media":300063,"comment_status":"","ping_status":"","sticky":false,"template":"","format":"standard","meta":{"footnotes":"","_share_on_mastodon":"0"},"categories":[15],"tags":[5415,424,39,40,51704,48,38493,43,44,24430,34,35,24571,41,42,14518,4253,46,47,49,45,32,33,50,5115,51705,36,37,38,67,64,65,66],"class_list":["post-300062","post","type-post","status-publish","format-standard","has-post-thumbnail","category-wereld","tag-5415","tag-belgie","tag-breaking-news","tag-breakingnews","tag-duitstalige-landen","tag-dutch","tag-erfprinses-sophie","tag-featured-news","tag-featurednews","tag-groothertogin-stephanie","tag-headlines","tag-hoofdpunten","tag-koningin-mathilde","tag-latest-news","tag-latestnews","tag-liechtenstein","tag-luxemburg","tag-nederland","tag-nederlanden","tag-nederlands","tag-netherlands","tag-news","tag-nieuws","tag-nl","tag-oostenrijk","tag-top-duitstalige-landen","tag-top-stories","tag-topstories","tag-voorpaginanieuws","tag-wereld","tag-world","tag-world-news","tag-worldnews"],"share_on_mastodon":{"url":"https:\/\/pubeurope.com\/@nl\/117205036732895589","error":""},"_links":{"self":[{"href":"https:\/\/www.europesays.com\/nl\/wp-json\/wp\/v2\/posts\/300062","targetHints":{"allow":["GET"]}}],"collection":[{"href":"https:\/\/www.europesays.com\/nl\/wp-json\/wp\/v2\/posts"}],"about":[{"href":"https:\/\/www.europesays.com\/nl\/wp-json\/wp\/v2\/types\/post"}],"author":[{"embeddable":true,"href":"https:\/\/www.europesays.com\/nl\/wp-json\/wp\/v2\/users\/2"}],"replies":[{"embeddable":true,"href":"https:\/\/www.europesays.com\/nl\/wp-json\/wp\/v2\/comments?post=300062"}],"version-history":[{"count":0,"href":"https:\/\/www.europesays.com\/nl\/wp-json\/wp\/v2\/posts\/300062\/revisions"}],"wp:featuredmedia":[{"embeddable":true,"href":"https:\/\/www.europesays.com\/nl\/wp-json\/wp\/v2\/media\/300063"}],"wp:attachment":[{"href":"https:\/\/www.europesays.com\/nl\/wp-json\/wp\/v2\/media?parent=300062"}],"wp:term":[{"taxonomy":"category","embeddable":true,"href":"https:\/\/www.europesays.com\/nl\/wp-json\/wp\/v2\/categories?post=300062"},{"taxonomy":"post_tag","embeddable":true,"href":"https:\/\/www.europesays.com\/nl\/wp-json\/wp\/v2\/tags?post=300062"}],"curies":[{"name":"wp","href":"https:\/\/api.w.org\/{rel}","templated":true}]}}