{"id":300154,"date":"2026-09-03T07:08:13","date_gmt":"2026-09-03T07:08:13","guid":{"rendered":"https:\/\/www.europesays.com\/nl\/300154\/"},"modified":"2026-09-03T07:08:13","modified_gmt":"2026-09-03T07:08:13","slug":"peter-pannekoek-heeft-nul-interesse-in-quiz-matthijs-van-nieuwkerk","status":"publish","type":"post","link":"https:\/\/www.europesays.com\/nl\/300154\/","title":{"rendered":"Peter Pannekoek heeft nul interesse in quiz Matthijs van Nieuwkerk"},"content":{"rendered":"<p class=\"wp-block-paragraph\">Peter Pannekoek loopt niet bepaald warm voor het tweede televisieprogramma waarmee Matthijs van Nieuwkerk zijn comeback bij SBS 6 verder vormgeeft. \u201cDat boeit me echt helemaal niet.\u201d<\/p>\n<p>        <img fetchpriority=\"high\" decoding=\"async\" width=\"1280\" height=\"720\" src=\"https:\/\/www.europesays.com\/nl\/wp-content\/uploads\/2026\/09\/0903-Matthijs-Peter.jpg\" class=\"attachment-post-thumbnail size-post-thumbnail wp-post-image\" alt=\"Matthijs van Nieuwkerk en Peter Pannekoek\"  \/>        \u00a9 NPO, RTL    <\/p>\n<p class=\"wp-block-paragraph\">Matthijs van Nieuwkerk krijgt steeds nadrukkelijker voet aan de grond bij SBS 6. Naast zijn al aangekondigde programma met Shirma Rouse over Aretha Franklin gaat hij ook The Golden Elevators presenteren. In die spelshow moeten tien kandidaten telkens kiezen tussen twee liften. Alleen wie steeds de juiste lift neemt, maakt kans op de hoofdprijs.<\/p>\n<p>Zoveelste quiz<\/p>\n<p class=\"wp-block-paragraph\">Angela de Jong is niet direct onder de indruk van het nieuwe programma. Ze vindt dat het format op papier ook prima door een van de vaste SBS-gezichten gepresenteerd had kunnen worden. \u201cToen ik het las en Jan Versteegh had eronder gestaan als presentator, had ik gedacht: nou ok\u00e9, de zoveelste quiz. Die doet allemaal dit soort quizzen bij SBS.\u201d<\/p>\n<p class=\"wp-block-paragraph\">Dat juist Matthijs ervoor wordt ingevlogen, maakt haar wel nieuwsgierig naar de ontvangst, vervolgt ze in <a href=\"https:\/\/rtl.nl\" rel=\"nofollow noopener\" target=\"_blank\">Renze<\/a>. \u201cIk ben niet de grootste fan meer van Matthijs na alles wat ik heb gehoord over hem de afgelopen jaren. Ik moet je ook heel eerlijk zeggen: ik heb hem niet zo heel erg gemist de afgelopen jaren. Ik ben dus heel benieuwd hoe het gaat vallen.\u201d<\/p>\n<p>N\u00fal interesse<\/p>\n<p class=\"wp-block-paragraph\">Peter Pannekoek is aanzienlijk positiever over de kwaliteiten van Matthijs. \u201cIk vind Matthijs wel een begenadigd interviewer. Als er iets is waar hij enthousiast over is, dan is die echt onge\u00ebvenaard.\u201d <\/p>\n<p class=\"wp-block-paragraph\">Alleen heeft Talpa hem nu juist gestrikt voor een genre waar Peter werkelijk helemaal niets mee heeft. \u201cSpelletjesprogramma\u2019s boeien me niet, dus dat liften omhoog gaan en omlaag\u2026\u201d<\/p>\n<p>Niet gemist<\/p>\n<p class=\"wp-block-paragraph\">Angela vraagt daarop of hij Matthijs dan misschien w\u00e9l heeft bekeken in The Connection, de kennisquiz die hij eerder voor BNNVARA presenteerde. Peter: \u201cSpelletjesprogramma\u2019s boeien me niet, dus dat heb ik ook niet gecheckt.\u201d<\/p>\n<p class=\"wp-block-paragraph\">De AD-opiniediva is vooral benieuwd of de televisiekijker na een afwezigheid van enkele jaren nog op Matthijs zit te wachten. \u201cMatthijs is altijd een onderwerp, als je daar iets over zegt of over schrijft, dan heb je \u00e9\u00e9n kamp voor en \u00e9\u00e9n kamp tegen, dus ik ben benieuwd naar de kijkcijfers.\u201d<\/p>\n","protected":false},"excerpt":{"rendered":"Peter Pannekoek loopt niet bepaald warm voor het tweede televisieprogramma waarmee Matthijs van Nieuwkerk zijn comeback bij SBS&hellip;\n","protected":false},"author":2,"featured_media":300155,"comment_status":"","ping_status":"","sticky":false,"template":"","format":"standard","meta":{"footnotes":"","_share_on_mastodon":"0"},"categories":[25],"tags":[99,48,98,10518,46,47,49,45,50,3510],"class_list":["post-300154","post","type-post","status-publish","format-standard","has-post-thumbnail","category-amusement","tag-amusement","tag-dutch","tag-entertainment","tag-matthijs-van-nieuwkerk","tag-nederland","tag-nederlanden","tag-nederlands","tag-netherlands","tag-nl","tag-peter-pannekoek"],"share_on_mastodon":{"url":"https:\/\/pubeurope.com\/@nl\/117205854794913882","error":""},"_links":{"self":[{"href":"https:\/\/www.europesays.com\/nl\/wp-json\/wp\/v2\/posts\/300154","targetHints":{"allow":["GET"]}}],"collection":[{"href":"https:\/\/www.europesays.com\/nl\/wp-json\/wp\/v2\/posts"}],"about":[{"href":"https:\/\/www.europesays.com\/nl\/wp-json\/wp\/v2\/types\/post"}],"author":[{"embeddable":true,"href":"https:\/\/www.europesays.com\/nl\/wp-json\/wp\/v2\/users\/2"}],"replies":[{"embeddable":true,"href":"https:\/\/www.europesays.com\/nl\/wp-json\/wp\/v2\/comments?post=300154"}],"version-history":[{"count":0,"href":"https:\/\/www.europesays.com\/nl\/wp-json\/wp\/v2\/posts\/300154\/revisions"}],"wp:featuredmedia":[{"embeddable":true,"href":"https:\/\/www.europesays.com\/nl\/wp-json\/wp\/v2\/media\/300155"}],"wp:attachment":[{"href":"https:\/\/www.europesays.com\/nl\/wp-json\/wp\/v2\/media?parent=300154"}],"wp:term":[{"taxonomy":"category","embeddable":true,"href":"https:\/\/www.europesays.com\/nl\/wp-json\/wp\/v2\/categories?post=300154"},{"taxonomy":"post_tag","embeddable":true,"href":"https:\/\/www.europesays.com\/nl\/wp-json\/wp\/v2\/tags?post=300154"}],"curies":[{"name":"wp","href":"https:\/\/api.w.org\/{rel}","templated":true}]}}