{"id":300278,"date":"2026-09-03T10:17:14","date_gmt":"2026-09-03T10:17:14","guid":{"rendered":"https:\/\/www.europesays.com\/nl\/300278\/"},"modified":"2026-09-03T10:17:14","modified_gmt":"2026-09-03T10:17:14","slug":"balans-na-transferdeadline-zeven-versterkingen-kleinere-selectie-en-minder-s","status":"publish","type":"post","link":"https:\/\/www.europesays.com\/nl\/300278\/","title":{"rendered":"Balans na transferdeadline: zeven versterkingen, kleinere selectie en minder s&#8230;"},"content":{"rendered":"<p>De Nederlandse zomerwindow is gesloten. <a title=\"In een eerder artikel\" href=\"https:\/\/1908.nl\/artikelen\/nederlandse-transfermarkt-gesloten-dit-was-de-window-van-feyenoord\" target=\"_blank\" rel=\"noopener nofollow\">In een eerder artikel<\/a> zetten we alle inkomende en uitgaande transfers van Feyenoord al op een rij. In deze analyse kijken we vooral naar wat alle mutaties betekenen voor de samenstelling en omvang van de selectie. Welke spelers zijn gebleven, wie kwamen erbij en is Feyenoord er ten opzichte van vorig seizoen sterker op geworden?<\/p>\n<p>Zeven versterkingen van buitenaf<br \/>Feyenoord gaf \u20ac 19,5 miljoen uit aan drie spelers. Drie andere spelers kwamen transfervrij naar De Kuip. Javi L\u00f3pez wordt voor \u00e9\u00e9n seizoen gehuurd van Real Sociedad. Feyenoord heeft bij hem een koopoptie van \u20ac 7 miljoen bedongen.<\/p>\n<tr>\n<td>Speler<\/td>\n<td>Vorige club<\/td>\n<td class=\"text-right\">Transfersom<\/td>\n<\/tr>\n<tr>\n<td>Nacho Ferri<\/td>\n<td>KVC Westerlo<\/td>\n<td class=\"text-right\">\u20ac 9,0 miljoen<\/td>\n<\/tr>\n<tr>\n<td>Charles Vanhoutte<\/td>\n<td>OGC Nice<\/td>\n<td class=\"text-right\">\u20ac 5,5 miljoen<\/td>\n<\/tr>\n<tr>\n<td>Tjark Ernst<\/td>\n<td>Hertha BSC<\/td>\n<td class=\"text-right\">\u20ac 5,0 miljoen<\/td>\n<\/tr>\n<tr>\n<td>Mika M\u00e1rmol<\/td>\n<td>UD Las Palmas<\/td>\n<td class=\"text-right\">Transfervrij<\/td>\n<\/tr>\n<tr>\n<td>Florian Kastenmeier<\/td>\n<td>Fortuna D\u00fcsseldorf<\/td>\n<td class=\"text-right\">Transfervrij<\/td>\n<\/tr>\n<tr>\n<td>Reiss Nelson<\/td>\n<td>Arsenal<\/td>\n<td class=\"text-right\">Transfervrij<\/td>\n<\/tr>\n<tr>\n<td>Javi L\u00f3pez<\/td>\n<td>Real Sociedad<\/td>\n<td class=\"text-right\">Huur met koopoptie<\/td>\n<\/tr>\n<p>De genoemde investering van \u20ac 19,5 miljoen is exclusief tekengelden, makelaarskosten en eventuele bonussen. Uiteindelijk is de totale investering dus een aantal miljoenen meer.<\/p>\n<p>Zechi\u00ebl als achtste versterking<br \/>Aan het einde van vorig seizoen waren dertien contractspelers van Feyenoord verhuurd. Van die groep maakt nu alleen Gjivai Zechi\u00ebl deel uit van de selectie. De middenvelder deed eerst bij Sparta en vorig seizoen bij FC Utrecht veel ervaring op, veroverde na zijn terugkeer direct een basisplaats en heeft zijn meerwaarde inmiddels in verschillende wedstrijden bewezen. Zechi\u00ebl kan daarom zonder twijfel als een echte versterking worden beschouwd.<\/p>\n<p>Luka Ivanu\u0161ec en Neraysho Kasanwirjo keerden aanvankelijk eveneens terug, maar zijn inmiddels vertrokken. St\u00e9phano Carrillo en Matteo Malasomma spelen voorlopig voor Feyenoord O21. De overige teruggekeerde huurlingen zijn verkocht, opnieuw verhuurd of zagen hun contract worden ontbonden.<\/p>\n<p>Twaalf spelers verkocht, zes anderen vertrokken<br \/>Feyenoord verkocht deze zomer twaalf spelers. Met die transfers is op basis van de gemelde vaste bedragen ongeveer \u20ac 52,5 miljoen gemoeid.<\/p>\n<tr>\n<td>Speler<\/td>\n<td>Nieuwe club<\/td>\n<td class=\"text-right\">Transfersom<\/td>\n<\/tr>\n<tr>\n<td>Leo Sauer<\/td>\n<td>VfB Stuttgart<\/td>\n<td class=\"text-right\">\u20ac 15,0 miljoen<\/td>\n<\/tr>\n<tr>\n<td>Ayase Ueda<\/td>\n<td>Lille OSC<\/td>\n<td class=\"text-right\">\u20ac 15,0 miljoen<\/td>\n<\/tr>\n<tr>\n<td>Anel Ahmedhod\u017ei\u0107<\/td>\n<td>Burnley<\/td>\n<td class=\"text-right\">\u20ac 7,0 miljoen<\/td>\n<\/tr>\n<tr>\n<td>In-beom Hwang<\/td>\n<td>FC Porto<\/td>\n<td class=\"text-right\">\u20ac 4,5 miljoen<\/td>\n<\/tr>\n<tr>\n<td>Casper Tengstedt<\/td>\n<td>Toulouse<\/td>\n<td class=\"text-right\">\u20ac 4,0 miljoen<\/td>\n<\/tr>\n<tr>\n<td>Jeyland Mitchell<\/td>\n<td>Sturm Graz<\/td>\n<td class=\"text-right\">\u20ac 2,5 miljoen<\/td>\n<\/tr>\n<tr>\n<td>Ramiz Zerrouki<\/td>\n<td>FC Twente<\/td>\n<td class=\"text-right\">\u20ac 2,5 miljoen<\/td>\n<\/tr>\n<tr>\n<td>Timon Wellenreuther<\/td>\n<td>VfL Wolfsburg<\/td>\n<td class=\"text-right\">\u20ac 1,0 miljoen<\/td>\n<\/tr>\n<tr>\n<td>Plamen Andreev<\/td>\n<td>Debreceni VSC<\/td>\n<td class=\"text-right\">\u20ac 500.000<\/td>\n<\/tr>\n<tr>\n<td>Neraysho Kasanwirjo<\/td>\n<td>SK Brann<\/td>\n<td class=\"text-right\">\u20ac 500.000<\/td>\n<\/tr>\n<tr>\n<td>Chris-K\u00e9vin Nadje<\/td>\n<td>KAS Eupen<\/td>\n<td class=\"text-right\">\u20ac 250.000<\/td>\n<\/tr>\n<tr>\n<td>Jordan Lotomba<\/td>\n<td>Celtic<\/td>\n<td class=\"text-right\">nog onbekend<\/td>\n<\/tr>\n<p>In bovenstaand overzicht zijn de bonussen niet meegenomen. De transfer van Leo Sauer kan nog een aanvullende bonus van maximaal \u20ac 2 miljoen opleveren.<\/p>\n<p>Het verschil tussen de gemelde aankoop- en verkoopbedragen bedraagt voorlopig ongeveer \u20ac 33 miljoen in het voordeel van Feyenoord en zal na bekendmaking van de transfersom van Lotomba nog hoger worden. Dat is geen boekhoudkundige transferwinst. Onder meer resterende boekwaarden, solidariteitsvergoedingen, doorverkooppercentages, makelaarskosten, tekengelden, bonussen en betalingstermijnen zijn daarin niet verwerkt. Op een later moment gaan we hier nog uitgebreider aandacht aan besteden.<\/p>\n<p>Calvin Stengs en Luka Ivanu\u0161ec vertrokken na ontbinding van hun contract transfervrij naar respectievelijk AZ en Dinamo Zagreb. Het contract van Raheem Sterling liep af, terwijl Gernot Trauner zijn loopbaan be\u00ebindigde. De gehuurde Steven Benda en Malcolm Jeng keerden terug naar hun eigen club en komen inmiddels uit voor een andere club.<\/p>\n<p>Salarislasten en financi\u00eble risico\u2019s verlaagd<br \/>Feyenoord heeft de selectie niet alleen in aantal verkleind. Naast het vertrek van enkele sportief belangrijke spelers nam de club vooral afscheid van spelers met een stevig salaris die weinig zicht hadden op structurele speeltijd. Door deze contracten van de loonlijst te krijgen, heeft Feyenoord de post spelerssalarissen duidelijk verlaagd en de financi\u00eble risico\u2019s beperkt.\u00a0In een later artikel geven we daarom een nadere beschouwing op de ontwikkeling van de salariskosten.<\/p>\n<p>Deze 20 spelers zijn gebleven<br \/>Van de selectie waarmee Feyenoord het vorige seizoen afsloot, zijn 20 spelers ook nu nog onderdeel van de groep van Giovanni van Bronckhorst.<\/p>\n<p>Doelmannen (2): Mannou Berger en Liam Bossin.<\/p>\n<p>Verdedigers (9): Thomas Beelen, Jordan Bos, Mats Deijl, Thijs Kraaijeveld, Bart Nieuwkoop, Givairo Read, Gijs Smal, Jeremiah St. Juste en Tsuyoshi Watanabe.<\/p>\n<p>Middenvelders (5): Tobias van den Elshout, Jakub Moder, Sem Steijn, Oussama Targhalline en Luciano Valente.<\/p>\n<p>Aanvallers (4): Gon\u00e7alo Borges, Gaoussou Diarra, Anis Hadj Moussa en Shaqueel van Persie.<\/p>\n<p>Samen met Zechi\u00ebl en de zeven versterkingen van buitenaf komt de selectie uit op 28 spelers.<\/p>\n<p>Aantal verhuurde spelers bijna gehalveerd<br \/>Opvallend is dat Feyenoord veel minder spelers heeft verhuurd. Vorig seizoen kwamen dertien contractspelers elders uit. Dit seizoen zijn dat er zeven.<\/p>\n<tr>\n<td>Speler<\/td>\n<td>Club<\/td>\n<\/tr>\n<tr>\n<td>Seung-gyun Bae<\/td>\n<td>FC Dordrecht<\/td>\n<\/tr>\n<tr>\n<td>Lucas Gardenier<\/td>\n<td>FC Dordrecht<\/td>\n<\/tr>\n<tr>\n<td>Ayoub Ouarghi<\/td>\n<td>FC Dordrecht<\/td>\n<\/tr>\n<tr>\n<td>Jan Plug<\/td>\n<td>Excelsior<\/td>\n<\/tr>\n<tr>\n<td>Aymen Sliti<\/td>\n<td>Excelsior<\/td>\n<\/tr>\n<tr>\n<td>Jaden Slory<\/td>\n<td>Willem II<\/td>\n<\/tr>\n<tr>\n<td>Shiloh \u2019t Zand<\/td>\n<td>Fortuna Sittard<\/td>\n<\/tr>\n<p>De lijn van de nieuwe technische leiding lijkt duidelijk. Verhuur wordt vooral gebruikt voor jonge spelers die zich met voldoende speeltijd verder kunnen ontwikkelen en mogelijk later alsnog voor Feyenoord in aanmerking komen. De verhuur van \u2019t Zand vormt daarop enige nuance, omdat Fortuna Sittard ook een koopoptie heeft bedongen.<\/p>\n<p>Van 33 naar 28 selectiespelers<br \/>Feyenoord sloot het vorige seizoen af met een selectie van 33 spelers. Daarvan stonden er 31 bij de club onder contract en werden Steven Benda en Malcolm Jeng gehuurd. Buiten de selectie waren nog dertien contractspelers verhuurd.<\/p>\n<p>De selectie voor dit seizoen telt voorlopig 28 spelers. Van hen staan er 27 bij Feyenoord onder contract en wordt alleen Javi L\u00f3pez gehuurd. Daarnaast zijn zeven contractspelers elders ondergebracht. De omvang van de selectie is daarmee met vijf spelers afgenomen en het aantal verhuurde spelers is bijna gehalveerd.<\/p>\n<p>Helemaal definitief is deze balans nog niet. Clubs uit onder meer Saudi-Arabi\u00eb kunnen nog spelers aantrekken. Al-Ittihad heeft interesse in Anis Hadj Moussa.<\/p>\n<p>De belangrijkste mutaties per linie<br \/>Op doel heeft Ernst de plaats van Wellenreuther overgenomen. Met Kastenmeier haalde Feyenoord bovendien een ervaren reservedoelman naar De Kuip.<\/p>\n<p>In de verdediging is sterkhouder Read behouden. Het is te hopen dat hij aanzienlijk meer wedstrijden kan spelen dan vorig seizoen. Met M\u00e1rmol beschikt Feyenoord eindelijk over een linksbenige centrumverdediger. Bos is in elk geval tot de winterstop uitgeschakeld. Daarop is ingespeeld door L\u00f3pez van Real Sociedad te huren.<\/p>\n<p>Op het middenveld nam Feyenoord afscheid van de blessuregevoelige Hwang. Daar staan de komst van Vanhoutte en de terugkeer van Zechi\u00ebl tegenover.<\/p>\n<p>In de aanval is Sauer vervangen door de teruggekeerde Nelson. De jonge en talentvolle Ferri en Van Persie moeten het vertrek van de ervaren Ueda en Tengstedt opvangen.<\/p>\n","protected":false},"excerpt":{"rendered":"De Nederlandse zomerwindow is gesloten. In een eerder artikel zetten we alle inkomende en uitgaande transfers van Feyenoord&hellip;\n","protected":false},"author":2,"featured_media":300279,"comment_status":"","ping_status":"","sticky":false,"template":"","format":"standard","meta":{"footnotes":"","_share_on_mastodon":"0"},"categories":[21],"tags":[48,46,47,49,45,50,92,91],"class_list":["post-300278","post","type-post","status-publish","format-standard","has-post-thumbnail","category-sport","tag-dutch","tag-nederland","tag-nederlanden","tag-nederlands","tag-netherlands","tag-nl","tag-sport","tag-sports"],"share_on_mastodon":{"url":"https:\/\/pubeurope.com\/@nl\/117206597509276998","error":""},"_links":{"self":[{"href":"https:\/\/www.europesays.com\/nl\/wp-json\/wp\/v2\/posts\/300278","targetHints":{"allow":["GET"]}}],"collection":[{"href":"https:\/\/www.europesays.com\/nl\/wp-json\/wp\/v2\/posts"}],"about":[{"href":"https:\/\/www.europesays.com\/nl\/wp-json\/wp\/v2\/types\/post"}],"author":[{"embeddable":true,"href":"https:\/\/www.europesays.com\/nl\/wp-json\/wp\/v2\/users\/2"}],"replies":[{"embeddable":true,"href":"https:\/\/www.europesays.com\/nl\/wp-json\/wp\/v2\/comments?post=300278"}],"version-history":[{"count":0,"href":"https:\/\/www.europesays.com\/nl\/wp-json\/wp\/v2\/posts\/300278\/revisions"}],"wp:featuredmedia":[{"embeddable":true,"href":"https:\/\/www.europesays.com\/nl\/wp-json\/wp\/v2\/media\/300279"}],"wp:attachment":[{"href":"https:\/\/www.europesays.com\/nl\/wp-json\/wp\/v2\/media?parent=300278"}],"wp:term":[{"taxonomy":"category","embeddable":true,"href":"https:\/\/www.europesays.com\/nl\/wp-json\/wp\/v2\/categories?post=300278"},{"taxonomy":"post_tag","embeddable":true,"href":"https:\/\/www.europesays.com\/nl\/wp-json\/wp\/v2\/tags?post=300278"}],"curies":[{"name":"wp","href":"https:\/\/api.w.org\/{rel}","templated":true}]}}