{"id":300290,"date":"2026-09-03T10:31:11","date_gmt":"2026-09-03T10:31:11","guid":{"rendered":"https:\/\/www.europesays.com\/nl\/300290\/"},"modified":"2026-09-03T10:31:11","modified_gmt":"2026-09-03T10:31:11","slug":"argentijnse-bond-maakt-opvallend-besluit-na-afscheid-lionel-messi","status":"publish","type":"post","link":"https:\/\/www.europesays.com\/nl\/300290\/","title":{"rendered":"Argentijnse bond maakt opvallend besluit na afscheid Lionel Messi"},"content":{"rendered":"<p><a class=\"article-details_article-details__section__element--authorName__j3rZA article-details_link__9uNPj\" href=\"https:\/\/www.voetbalzone.nl\/auteur\/deanne-huizer\/bltc3f41645356757a8\" rel=\"nofollow noopener\" target=\"_blank\">Deanne Huizer<\/a>03 sep 2026, 11:07<\/p>\n<p>Laatst bijgewerkt: 03 sep 2026, 11:54<\/p>\n<p>Alle wedstrijden in Argentini\u00eb worden aankomend weekend na tien minuten stilgelegd. Dit als eerbetoon aan Lionel Messi. De Argentijn liet afgelopen week weten te stoppen als international.<\/p>\n<p>&#8220;Na al die tijd sinds de finale, en na er veel over te hebben nagedacht, wil ik iedereen vertellen dat ik stop bij de nationale ploeg&#8221;, liet Messi een aantal dagen geleden weten op Instagram.<\/p>\n<p>\u201cHet was een beslissing die pijn deed, en nog steeds diep in mijn ziel pijn doet, maar dit is het juiste moment. Ik heb altijd geknokt en alles gegeven voor dit shirt, om jullie gelukkig te maken en jullie trots te laten zijn dat jullie Argentijn zijn door middel van voetbal.&#8221;<\/p>\n<p>Naast het stilleggen van de wedstrijd komt er een groot applaus voor Messi. De tiende minuut verwijst naar het rugnummer van de achtvoudig Ballon d&#8217;Or-winnaar. Aan het begin van de wedstrijden wordt in alle stadions ook een video afgespeeld met beelden van Messi als eerbetoon aan de Argentijn.<\/p>\n<p>In 2005 debuteerde Messi voor zijn land. Hij viel in de 65e minuut in tijdens een oefeninterland tegen Hongarije. Na \u00e9\u00e9n minuut ontving hij al een rode kaart voor een botsing met de Hongaar Vilmos Vancz\u00e1k. De Argentijnen wonnen wel met 2-1. In totaal speelde hij 207 interlands en scoorde hij 125 doelpunten. Daarmee is de Argentijn topscorer van het land.<\/p>\n<p>Messi&#8217;s laatste interland was de WK-finale tegen Spanje afgelopen zomer, waarin Argentini\u00eb met 1-0 verloor. De Argentijnen wonnen met Messi in 2022 wel het WK in Qatar.<\/p>\n<p>Messi blijft nog wel actief bij zijn club Inter Miami. Hij heeft daar nog een contract lopen tot 2028. Afgelopen zondag maakte hij nog vier goals in een 7-1-overwinning op Montr\u00e9al.<\/p>\n","protected":false},"excerpt":{"rendered":"Deanne Huizer03 sep 2026, 11:07 Laatst bijgewerkt: 03 sep 2026, 11:54 Alle wedstrijden in Argentini\u00eb worden aankomend weekend&hellip;\n","protected":false},"author":2,"featured_media":300291,"comment_status":"","ping_status":"","sticky":false,"template":"","format":"standard","meta":{"footnotes":"","_share_on_mastodon":"0"},"categories":[21],"tags":[34211,2141,48,7784,46,47,49,45,50,92,91],"class_list":["post-300290","post","type-post","status-publish","format-standard","has-post-thumbnail","category-sport","tag-argentina","tag-argentinie","tag-dutch","tag-l-messi","tag-nederland","tag-nederlanden","tag-nederlands","tag-netherlands","tag-nl","tag-sport","tag-sports"],"share_on_mastodon":{"url":"https:\/\/pubeurope.com\/@nl\/117206652439003285","error":""},"_links":{"self":[{"href":"https:\/\/www.europesays.com\/nl\/wp-json\/wp\/v2\/posts\/300290","targetHints":{"allow":["GET"]}}],"collection":[{"href":"https:\/\/www.europesays.com\/nl\/wp-json\/wp\/v2\/posts"}],"about":[{"href":"https:\/\/www.europesays.com\/nl\/wp-json\/wp\/v2\/types\/post"}],"author":[{"embeddable":true,"href":"https:\/\/www.europesays.com\/nl\/wp-json\/wp\/v2\/users\/2"}],"replies":[{"embeddable":true,"href":"https:\/\/www.europesays.com\/nl\/wp-json\/wp\/v2\/comments?post=300290"}],"version-history":[{"count":0,"href":"https:\/\/www.europesays.com\/nl\/wp-json\/wp\/v2\/posts\/300290\/revisions"}],"wp:featuredmedia":[{"embeddable":true,"href":"https:\/\/www.europesays.com\/nl\/wp-json\/wp\/v2\/media\/300291"}],"wp:attachment":[{"href":"https:\/\/www.europesays.com\/nl\/wp-json\/wp\/v2\/media?parent=300290"}],"wp:term":[{"taxonomy":"category","embeddable":true,"href":"https:\/\/www.europesays.com\/nl\/wp-json\/wp\/v2\/categories?post=300290"},{"taxonomy":"post_tag","embeddable":true,"href":"https:\/\/www.europesays.com\/nl\/wp-json\/wp\/v2\/tags?post=300290"}],"curies":[{"name":"wp","href":"https:\/\/api.w.org\/{rel}","templated":true}]}}