{"id":30055,"date":"2025-10-20T22:16:11","date_gmt":"2025-10-20T22:16:11","guid":{"rendered":"https:\/\/www.europesays.com\/nl\/30055\/"},"modified":"2025-10-20T22:16:11","modified_gmt":"2025-10-20T22:16:11","slug":"john-heitinga-is-basisspeler-ajax-in-slechtste-geval-een-maand-kwijt","status":"publish","type":"post","link":"https:\/\/www.europesays.com\/nl\/30055\/","title":{"rendered":"John Heitinga is basisspeler Ajax in slechtste geval een maand kwijt"},"content":{"rendered":"<p>Jorthy Mokio is opgeroepen voor Belgi\u00eb Onder 17, dat tussen 3 en 27 november uitkomt op het WK Onder 17. Dit is maandag wereldkundig gemaakt door de Belgische voetbalbond. In totaal zullen 21 jeugdspelers afreizen naar de eindronde van volgende maand.<\/p>\n<p>De jeugdploeg van Belgi\u00eb start het jeugd-WK op 3 november, met de leeftijdsgenoten van Argentini\u00eb als tegenstander. In de groepsfase volgen verder ontmoetingen met Fiji (6 november) en Tunesi\u00eb (9 november).<\/p>\n<p>De oproep van Mokio heeft gevolgen voor John Heitinga. De trainer van Ajax kan de pas zeventienjarige middenvelder maar zo een maand kwijt zijn, mocht Belgi\u00eb Onder 17 de poulefase overleven en het ver schoppen op het WK in Qatar.<\/p>\n<p>Mochten de jonge Rode Duivels de finale bereiken in Qatar, dan is Mokio sowieso tot eind november niet beschikbaar voor Heitinga en Ajax. In dat geval mist de middenvelder vier duels van de Amsterdammers: de confrontaties met Galatasaray en Benfica in de Champions League en de competitieduels met FC Utrecht en Excelsior.<\/p>\n<p>Mokio kwam tot dusver \u00e9\u00e9n keer in actie voor het A-team van Belgi\u00eb. De jonge Ajacied doorliep alle Belgische jeugdelftallen en staat op vier optredens voor WK-ganger Belgi\u00eb Onder 17.<\/p>\n<p>Voor de getalenteerde middenvelder, tevens als linksback inzetbaar, staat de teller dit seizoen in alle competities op negen wedstrijden. Heitinga posteerde hem zaterdag tegen AZ (0-2) op de linksbackpositie, om Mokio na een uur te wisselen voor Davy Klaassen.<\/p>\n","protected":false},"excerpt":{"rendered":"Jorthy Mokio is opgeroepen voor Belgi\u00eb Onder 17, dat tussen 3 en 27 november uitkomt op het WK&hellip;\n","protected":false},"author":2,"featured_media":30056,"comment_status":"","ping_status":"","sticky":false,"template":"","format":"standard","meta":{"footnotes":""},"categories":[21],"tags":[166,48,34,2547,46,47,49,45,50,92,91],"class_list":{"0":"post-30055","1":"post","2":"type-post","3":"status-publish","4":"format-standard","5":"has-post-thumbnail","7":"category-sport","8":"tag-ajax","9":"tag-dutch","10":"tag-headlines","11":"tag-krantenkoppen","12":"tag-nederland","13":"tag-nederlanden","14":"tag-nederlands","15":"tag-netherlands","16":"tag-nl","17":"tag-sport","18":"tag-sports"},"share_on_mastodon":{"url":"","error":""},"_links":{"self":[{"href":"https:\/\/www.europesays.com\/nl\/wp-json\/wp\/v2\/posts\/30055","targetHints":{"allow":["GET"]}}],"collection":[{"href":"https:\/\/www.europesays.com\/nl\/wp-json\/wp\/v2\/posts"}],"about":[{"href":"https:\/\/www.europesays.com\/nl\/wp-json\/wp\/v2\/types\/post"}],"author":[{"embeddable":true,"href":"https:\/\/www.europesays.com\/nl\/wp-json\/wp\/v2\/users\/2"}],"replies":[{"embeddable":true,"href":"https:\/\/www.europesays.com\/nl\/wp-json\/wp\/v2\/comments?post=30055"}],"version-history":[{"count":0,"href":"https:\/\/www.europesays.com\/nl\/wp-json\/wp\/v2\/posts\/30055\/revisions"}],"wp:featuredmedia":[{"embeddable":true,"href":"https:\/\/www.europesays.com\/nl\/wp-json\/wp\/v2\/media\/30056"}],"wp:attachment":[{"href":"https:\/\/www.europesays.com\/nl\/wp-json\/wp\/v2\/media?parent=30055"}],"wp:term":[{"taxonomy":"category","embeddable":true,"href":"https:\/\/www.europesays.com\/nl\/wp-json\/wp\/v2\/categories?post=30055"},{"taxonomy":"post_tag","embeddable":true,"href":"https:\/\/www.europesays.com\/nl\/wp-json\/wp\/v2\/tags?post=30055"}],"curies":[{"name":"wp","href":"https:\/\/api.w.org\/{rel}","templated":true}]}}