{"id":301426,"date":"2026-09-04T14:35:16","date_gmt":"2026-09-04T14:35:16","guid":{"rendered":"https:\/\/www.europesays.com\/nl\/301426\/"},"modified":"2026-09-04T14:35:16","modified_gmt":"2026-09-04T14:35:16","slug":"sam-gooris-connie-neefs-en-andere-artiesten-geeerd-tijdens-22ste-golden-lifetime-awards-in-aarschot","status":"publish","type":"post","link":"https:\/\/www.europesays.com\/nl\/301426\/","title":{"rendered":"Sam Gooris, Connie Neefs en andere artiesten ge\u00eberd tijdens 22ste Golden Lifetime Awards in Aarschot"},"content":{"rendered":"<p class=\"font-bold article-intro\">\n    CC Het Gasthuis in Aarschot vormde woensdagavond het decor voor de 22ste editie van de Golden Lifetime Awards. Verschillende artiesten die hun stempel hebben gedrukt op de Vlaamse muziek- en entertainmentwereld werden er in de bloemetjes gezet. Sam Gooris werd ere-laureaat, Connie Neefs kreeg de Carri\u00e8reprijs en de eerste Kleinkunst Award ging naar Willem Vermandere. Ook Nicole Josy werd postuum ge\u00eberd, terwijl Mike Grondy en Andr\u00e9a Sch\u00f6n de erkenning \u2018Artiesten van bij ons\u2019 ontvingen. Tussen de uitreikingen door brachten verschillende artiesten ook enkele van hun nummers voor het publiek.\n<\/p>\n<p class=\"isSelectedEnd\">\n    Sam Gooris staat inmiddels 37 jaar op de planken en kreeg de titel van ere-laureaat voor zijn lange carri\u00e8re en zijn bijzondere band met het publiek. \u201cHet doet mij heel veel plezier om hier uitgenodigd te worden en een mooi souvenir mee naar huis te mogen nemen\u201d, reageerde Gooris. Volgens hem is er geen ingewikkeld geheim achter zijn lange carri\u00e8re. \u201cMijn publiek geeft mij energie. Gewoon mezelf blijven, ervoor gaan en mij amuseren.\u201d\n<\/p>\n<p class=\"isSelectedEnd\">\n    De speech voor Gooris werd gebracht door Sergio, die vertelde dat het goed met hem gaat en dat hij terug volop optreedt. Kelly Pfaff, de echtgenote van Sam, stond stil bij de bijzondere rol die Sergio doorheen de jaren in hun leven heeft gespeeld. Hij was degene die Sam en Kelly bij elkaar bracht en betaalde destijds ook Sams eerste betaalde optreden. \u201cIk was beter relatietherapeut geworden\u201d, grapte Sergio. (lees verder onder de foto)\n<\/p>\n<p>        <img decoding=\"async\" class=\"w-full h-auto object-contain\" src=\"https:\/\/www.europesays.com\/nl\/wp-content\/uploads\/2026\/09\/d5c86718-1d4e-43a8-aed2-f9ffd657b600.jpeg\" alt=\"\"\/><\/p>\n<p>        Foto: De speech voor Sam Gooris werd gebracht door Sergio.<br \/>\n(Silvia Tomkiewicz)<\/p>\n<p class=\"isSelectedEnd\">\n    Sergio toonde zich bijzonder fier op de onderscheiding voor zijn \u2018copain\u2019 en wees erop dat achter een carri\u00e8re in de entertainmentwereld heel wat hard werk schuilgaat. Artiesten leggen lange afstanden af en zijn vaak tot diep in de nacht onderweg. \u201cSam en ik zijn volksjongens. Dat draagt bij aan ons succes, maar uiteraard moet je ook iets kunnen\u201d, aldus Sergio.\n<\/p>\n<p class=\"isSelectedEnd\">\n    De Carri\u00e8reprijs ging naar Connie Neefs. Wanneer zij terugblikt op haar lange loopbaan, denkt ze onder meer terug aan haar beginjaren. Op haar twintigste stond ze in de musical South Pacific in de opera. Ook de vele radio- en televisieprogramma\u2019s die ze met en voor Emiel Goelen maakte, waren volgens Neefs bepalend voor haar carri\u00e8re. Haar speech werd gegeven door boezemvriendin Micha Marah.\n<\/p>\n<p>        <img decoding=\"async\" class=\"w-full h-auto object-contain\" src=\"https:\/\/www.europesays.com\/nl\/wp-content\/uploads\/2026\/09\/3bd391ce-87f2-495e-906c-45eef50bbf45.jpeg\" alt=\"\"\/><\/p>\n<p>        Foto: De Carri\u00e8reprijs ging naar Connie Neefs.<br \/>\n(Silvia Tomkiewicz)<\/p>\n<p class=\"isSelectedEnd\">\n    De liefde voor muziek is na al die jaren niet verdwenen. Vooral het samenwerken met andere muzikanten blijft haar aanspreken. \u201cZonder muzikanten geen muziek\u201d, vertelde Neefs. Tegelijk kijkt ze ook naar de volgende generatie. Haar dochter Hannelore noemt ze \u2018de parel aan de kroon\u2019. Neefs wil haar graag ondersteunen bij de verdere uitbouw van haar eigen muzikale carri\u00e8re.\n<\/p>\n<p class=\"isSelectedEnd\">\n    De allereerste Kleinkunst Award werd toegekend aan Willem Vermandere. De West-Vlaamse zanger, muzikant, schrijver en kunstenaar kon zelf niet aanwezig zijn in Aarschot. Een schepen van de stad Veurne nam de onderscheiding in zijn naam in ontvangst. Met de nieuwe award wil de organisatie Vermandere eren voor zijn jarenlange bijdrage aan de Vlaamse kleinkunst en voor de eigen plaats die hij met zijn muziek en teksten binnen het genre heeft verworven.\n<\/p>\n<p class=\"isSelectedEnd\">\n    Mike Grondy en Andr\u00e9a Sch\u00f6n kregen de erkenning \u2018Artiesten van bij ons\u2019. Voor de Duitstalige Sch\u00f6n, die inmiddels vijftien jaar op de planken staat, betekende de prijs veel. \u201cHet is een heel grote eer. Het is fijn dat ook artiesten van eigen bodem worden ge\u00eberd, want ook wij werken heel hard en doen ons best.\u201d (lees verder onder de foto)\n<\/p>\n<p>        <img decoding=\"async\" class=\"w-full h-auto object-contain\" src=\"https:\/\/www.europesays.com\/nl\/wp-content\/uploads\/2026\/09\/6e3cc9d2-3c1b-44ef-9408-fe79ad327da1.jpeg\" alt=\"\"\/><\/p>\n<p>        Foto:Mike Grondy en Andr\u00e9a Sch\u00f6n kregen de erkenning \u2018Artiesten van bij ons\u2019.<br \/>\n(Silvia Tomkiewicz)<\/p>\n<p class=\"isSelectedEnd\">\n    Grondy had meteen ook advies voor artiesten die aan het begin van hun carri\u00e8re staan. \u201cBlijf jezelf, doe je best en doe wat je kan. \u201cNiet iedereen is Tom Jones\u201d, klonk het. Zowel Grondy als Sch\u00f6n benadrukten daarnaast het belang van wederzijds respect binnen de artiestenwereld.\n<\/p>\n<p class=\"isSelectedEnd\">\n    Sch\u00f6n heeft zelf nog een duidelijke ambitie. Ze hoorde dat het Duitse muziekprogramma Immer wieder sonntags, met Stefan Mross, naar Belgi\u00eb komt. \u201cDaar zou ik heel graag iets mee doen\u201d, vertelde ze.\n<\/p>\n<p class=\"isSelectedEnd\">\n    Het meest emotionele moment van de avond was de postume onderscheiding voor Nicole Josy. Hugo Sigal nam de award voor zijn in 2022 overleden echtgenote in ontvangst. Hij bracht een emotionele hulde aan Nicole en blikte terug op hun gezamenlijke carri\u00e8re, maar vooral ook op het fantastische leven dat ze samen mochten delen. Nicole en Hugo groeiden als artiestenduo uit tot een vaste waarde in de Vlaamse entertainmentwereld. (lees verder onder de foto)\n<\/p>\n<p>        <img decoding=\"async\" class=\"w-full h-auto object-contain\" src=\"https:\/\/www.europesays.com\/nl\/wp-content\/uploads\/2026\/09\/1fab66da-edf0-4f55-950a-b5cb035e8367.jpeg\" alt=\"\"\/><\/p>\n<p>        Foto: Hugo Sigal neemt de award voor zijn in 2022 overleden echtgenote in ontvangst.<br \/>\n(Silvia Tomkiewicz)<\/p>\n<p>\n    De Golden Lifetime Awards zijn een initiatief van vzw HorizonTaal. De organisatie blikte na afloop bijzonder tevreden terug op deze 22ste editie. Niet alleen CC Het Gasthuis als locatie en de ontvangst in de stad konden op veel waardering rekenen, ook de grote opkomst stemde de organisatoren tevreden. Met de awards wil HorizonTaal zowel gevestigde namen als artiesten van eigen bodem erkenning geven voor hun bijdrage aan de Vlaamse muziek- en entertainmentwereld.<\/p>\n","protected":false},"excerpt":{"rendered":"CC Het Gasthuis in Aarschot vormde woensdagavond het decor voor de 22ste editie van de Golden Lifetime Awards.&hellip;\n","protected":false},"author":2,"featured_media":301427,"comment_status":"","ping_status":"","sticky":false,"template":"","format":"standard","meta":{"footnotes":"","_share_on_mastodon":"0"},"categories":[27],"tags":[99,48,98,120,121,46,47,49,45,50],"class_list":["post-301426","post","type-post","status-publish","format-standard","has-post-thumbnail","category-muziek","tag-amusement","tag-dutch","tag-entertainment","tag-music","tag-muziek","tag-nederland","tag-nederlanden","tag-nederlands","tag-netherlands","tag-nl"],"share_on_mastodon":{"url":"https:\/\/pubeurope.com\/@nl\/117213274395483462","error":""},"_links":{"self":[{"href":"https:\/\/www.europesays.com\/nl\/wp-json\/wp\/v2\/posts\/301426","targetHints":{"allow":["GET"]}}],"collection":[{"href":"https:\/\/www.europesays.com\/nl\/wp-json\/wp\/v2\/posts"}],"about":[{"href":"https:\/\/www.europesays.com\/nl\/wp-json\/wp\/v2\/types\/post"}],"author":[{"embeddable":true,"href":"https:\/\/www.europesays.com\/nl\/wp-json\/wp\/v2\/users\/2"}],"replies":[{"embeddable":true,"href":"https:\/\/www.europesays.com\/nl\/wp-json\/wp\/v2\/comments?post=301426"}],"version-history":[{"count":0,"href":"https:\/\/www.europesays.com\/nl\/wp-json\/wp\/v2\/posts\/301426\/revisions"}],"wp:featuredmedia":[{"embeddable":true,"href":"https:\/\/www.europesays.com\/nl\/wp-json\/wp\/v2\/media\/301427"}],"wp:attachment":[{"href":"https:\/\/www.europesays.com\/nl\/wp-json\/wp\/v2\/media?parent=301426"}],"wp:term":[{"taxonomy":"category","embeddable":true,"href":"https:\/\/www.europesays.com\/nl\/wp-json\/wp\/v2\/categories?post=301426"},{"taxonomy":"post_tag","embeddable":true,"href":"https:\/\/www.europesays.com\/nl\/wp-json\/wp\/v2\/tags?post=301426"}],"curies":[{"name":"wp","href":"https:\/\/api.w.org\/{rel}","templated":true}]}}