{"id":301673,"date":"2026-09-04T20:22:00","date_gmt":"2026-09-04T20:22:00","guid":{"rendered":"https:\/\/www.europesays.com\/nl\/301673\/"},"modified":"2026-09-04T20:22:00","modified_gmt":"2026-09-04T20:22:00","slug":"jetten-vindt-het-ongepast-dat-mladic-begrafenis-met-eer-krijgt","status":"publish","type":"post","link":"https:\/\/www.europesays.com\/nl\/301673\/","title":{"rendered":"Jetten vindt het ongepast dat Mladi\u0107 begrafenis met eer krijgt"},"content":{"rendered":"<p>Premier Rob Jetten vindt het \u201eongepast\u201d dat de voor oorlogsmisdaden veroordeelde oud-generaal Ratko Mladi\u0107 een begrafenis met speciale eer krijgt in Servi\u00eb. Mladi\u0107 was onder meer veroordeeld voor zijn rol in de massaslachting in Srebrenica. Nederlandse militairen hadden in VN-verband de taak om de moslimbevolking daar te beschermen. Ongeveer 8000 mannen en jongens werden vermoord.<\/p>\n","protected":false},"excerpt":{"rendered":"Premier Rob Jetten vindt het \u201eongepast\u201d dat de voor oorlogsmisdaden veroordeelde oud-generaal Ratko Mladi\u0107 een begrafenis met speciale&hellip;\n","protected":false},"author":2,"featured_media":301674,"comment_status":"","ping_status":"","sticky":false,"template":"","format":"standard","meta":{"footnotes":"","_share_on_mastodon":"0"},"categories":[12],"tags":[39,40,48,43,44,34,35,41,42,46,47,49,45,32,33,50,36,37,38],"class_list":["post-301673","post","type-post","status-publish","format-standard","has-post-thumbnail","category-nederland","tag-breaking-news","tag-breakingnews","tag-dutch","tag-featured-news","tag-featurednews","tag-headlines","tag-hoofdpunten","tag-latest-news","tag-latestnews","tag-nederland","tag-nederlanden","tag-nederlands","tag-netherlands","tag-news","tag-nieuws","tag-nl","tag-top-stories","tag-topstories","tag-voorpaginanieuws"],"share_on_mastodon":{"url":"https:\/\/pubeurope.com\/@nl\/117214638664446560","error":""},"_links":{"self":[{"href":"https:\/\/www.europesays.com\/nl\/wp-json\/wp\/v2\/posts\/301673","targetHints":{"allow":["GET"]}}],"collection":[{"href":"https:\/\/www.europesays.com\/nl\/wp-json\/wp\/v2\/posts"}],"about":[{"href":"https:\/\/www.europesays.com\/nl\/wp-json\/wp\/v2\/types\/post"}],"author":[{"embeddable":true,"href":"https:\/\/www.europesays.com\/nl\/wp-json\/wp\/v2\/users\/2"}],"replies":[{"embeddable":true,"href":"https:\/\/www.europesays.com\/nl\/wp-json\/wp\/v2\/comments?post=301673"}],"version-history":[{"count":0,"href":"https:\/\/www.europesays.com\/nl\/wp-json\/wp\/v2\/posts\/301673\/revisions"}],"wp:featuredmedia":[{"embeddable":true,"href":"https:\/\/www.europesays.com\/nl\/wp-json\/wp\/v2\/media\/301674"}],"wp:attachment":[{"href":"https:\/\/www.europesays.com\/nl\/wp-json\/wp\/v2\/media?parent=301673"}],"wp:term":[{"taxonomy":"category","embeddable":true,"href":"https:\/\/www.europesays.com\/nl\/wp-json\/wp\/v2\/categories?post=301673"},{"taxonomy":"post_tag","embeddable":true,"href":"https:\/\/www.europesays.com\/nl\/wp-json\/wp\/v2\/tags?post=301673"}],"curies":[{"name":"wp","href":"https:\/\/api.w.org\/{rel}","templated":true}]}}