{"id":301707,"date":"2026-09-04T21:05:14","date_gmt":"2026-09-04T21:05:14","guid":{"rendered":"https:\/\/www.europesays.com\/nl\/301707\/"},"modified":"2026-09-04T21:05:14","modified_gmt":"2026-09-04T21:05:14","slug":"grote-problemen-aanstaande-voor-feyenoord-ik-houd-mijn-hart-vast","status":"publish","type":"post","link":"https:\/\/www.europesays.com\/nl\/301707\/","title":{"rendered":"Grote problemen aanstaande voor Feyenoord? &#8216;Ik houd mijn hart vast&#8217;"},"content":{"rendered":"<p>Het is nog maar het begin van zijn periode bij <a href=\"https:\/\/www.fcupdate.nl\/voetbalteams\/nederland\/feyenoord\" rel=\"nofollow noopener\" target=\"_blank\">Feyenoord<\/a>, maar <a href=\"https:\/\/www.fcupdate.nl\/tags\/devy-rigaux\" rel=\"nofollow noopener\" target=\"_blank\">D\u00e9vy Rigaux<\/a> krijgt nu al flinke kritiek te verwerken. <a href=\"https:\/\/www.fcupdate.nl\/tags\/mike-verweij\" rel=\"nofollow noopener\" target=\"_blank\">Mike Verweij<\/a> en <a href=\"https:\/\/www.fcupdate.nl\/tags\/valentijn-driessen\" rel=\"nofollow noopener\" target=\"_blank\">Valentijn Driessen<\/a> zijn vrijdag bijzonder kritisch op de nieuwe technisch directeur. Verweij trekt zelfs een pijnlijke vergelijking met <a href=\"https:\/\/www.fcupdate.nl\/tags\/sven-mislintat\" rel=\"nofollow noopener\" target=\"_blank\">Sven Mislintat<\/a>.<\/p>\n<p>&#8220;Ik heb zijn persconferentie van donderdag bekeken en ik houd echt mijn hart vast&#8221;, begint Verweij vrijdagmiddag in de podcast Kick Off van De Telegraaf. &#8220;Ik hoop dat dit niet de nieuwe Sven Mislintat wordt&#8221;, doelt de journalist op de Duitse directeur die tijdens zijn periode bij Ajax weinig indruk wist te maken. De kritiek op Rigaux heeft alles te maken met het transferbeleid van de Belgische technisch directeur tijdens de afgelopen transferperiode.<\/p>\n<p>            Artikel gaat verder onder video<\/p>\n<p>&#8220;Hij verschuilt zich achter de regel dat clubs niet met Anis Hadj Moussa mogen praten. Dat is \u00f3f ontzettend na\u00efef, want hij weet ook beter, het gebeurt altijd en overal. Ik las \u00f3\u00f3k dat er geen bod van 30 miljoen op Givairo Read zou zijn uitgebracht. Dan verschuilt Rigaux zich achter het offici\u00eble bod. Dat was 26 miljoen euro plus 3 miljoen. Daarna was er telefonisch contact en heeft AS Roma gelijk tegen Rigaux gezegd dat ze bereid waren om naar die 30 miljoen te gaan. Maar Rigaux wilde 33 miljoen, pl\u00fas 4 miljoen, pl\u00fas 15 procent doorverkoop. En dan roept-ie heel stoer in de media dat het niet is gebeurd.&#8221;<\/p>\n<p>Verweij vervolgt: &#8220;Wat ook een vergelijking is met Mislintat: hij haalt spelers uit de 2. Bundesliga&#8221;, vervolgt Verweij. &#8220;En nog een grote overeenkomst: toen Mislintat binnenkwam bij Ajax, waren een paar collega&#8217;s helemaal in de wolken. Dat proef je nu ook bij Rigaux. Alsof er een wereldwonder binnen is komen lopen in De Kuip.&#8221;<\/p>\n<p>                                                                                                                                            &#8216;Eigenlijk was het schandalig&#8230;&#8217;<\/p>\n<p>Valentijn Driessen is eveneens niet te spreken over het functioneren van de Belg: &#8220;Het is gewoon een heel gladde prater. Eigenlijk was het schandalig donderdag. Hoe hij sprak over Dennis te Kloese. Hij liet allerlei voorbeelden los over zijn periode bij Feyenoord. Er waren veel te veel spelers, zei hij. Veel te veel salaris, te veel afschrijvingen.&#8221;<\/p>\n<p>&#8220;Rigaux wist wat zijn taak was bij Feyenoord, maar het is nooit over financi\u00ebn gegaan&#8221;, vervolgt Driessen. &#8220;Maar iedere Nederlandse club moet opleiden. Goedkoop kopen en daarna verkopen. Dat heeft hij niet gedaan. Zo kom je in de problemen. Als hij Read eerder had verkocht, had Feyenoord w\u00e9l kunnen bewegen op de transfermarkt. Dat is het gewoon.&#8221;<\/p>\n<p>\n            Vind jij de kritiek op D\u00e9vy Rigaux terecht?\n        <\/p>\n<p>                                                            52.6%<\/p>\n<p>                                                                            Nee, belachelijk dit<\/p>\n","protected":false},"excerpt":{"rendered":"Het is nog maar het begin van zijn periode bij Feyenoord, maar D\u00e9vy Rigaux krijgt nu al flinke&hellip;\n","protected":false},"author":2,"featured_media":301708,"comment_status":"","ping_status":"","sticky":false,"template":"","format":"standard","meta":{"footnotes":"","_share_on_mastodon":"0"},"categories":[5],"tags":[39,40,39125,48,43,44,169,51935,34,35,41,42,6342,46,47,49,45,32,33,50,36,37,234,38],"class_list":["post-301707","post","type-post","status-publish","format-standard","has-post-thumbnail","category-hoofdpunten","tag-breaking-news","tag-breakingnews","tag-devy-rigaux","tag-dutch","tag-featured-news","tag-featurednews","tag-feyenoord","tag-feyenoord-transferbeleid","tag-headlines","tag-hoofdpunten","tag-latest-news","tag-latestnews","tag-mike-verweij","tag-nederland","tag-nederlanden","tag-nederlands","tag-netherlands","tag-news","tag-nieuws","tag-nl","tag-top-stories","tag-topstories","tag-voetbalnieuws","tag-voorpaginanieuws"],"share_on_mastodon":{"url":"https:\/\/pubeurope.com\/@nl\/117214807711021507","error":""},"_links":{"self":[{"href":"https:\/\/www.europesays.com\/nl\/wp-json\/wp\/v2\/posts\/301707","targetHints":{"allow":["GET"]}}],"collection":[{"href":"https:\/\/www.europesays.com\/nl\/wp-json\/wp\/v2\/posts"}],"about":[{"href":"https:\/\/www.europesays.com\/nl\/wp-json\/wp\/v2\/types\/post"}],"author":[{"embeddable":true,"href":"https:\/\/www.europesays.com\/nl\/wp-json\/wp\/v2\/users\/2"}],"replies":[{"embeddable":true,"href":"https:\/\/www.europesays.com\/nl\/wp-json\/wp\/v2\/comments?post=301707"}],"version-history":[{"count":0,"href":"https:\/\/www.europesays.com\/nl\/wp-json\/wp\/v2\/posts\/301707\/revisions"}],"wp:featuredmedia":[{"embeddable":true,"href":"https:\/\/www.europesays.com\/nl\/wp-json\/wp\/v2\/media\/301708"}],"wp:attachment":[{"href":"https:\/\/www.europesays.com\/nl\/wp-json\/wp\/v2\/media?parent=301707"}],"wp:term":[{"taxonomy":"category","embeddable":true,"href":"https:\/\/www.europesays.com\/nl\/wp-json\/wp\/v2\/categories?post=301707"},{"taxonomy":"post_tag","embeddable":true,"href":"https:\/\/www.europesays.com\/nl\/wp-json\/wp\/v2\/tags?post=301707"}],"curies":[{"name":"wp","href":"https:\/\/api.w.org\/{rel}","templated":true}]}}