{"id":301925,"date":"2026-09-05T07:59:16","date_gmt":"2026-09-05T07:59:16","guid":{"rendered":"https:\/\/www.europesays.com\/nl\/301925\/"},"modified":"2026-09-05T07:59:16","modified_gmt":"2026-09-05T07:59:16","slug":"wilfred-genee-reageert-alsnog-op-roddels-over-kleinere-rol-in-vi","status":"publish","type":"post","link":"https:\/\/www.europesays.com\/nl\/301925\/","title":{"rendered":"Wilfred Genee reageert alsnog op roddels over kleinere rol in VI"},"content":{"rendered":"<p class=\"wp-block-paragraph\">Wilfred Genee reageert eindelijk zelf op de hardnekkige geruchten over zijn toekomst bij Vandaag Inside. Hij zou minder vaak VI willen maken en praten met RTL, maar zelf veegt hij alles van tafel. \u2018Allemaal onzin.\u2019<\/p>\n<p>        <img fetchpriority=\"high\" decoding=\"async\" width=\"1280\" height=\"720\" src=\"https:\/\/www.europesays.com\/nl\/wp-content\/uploads\/2026\/09\/0623-Wilfred-Genee.jpg\" class=\"attachment-post-thumbnail size-post-thumbnail wp-post-image\" alt=\"Wilfred Genee\"  \/>        \u00a9 SBS    <\/p>\n<p class=\"wp-block-paragraph\">Wilfred Genee stond deze week ineens volop in het middelpunt van speculaties over de toekomst van Vandaag Inside. Er zou topoverleg zijn geweest bij Talpa over de rolverdeling binnen het programma en Wilfred zou behoefte hebben aan meer ruimte voor andere projecten. Daarbij dook ook het gerucht op dat RTL belangstelling voor hem heeft.<\/p>\n<p>Via achteruitgang<\/p>\n<p class=\"wp-block-paragraph\">Opvallend was bovendien dat Wilfred na een uitzending van VI niet met RTL Boulevard wilde praten over de verhalen. Johan Derksen en Ren\u00e9 van der Gijp stonden de verslaggever van dienst gewoon te woord, terwijl Wilfred volgens Boulevard via de achteruitgang vertrok. Dat voedde de speculaties alleen maar verder.<\/p>\n<p class=\"wp-block-paragraph\">Johan ontkende vervolgens stellig dat er \u00fcberhaupt een speciaal topoverleg had plaatsgevonden. Ook H\u00e9l\u00e8ne Hendriks zei niets te weten van gesprekken over een kleinere rol van Wilfred of een veranderende samenstelling van VI. Wilfred zelf hield zich tot nu toe stil.<\/p>\n<p>\u2018Uit hun duim\u2019<\/p>\n<p class=\"wp-block-paragraph\">Bij <a href=\"https:\/\/www.omroepwest.nl\/cultuur\/5146186\/stopt-vi-of-niet-wilfred-genee-geeft-eindelijk-uitsluitsel-en-verklapt-nieuwe-single-week-te-vroeg?shem=dsdf,sharefoc,agadiscoversdl,,sh%2Fx%2Fdiscover%2Fm1%2F4\" rel=\"nofollow noopener\" target=\"_blank\">Omroep West<\/a> kiest hij er nu toch voor om de verhalen rechtstreeks tegen te spreken. \u201cEigenlijk wil ik er niet eens meer op reageren, omdat er zoveel partijen zijn die maar wat verzinnen.\u201d<\/p>\n<p class=\"wp-block-paragraph\">Hij vervolgt: \u201cDe geruchten zijn allemaal gebaseerd op bronnen die gewoon wat uit hun duim zuigen. Ik heb het hartstikke goed naar mijn zin bij SBS. Ik ga een nieuw interview-programma maken: Vier linkerhanden. Ik heb net het programma Mi dushi gemaakt\u2026\u201d<\/p>\n<p>Geen reden<\/p>\n<p class=\"wp-block-paragraph\">Ook van een naderend vertrek bij SBS 6 wil Wilfred niets weten. \u201cWe hebben nog een contract voor een jaar. Ik zou geen reden weten om weg te gaan op dit moment.\u201d<\/p>\n<p class=\"wp-block-paragraph\">Daarmee zet hij ook een flinke streep door de suggestie dat hij op korte termijn naar RTL zou willen verkassen. \u201cHet is allemaal onzin.\u201d<\/p>\n","protected":false},"excerpt":{"rendered":"Wilfred Genee reageert eindelijk zelf op de hardnekkige geruchten over zijn toekomst bij Vandaag Inside. Hij zou minder&hellip;\n","protected":false},"author":2,"featured_media":301926,"comment_status":"","ping_status":"","sticky":false,"template":"","format":"standard","meta":{"footnotes":"","_share_on_mastodon":"0"},"categories":[25],"tags":[99,48,98,46,47,49,45,50,285,465],"class_list":["post-301925","post","type-post","status-publish","format-standard","has-post-thumbnail","category-amusement","tag-amusement","tag-dutch","tag-entertainment","tag-nederland","tag-nederlanden","tag-nederlands","tag-netherlands","tag-nl","tag-vandaag-inside","tag-wilfred-genee"],"share_on_mastodon":{"url":"https:\/\/pubeurope.com\/@nl\/117217379803060521","error":""},"_links":{"self":[{"href":"https:\/\/www.europesays.com\/nl\/wp-json\/wp\/v2\/posts\/301925","targetHints":{"allow":["GET"]}}],"collection":[{"href":"https:\/\/www.europesays.com\/nl\/wp-json\/wp\/v2\/posts"}],"about":[{"href":"https:\/\/www.europesays.com\/nl\/wp-json\/wp\/v2\/types\/post"}],"author":[{"embeddable":true,"href":"https:\/\/www.europesays.com\/nl\/wp-json\/wp\/v2\/users\/2"}],"replies":[{"embeddable":true,"href":"https:\/\/www.europesays.com\/nl\/wp-json\/wp\/v2\/comments?post=301925"}],"version-history":[{"count":0,"href":"https:\/\/www.europesays.com\/nl\/wp-json\/wp\/v2\/posts\/301925\/revisions"}],"wp:featuredmedia":[{"embeddable":true,"href":"https:\/\/www.europesays.com\/nl\/wp-json\/wp\/v2\/media\/301926"}],"wp:attachment":[{"href":"https:\/\/www.europesays.com\/nl\/wp-json\/wp\/v2\/media?parent=301925"}],"wp:term":[{"taxonomy":"category","embeddable":true,"href":"https:\/\/www.europesays.com\/nl\/wp-json\/wp\/v2\/categories?post=301925"},{"taxonomy":"post_tag","embeddable":true,"href":"https:\/\/www.europesays.com\/nl\/wp-json\/wp\/v2\/tags?post=301925"}],"curies":[{"name":"wp","href":"https:\/\/api.w.org\/{rel}","templated":true}]}}