{"id":302323,"date":"2026-09-05T18:55:15","date_gmt":"2026-09-05T18:55:15","guid":{"rendered":"https:\/\/www.europesays.com\/nl\/302323\/"},"modified":"2026-09-05T18:55:15","modified_gmt":"2026-09-05T18:55:15","slug":"feyenoord-wint-zonder-hadj-moussa-van-n-e-c-na-heerlijke-tweede-helft","status":"publish","type":"post","link":"https:\/\/www.europesays.com\/nl\/302323\/","title":{"rendered":"Feyenoord wint zonder Hadj Moussa van N.E.C. na heerlijke tweede helft"},"content":{"rendered":"<p><a href=\"https:\/\/www.fcupdate.nl\/voetbalteams\/nederland\/feyenoord\" rel=\"nofollow noopener\" target=\"_blank\">Feyenoord<\/a> heeft zaterdagmiddag een knappe zege geboekt op bezoek bij NEC. De Rotterdammers, die deze week afscheid namen van Ayase Ueda en Anis Hadj Moussa misten wegens transferperikelen, wonnen met 1-3 in De Goffert, waarin vooral de tweede helft voor spektakel zorgde.<\/p>\n<p>Bij N.E.C. ruimde trainer Dick Schreuder onder meer basisplaatsen in voor zomeraanwinsten Almugera Kabar en Kaj Sierhuis, terwijl ook routinier Bram Nuytinck aan de aftrap verscheen. Perr Schuurs, die vorig weekend <a target=\"_blank\" href=\"https:\/\/www.fcupdate.nl\/voetbalnieuws\/2026\/08\/na-drie-jaar-terug-en-meteen-beslissend-droomrentree-voor-perr-schuurs-na-penaltyfestijn\" tt-mode=\"url\" rel=\"nofollow noopener\">een absolute droomrentree beleefde<\/a> na bijna drie jaar blessureleed, begon derhalve opnieuw op de bank. Bij Feyenoord <a target=\"_blank\" href=\"https:\/\/www.fcupdate.nl\/voetbalnieuws\/2026\/09\/nieuw-hoofdstuk-in-soap-hadj-moussa-te-laat-voor-nec-en-vertrekt-direct-naar-huis\" tt-mode=\"url\" rel=\"nofollow noopener\">ontbrak Anis Hadj Moussa in de wedstrijdselectie<\/a>, omdat hij te midden van alle perikelen rond de interesse van Al-Ittihad op de wedstrijddag tot twee keer toe te laat was gekomen. Giovanni van Bronckhorst schoof Gaoussou Diarra daarom door naar de rechtsbuitenpositie, waardoor aanvoerder Luciano Valente links voorin belandde.<\/p>\n<p>            Artikel gaat verder onder video<\/p>\n<p>N.E.C. had het in de openingsfase lastig met Feyenoord, al konden de Rotterdammers het balbezit niet omzetten in kansen. Het eerste noemenswaardige moment van de wedstrijd volgde na een kwartier, toen Mika M\u00e1rmol opstoomde en het zijnet raakte. In die actie gleed Bram Nuytinck stevig door op de linksback, maar Allard Lindhout zag daar geen overtreding in. Online was er daarentegen wel<a target=\"_blank\" href=\"https:\/\/www.fcupdate.nl\/voetbalnieuws\/2026\/09\/feyenoord-fans-richten-pijlen-op-scheidsrechter-allard-lindhout\" tt-mode=\"url\" rel=\"nofollow noopener\"> veel verbazing<\/a> over de arbitrale beslissing van de scheidsrechter.<\/p>\n<p>Lang was het wachten op de eerste \u00e9cht grote kans van beide ploegen. Sterker nog: de gehele eerste helft leverde niet eens \u00e9\u00e9n mogelijkheid op voor N.E.C. en Feyenoord. Het spel lag vaak stil, terwijl zowel de thuisploeg als de bezoekers ontzettend slordig waren in balbezit. 0-0 was dan ook een meer dan logische tussenstand.<\/p>\n<p>                                                                                                                                            Spektakel <\/p>\n<p>Waar de eerste helft geen spektakel opleverde, toonde de tweede helft een totaal ander gezicht. De man in vorm, Gjivai Zechi\u00ebl, opende de score, nadat hij een voorzet vanaf links achter Gonzalo Crettaz frommelde. Amper drie minuten later was het alweer gelijk, na een fraaie knal van Darko Nejasmic in de benedenhoek.<\/p>\n<p>Daarna was het weer de beurt aan de Rotterdammers, toen het \u2013 niet voor het eerst \u2013 helemaal openlag in de verdediging van N.E.C. Zechi\u00ebl zette koers naar het doel en gaf de bal vervolgens mee aan Luciano Valente, die koel bleef in de \u00e9\u00e9n tegen \u00e9\u00e9n. Feyenoord nam direct afstand, en hoe. Debutant Jerayno Schaken, in de ploeg gekomen voor de verguisde Gaoussou Diarra, krulde de bal heerlijk achter Crettaz. Zo stond het binnen twintig minuten in de tweede helft plots 1-3.<\/p>\n<p>Niet veel later had het ook zomaar weer 2-3 kunnen staan, maar een dramatische aanname van doelman Tjark Ernst werd niet fataal. Vervolgens was Valente dicht bij zijn tweede, maar kwam hij niet voorbij de N.E.C.-doelman. In de slotfase kwamen de Rotterdammers niet meer voor doel van de Nijmegenaren, al kon de thuisploeg ook niet echt een vuist meer maken. Zo bleef het bij 1-3. <\/p>\n<p>                    \u27a1\ufe0f Meer over Feyenoord<\/p>\n","protected":false},"excerpt":{"rendered":"Feyenoord heeft zaterdagmiddag een knappe zege geboekt op bezoek bij NEC. De Rotterdammers, die deze week afscheid namen&hellip;\n","protected":false},"author":2,"featured_media":302324,"comment_status":"","ping_status":"","sticky":false,"template":"","format":"standard","meta":{"footnotes":"","_share_on_mastodon":"0"},"categories":[5],"tags":[39,40,48,43,44,169,4587,34,35,41,42,853,2981,604,46,47,49,45,32,33,50,36,37,38],"class_list":["post-302323","post","type-post","status-publish","format-standard","has-post-thumbnail","category-hoofdpunten","tag-breaking-news","tag-breakingnews","tag-dutch","tag-featured-news","tag-featurednews","tag-feyenoord","tag-gjivai-zechiel","tag-headlines","tag-hoofdpunten","tag-latest-news","tag-latestnews","tag-luciano-valente","tag-n-e-c","tag-nec","tag-nederland","tag-nederlanden","tag-nederlands","tag-netherlands","tag-news","tag-nieuws","tag-nl","tag-top-stories","tag-topstories","tag-voorpaginanieuws"],"share_on_mastodon":{"url":"https:\/\/pubeurope.com\/@nl\/117219958850380615","error":""},"_links":{"self":[{"href":"https:\/\/www.europesays.com\/nl\/wp-json\/wp\/v2\/posts\/302323","targetHints":{"allow":["GET"]}}],"collection":[{"href":"https:\/\/www.europesays.com\/nl\/wp-json\/wp\/v2\/posts"}],"about":[{"href":"https:\/\/www.europesays.com\/nl\/wp-json\/wp\/v2\/types\/post"}],"author":[{"embeddable":true,"href":"https:\/\/www.europesays.com\/nl\/wp-json\/wp\/v2\/users\/2"}],"replies":[{"embeddable":true,"href":"https:\/\/www.europesays.com\/nl\/wp-json\/wp\/v2\/comments?post=302323"}],"version-history":[{"count":0,"href":"https:\/\/www.europesays.com\/nl\/wp-json\/wp\/v2\/posts\/302323\/revisions"}],"wp:featuredmedia":[{"embeddable":true,"href":"https:\/\/www.europesays.com\/nl\/wp-json\/wp\/v2\/media\/302324"}],"wp:attachment":[{"href":"https:\/\/www.europesays.com\/nl\/wp-json\/wp\/v2\/media?parent=302323"}],"wp:term":[{"taxonomy":"category","embeddable":true,"href":"https:\/\/www.europesays.com\/nl\/wp-json\/wp\/v2\/categories?post=302323"},{"taxonomy":"post_tag","embeddable":true,"href":"https:\/\/www.europesays.com\/nl\/wp-json\/wp\/v2\/tags?post=302323"}],"curies":[{"name":"wp","href":"https:\/\/api.w.org\/{rel}","templated":true}]}}