{"id":31177,"date":"2025-10-21T21:52:05","date_gmt":"2025-10-21T21:52:05","guid":{"rendered":"https:\/\/www.europesays.com\/nl\/31177\/"},"modified":"2025-10-21T21:52:05","modified_gmt":"2025-10-21T21:52:05","slug":"beroerde-avond-flekken-en-poku-bij-leverkusen-dumfries-scoort-voor-winnend-inter","status":"publish","type":"post","link":"https:\/\/www.europesays.com\/nl\/31177\/","title":{"rendered":"Beroerde avond Flekken en Poku bij Leverkusen, Dumfries scoort voor winnend Inter"},"content":{"rendered":"<p><img alt=\"\" decoding=\"async\" loading=\"eager\" src=\"https:\/\/www.europesays.com\/nl\/wp-content\/uploads\/2025\/10\/1761083525_605_1024x576a.jpg\" class=\"sc-bcb3b750-1 cULYcE\"\/>GettyMark Flekken<\/p>\n<p>NOS Voetbal\u2022vandaag, 22:54<\/p>\n<p class=\"sc-2ea02837-0 fedhGB\" id=\"72595298247015\">Mark Flekken heeft met Bayer Leverkusen een beroerde avond in de Champions League beleefd. De Oranje-international verloor op eigen veld met liefst 7-2 van titelhouder Paris Saint-Germain. Beide ploegen moesten in de eerste helft na een directe rode kaart verder met tien man.<\/p>\n<p class=\"sc-2ea02837-0 fedhGB\" id=\"152342444042443\">Naast de twee rode kaarten vielen er voor rust ook twee strafschoppen voor Leverkusen te noteren, waarvan er \u00e9\u00e9n werd gemist. Bij rust stonden de bezoekers uit Parijs al met 4-1 voor. Jong Oranje-international Ernest Poku begon op de bank bij Leverkusen en speelde een klein halfuur.<\/p>\n<p class=\"sc-2ea02837-0 fedhGB\" id=\"993666027691796\">De eerste speelavond van de derde speelronde was opvallend doelpuntrijk. In de negen duels werd 43 keer gescoord, bijna vijf doelpunten gemiddeld per wedstrijd.<\/p>\n<p>Zware avond<\/p>\n<p class=\"sc-2ea02837-0 fedhGB\" id=\"408056121420608\">Bij Leverkusen-PSG moest Flekken al in de zevende minuut de openingstreffer slikken en hij mocht van geluk spreken dat de achterstand enkele minuten later niet werd verdubbeld, toen hij de bal na een mislukte kapbeweging verspeelde aan vleugelaanvaller Bradley Barcola.<\/p>\n<p class=\"sc-2ea02837-0 fedhGB\" id=\"296384623988867\">Het was op dat moment al duidelijk dat Leverkusen een zware avond tegemoet ging. Toch kreeg Alejandro Grimaldo in de 25ste minuut vanaf de strafschopstip de kans om gelijk te maken, maar hij schoot de bal op de paal.<\/p>\n<ul data-sentry-element=\"Slides\" data-sentry-source-file=\"Carousel.tsx\" class=\"sc-e4f6708-5 hWPyLG\">\n<li data-testid=\"carousel-slide\" class=\"sc-e4f6708-0 iNdOVo\"><img alt=\"\" decoding=\"async\" loading=\"lazy\" src=\"https:\/\/www.europesays.com\/nl\/wp-content\/uploads\/2025\/10\/1761083525_190_576x768a.jpg\" class=\"sc-bcb3b750-1 cULYcE\"\/>NOSDe uitslagen in de Champions League van dinsdag 21 oktober<\/li>\n<li data-testid=\"carousel-slide\" class=\"sc-e4f6708-0 iNdOVo\"><img alt=\"\" decoding=\"async\" loading=\"lazy\" src=\"https:\/\/www.europesays.com\/nl\/wp-content\/uploads\/2025\/10\/1761083525_716_576x768a.jpg\" class=\"sc-bcb3b750-1 cULYcE\"\/>NOSDe stand in de Champions League<\/li>\n<li data-testid=\"carousel-slide\" class=\"sc-e4f6708-0 iNdOVo\"><img alt=\"\" decoding=\"async\" loading=\"lazy\" src=\"https:\/\/www.europesays.com\/nl\/wp-content\/uploads\/2025\/10\/1761083525_67_576x768a.jpg\" class=\"sc-bcb3b750-1 cULYcE\"\/>NOS<\/li>\n<\/ul>\n<p>Vorige slide<\/p>\n<p>Volgende slide<\/p>\n<p class=\"sc-2ea02837-0 fedhGB\" id=\"643185120594065\">Tot overmaat van ramp moesten de Duitsers enkele minuten later verder met tien man, nadat Robert Andrich na VAR-beraad van het veld was gestuurd. De middenvelder had bij een luchtduel een elleboogstoot uitgedeeld aan D\u00e9sir\u00e9 Dou\u00e9.<\/p>\n<p class=\"sc-2ea02837-0 fedhGB\" id=\"179088919939613\">Een directe rode kaart voor PSG-verdediger Ilya Zabarnyi (neerhalen doorgebroken speler) en de benutte strafschop van Aleix Garc\u00eda die daarop volgde, zorgden niet voor een kentering. Via Dou\u00e9 (tweemaal) en Khvicha Kvaratskhelia liep PSG in een tijdsbestek van zeven minuten uit naar 4-1.<\/p>\n<p class=\"sc-2ea02837-0 fedhGB\" id=\"903746536999567\">Vijf minuten na de pauze verdween elk restje hoop toen Nuno Mendes de 5-1 maakte. Met zijn tweede van de avond deed Aleix Garc\u00eda nog wel wat terug namens Leverkusen, maar via Ousmane Demb\u00e9l\u00e9 en Vitinha werd het uiteindelijk 7-2.<\/p>\n<p>Openingsgoal Dumfries<\/p>\n<p class=\"sc-2ea02837-0 fedhGB\" id=\"691624146034039\">Denzel Dumfries had met een doelpunt een aandeel in de 4-0 uitoverwinning van zijn ploeg Internazionale op Royale Union Sint-Gillis. De verdediger brak de wedstrijd vlak voor rust open door van dichtbij de openingstreffer binnen te werken.<\/p>\n<p><img alt=\"\" decoding=\"async\" loading=\"lazy\" src=\"https:\/\/www.europesays.com\/nl\/wp-content\/uploads\/2025\/10\/1761083525_978_1024x576a.jpg\" class=\"sc-bcb3b750-1 cULYcE\"\/>Pro ShotsDenzel Dumfries viert zijn openingstreffer<\/p>\n<p class=\"sc-2ea02837-0 fedhGB\" id=\"832126176045787\">De 29-jarige Dumfries speelde 77 minuten. Ook Stefan de Vrij begon in de basisopstelling van Inter. Hij werd in de rust gewisseld. Bij Union Sint-Gillis stond Kjell Scherpen onder de lat.<\/p>\n<p class=\"sc-2ea02837-0 fedhGB\" id=\"737391891526182\">Nog voor rust verdubbelde Lautaro Martinez de score namens de Italianen. In de tweede helft benutte Hakan \u00c7alhanoglu een penalty en een kwartier voor tijd bepaalde Francesco Esposito de eindstand op 0-4.<\/p>\n<p>Haaland blijft scoren<\/p>\n<p class=\"sc-2ea02837-0 fedhGB\" id=\"324567787369165\">Bij Manchester City was Erling Haaland weer eens trefzeker. De Noor verzorgde de openingstreffer in de 2-0 overwinning bij Villarreal en scoorde zodoende voor de twaalfde wedstrijd op rij, interlands met Noorwegen meegerekend. Daarmee evenaarde hij het record van Cristiano Ronaldo.<\/p>\n<p class=\"sc-2ea02837-0 fedhGB\" id=\"658839451335590\">De 25-jarige spits speelde zichzelf in de zeventiende minuut goed vrij en kon een lage voorzet van Rico Lewis hard binnenschieten. Vijf minuten voor rust maakte Bernardo Silva de 0-2. Nathan Ak\u00e9 en Tijjani Reijnders beiden op de bank bij City, Reijnders viel een kwartier voor tijd in.<\/p>\n","protected":false},"excerpt":{"rendered":"GettyMark Flekken NOS Voetbal\u2022vandaag, 22:54 Mark Flekken heeft met Bayer Leverkusen een beroerde avond in de Champions League&hellip;\n","protected":false},"author":2,"featured_media":31178,"comment_status":"","ping_status":"","sticky":false,"template":"","format":"standard","meta":{"footnotes":""},"categories":[21],"tags":[232,48,46,47,49,45,50,92,91,167],"class_list":{"0":"post-31177","1":"post","2":"type-post","3":"status-publish","4":"format-standard","5":"has-post-thumbnail","7":"category-sport","8":"tag-champions-league","9":"tag-dutch","10":"tag-nederland","11":"tag-nederlanden","12":"tag-nederlands","13":"tag-netherlands","14":"tag-nl","15":"tag-sport","16":"tag-sports","17":"tag-voetbal"},"share_on_mastodon":{"url":"https:\/\/pubeurope.com\/@nl\/115414377786160850","error":""},"_links":{"self":[{"href":"https:\/\/www.europesays.com\/nl\/wp-json\/wp\/v2\/posts\/31177","targetHints":{"allow":["GET"]}}],"collection":[{"href":"https:\/\/www.europesays.com\/nl\/wp-json\/wp\/v2\/posts"}],"about":[{"href":"https:\/\/www.europesays.com\/nl\/wp-json\/wp\/v2\/types\/post"}],"author":[{"embeddable":true,"href":"https:\/\/www.europesays.com\/nl\/wp-json\/wp\/v2\/users\/2"}],"replies":[{"embeddable":true,"href":"https:\/\/www.europesays.com\/nl\/wp-json\/wp\/v2\/comments?post=31177"}],"version-history":[{"count":0,"href":"https:\/\/www.europesays.com\/nl\/wp-json\/wp\/v2\/posts\/31177\/revisions"}],"wp:featuredmedia":[{"embeddable":true,"href":"https:\/\/www.europesays.com\/nl\/wp-json\/wp\/v2\/media\/31178"}],"wp:attachment":[{"href":"https:\/\/www.europesays.com\/nl\/wp-json\/wp\/v2\/media?parent=31177"}],"wp:term":[{"taxonomy":"category","embeddable":true,"href":"https:\/\/www.europesays.com\/nl\/wp-json\/wp\/v2\/categories?post=31177"},{"taxonomy":"post_tag","embeddable":true,"href":"https:\/\/www.europesays.com\/nl\/wp-json\/wp\/v2\/tags?post=31177"}],"curies":[{"name":"wp","href":"https:\/\/api.w.org\/{rel}","templated":true}]}}