{"id":31669,"date":"2025-10-22T11:25:13","date_gmt":"2025-10-22T11:25:13","guid":{"rendered":"https:\/\/www.europesays.com\/nl\/31669\/"},"modified":"2025-10-22T11:25:13","modified_gmt":"2025-10-22T11:25:13","slug":"hato-hoeft-zich-absoluut-geen-zorgen-te-maken-over-reservebeurten-bij-chelsea-2","status":"publish","type":"post","link":"https:\/\/www.europesays.com\/nl\/31669\/","title":{"rendered":"&#8216;Hato hoeft zich absoluut geen zorgen te maken over reservebeurten bij Chelsea&#8217;"},"content":{"rendered":"<p><img alt=\"\" decoding=\"async\" loading=\"eager\" src=\"https:\/\/www.europesays.com\/nl\/wp-content\/uploads\/2025\/10\/1761128948_382_1024x576a.jpg\" class=\"sc-bcb3b750-1 cULYcE\"\/>Pro ShotsJorrel Hato<\/p>\n<p>NOS Voetbal\u2022vandaag, 11:42<\/p>\n<ul data-sentry-element=\"List\" data-sentry-source-file=\"Bios.tsx\" class=\"sc-5a4c6157-2 BEKFl\">\n<li class=\"sc-5a4c6157-0 hlPakX\">\n<p data-sentry-element=\"Name\" data-sentry-source-file=\"NameAndDescription.tsx\" class=\"sc-87f09551-1 AgcKJ\">Jesse Wieten<\/p>\n<p class=\"sc-87f09551-2 jvtcnd\">redacteur voetbal<\/p>\n<\/li>\n<\/ul>\n<ul data-sentry-element=\"SlideContainer\" data-sentry-source-file=\"Carousel.tsx\" class=\"sc-1f721a4b-2 kSTOcb\">\n<li class=\"sc-5a4c6157-0 hlPakX\">\n<p data-sentry-element=\"Name\" data-sentry-source-file=\"NameAndDescription.tsx\" class=\"sc-87f09551-1 AgcKJ\">Jesse Wieten<\/p>\n<p class=\"sc-87f09551-2 jvtcnd\">redacteur voetbal<\/p>\n<\/li>\n<\/ul>\n<p class=\"sc-2ea02837-0 fedhGB\" id=\"651499727289755\">Een basisplaats zit er voor Jorrel Hato vermoedelijk niet in als Chelsea het vanavond opneemt tegen Ajax in de Champions League. De 19-jarige verdediger verhuisde begin augustus <a data-tracking=\"elementType=page|elementId=https:\/\/nos.nl\/artikel\/2577485-ajax-is-hato-definitief-kwijt-aan-chelsea-waar-hij-tekent-tot-en-met-2032|eventType=navigation|eventName=open\" target=\"_self\" href=\"https:\/\/nos.nl\/artikel\/2577485-ajax-is-hato-definitief-kwijt-aan-chelsea-waar-hij-tekent-tot-en-met-2032\" rel=\"nofollow noopener\">voor 44 miljoen euro van Amsterdam naar Londen<\/a>. Hij krijgt daar de tijd om te wennen.<\/p>\n<p class=\"sc-2ea02837-0 fedhGB\" id=\"301726894290071\">Afgelopen weekend <a data-tracking=\"elementType=page|elementId=https:\/\/nos.nl\/artikel\/2586883-nottingham-forest-ontslaat-trainer-postecoglou-half-uur-na-nederlaag-tegen-chelsea|eventType=navigation|eventName=open\" target=\"_self\" href=\"https:\/\/nos.nl\/artikel\/2586883-nottingham-forest-ontslaat-trainer-postecoglou-half-uur-na-nederlaag-tegen-chelsea\" rel=\"nofollow noopener\">tegen Nottingham Forest (0-3 winst)<\/a> zat Hato de hele wedstrijd op de bank, zoals hem ook overkwam in de Champions League-wedstrijden tegen Bayern M\u00fcnchen (3-1 verlies) en Benfica (1-0 winst).<\/p>\n<p class=\"sc-2ea02837-0 fedhGB\" id=\"306006747129389\">In de Premier League kwam Hato tot nu toe vier van de acht wedstrijden in actie, waarvan twee als invaller en twee als basisspeler. Alleen in de League Cup tegen Lincoln City (1-2 winst) mocht hij de hele wedstrijd blijven staan.<\/p>\n<p>&#8216;Hato hoeft zich geen zorgen te maken&#8217;<\/p>\n<p class=\"sc-2ea02837-0 fedhGB\" id=\"635400542654852\">Teleurstellend? Volgens voormalig Chelsea-speler Jeffrey Bruma totaal niet. &#8220;Ze hebben een plan met hem&#8221;, weet de 33-jarige Bruma. &#8220;Ze brengen jonge jongens in een rustig tempo. Dat zie je ook bij Hato. Langzaamaan krijgt hij meer minuten.&#8221;<\/p>\n<p><img alt=\"\" decoding=\"async\" loading=\"lazy\" src=\"https:\/\/www.europesays.com\/nl\/wp-content\/uploads\/2025\/10\/1761128949_82_1024x576a.jpg\" class=\"sc-bcb3b750-1 cULYcE\"\/>Pro Shots \/ ANPBruma als speler van Chelsea in 2010 en bij RKC Waalwijk in 2024<\/p>\n<p class=\"sc-2ea02837-0 fedhGB\" id=\"889388855349580\">&#8220;Hato hoeft zich absoluut geen zorgen te maken&#8221;, gaat de voormalig verdediger verder. &#8220;Ze betalen niet voor niets zo&#8217;n groot bedrag. Ze zien in hem een steunpilaar voor de toekomst. Hij is nog geen speler voor nu, maar wel voor de komende jaren.&#8221;<\/p>\n<p class=\"sc-2ea02837-0 fedhGB\" id=\"245240559776059\">Bruma stapte in 2007 op 15-jarige leeftijd van de jeugd van Feyenoord over naar Chelsea. Ruim twee jaar later maakte hij al zijn Premier League-debuut, maar tot een definitieve doorbraak bij de &#8216;Blues&#8217; kwam het niet.<\/p>\n<p>Chelsea-Ajax bij de NOS<\/p>\n<p class=\"sc-2ea02837-0 fedhGB sc-7b5c2765-1 fybOMJ\">Het Champions League-duel Chelsea-Ajax (woensdag om 21.00 uur) is te volgen in het programma Langs de Lijn En Omstreken op <a href=\"https:\/\/www.nporadio1.nl\/\" data-tracking=\"elementType=external-link|elementId=https:\/\/www.nporadio1.nl\/|eventType=navigation|eventName=open\" target=\"_blank\" rel=\"nofollow noopener\">NPO Radio 1<\/a>.<\/p>\n<p class=\"sc-2ea02837-0 fedhGB sc-7b5c2765-1 fybOMJ\">Verder wordt via een liveblog op NOS.nl en in de NOS-app verslag gedaan van de wedstrijd.<\/p>\n<p class=\"sc-2ea02837-0 fedhGB\" id=\"254389799417600\">De overgang van Hato is een ander verhaal, weet Bruma. &#8220;Hij was de jongste aanvoerder van Ajax ooit en al enkele seizoenen een dragende kracht. Ik werd gehaald voor de toekomst, hij voor het eerste elftal van Chelsea.&#8221;<\/p>\n<p class=\"sc-2ea02837-0 fedhGB\" id=\"980747643474430\">Na huuravonturen bij Leicester City en Hamburger SV tekende Bruma in 2013 bij PSV. Eind september van dit jaar zette de 25-voudig international een punt achter zijn loopbaan. Hoewel woonachtig in Eindhoven, volgt hij zijn oude club Chelsea nog op de voet.<\/p>\n<p>Linksback of centrale verdediger?<\/p>\n<p class=\"sc-2ea02837-0 fedhGB\" id=\"348822600297258\">Waar Hato bij Ajax doorbrak als linker centrale verdediger en afgelopen seizoen onder coach Francesco Farioli vooral als linksback speelde, wordt hij in Londen tot nu toe wisselend gebruikt. De concurrentie op beide posities is hevig.<\/p>\n<p class=\"sc-2ea02837-0 fedhGB\" id=\"285163013327446\">Links achterin heeft hij te maken met de 27-jarige Spaans international Marc Cucurella. Door het vertrek van Ben Chilwell naar RC Strasbourg, afgelopen zomer, is Hato de tweede man op die positie.<\/p>\n<p class=\"sc-2ea02837-0 fedhGB\" id=\"69419146299859\">Centraal achterin zijn er meer kandidaten, maar door blessures vielen meerdere spelers dit seizoen weg. Levi Colwill scheurde zijn kruisband, ook Beno\u00eet Badiashile is er enige tijd uit en Wesley Fofana, Joshua Acheampong en Tosin Adarabioyo waren enige weken absent.<\/p>\n<p><img alt=\"\" decoding=\"async\" loading=\"lazy\" src=\"https:\/\/www.europesays.com\/nl\/wp-content\/uploads\/2025\/10\/1761128949_614_1024x576a.jpg\" class=\"sc-35032481-1 jENweF\"\/><\/p>\n<p>Past Heitinga strijdplan aan op topclub Chelsea? &#8216;We hebben er wel over gesproken&#8217;<\/p>\n<p class=\"sc-2ea02837-0 fedhGB\" id=\"561813943153384\">Door al die afwezigen kreeg Hato al twee keer een kans centraal in de verdediging, eigenlijk vaker dan verwacht in zijn eerste maanden bij Chelsea.<\/p>\n<p class=\"sc-2ea02837-0 fedhGB\" id=\"971272241912838\">&#8220;Ik denk dat Hato zich op beide posities moet richten&#8221;, zegt Bruma. &#8220;Cucurella zit in de bloei van zijn loopbaan. Dan moet Hato geduld opbrengen. Hij zit bij zo&#8217;n grote club en moet mondjesmaat meer minuten gaan maken.&#8221;<\/p>\n<p>Vertrouwen van coach: &#8216;Hato wordt topspeler&#8217;<\/p>\n<p class=\"sc-2ea02837-0 fedhGB\" id=\"830419275993654\">Na enige kritische geluiden in Engelse media sprak trainer Enzo Maresca onlangs zijn vertrouwen uit in Hato. &#8220;Hij wordt een topspeler voor Chelsea&#8221;, zei de Italiaan vol overtuiging.<\/p>\n<p><img alt=\"\" decoding=\"async\" loading=\"lazy\" src=\"https:\/\/www.europesays.com\/nl\/wp-content\/uploads\/2025\/10\/1761128949_276_1024x576a.jpg\" class=\"sc-bcb3b750-1 cULYcE\"\/>Pro ShotsJorrel Hato in actie op Stamford Bridge<\/p>\n<p class=\"sc-2ea02837-0 fedhGB\" id=\"592188195828491\">Op de persconferentie een dag voor het duel met Ajax voegde Maresca daaraan toe progressie te zien. &#8220;Hij probeert zich aan te passen aan de omstandigheden van het Engelse voetbal. De eerste twee, drie weken had hij moeite met het fysieke spel en de intensiteit, maar het gaat steeds beter.&#8221;<\/p>\n<p class=\"sc-2ea02837-0 fedhGB\" id=\"905919261467077\">&#8220;Het zijn mooie woorden&#8221;, reageert Bruma. &#8220;Daar kan hij zich aan vastklampen. De stap van Ajax naar Chelsea is groot. Eerst moet hij wennen, dat geldt voor iedere speler die naar de Premier League komt en hij is pas 19 jaar.&#8221;<\/p>\n<p class=\"sc-2ea02837-0 fedhGB\" id=\"222468648339563\">&#8220;Ik kan hem alleen maar adviseren om nooit tevreden te zijn, hard te blijven werken en altijd te blijven sleutelen aan zijn verbeterpunten&#8221;, besluit Bruma. &#8220;Dan staat hij er over \u00e9\u00e9n \u00e0 twee jaar.&#8221;<\/p>\n","protected":false},"excerpt":{"rendered":"Pro ShotsJorrel Hato NOS Voetbal\u2022vandaag, 11:42 Jesse Wieten redacteur voetbal Jesse Wieten redacteur voetbal Een basisplaats zit er&hellip;\n","protected":false},"author":2,"featured_media":31615,"comment_status":"","ping_status":"","sticky":false,"template":"","format":"standard","meta":{"footnotes":""},"categories":[21],"tags":[166,3299,48,9021,46,47,49,45,50,92,91],"class_list":{"0":"post-31669","1":"post","2":"type-post","3":"status-publish","4":"format-standard","5":"has-post-thumbnail","7":"category-sport","8":"tag-ajax","9":"tag-chelsea","10":"tag-dutch","11":"tag-jorrel-hato","12":"tag-nederland","13":"tag-nederlanden","14":"tag-nederlands","15":"tag-netherlands","16":"tag-nl","17":"tag-sport","18":"tag-sports"},"share_on_mastodon":{"url":"https:\/\/pubeurope.com\/@nl\/115417574512595065","error":""},"_links":{"self":[{"href":"https:\/\/www.europesays.com\/nl\/wp-json\/wp\/v2\/posts\/31669","targetHints":{"allow":["GET"]}}],"collection":[{"href":"https:\/\/www.europesays.com\/nl\/wp-json\/wp\/v2\/posts"}],"about":[{"href":"https:\/\/www.europesays.com\/nl\/wp-json\/wp\/v2\/types\/post"}],"author":[{"embeddable":true,"href":"https:\/\/www.europesays.com\/nl\/wp-json\/wp\/v2\/users\/2"}],"replies":[{"embeddable":true,"href":"https:\/\/www.europesays.com\/nl\/wp-json\/wp\/v2\/comments?post=31669"}],"version-history":[{"count":0,"href":"https:\/\/www.europesays.com\/nl\/wp-json\/wp\/v2\/posts\/31669\/revisions"}],"wp:featuredmedia":[{"embeddable":true,"href":"https:\/\/www.europesays.com\/nl\/wp-json\/wp\/v2\/media\/31615"}],"wp:attachment":[{"href":"https:\/\/www.europesays.com\/nl\/wp-json\/wp\/v2\/media?parent=31669"}],"wp:term":[{"taxonomy":"category","embeddable":true,"href":"https:\/\/www.europesays.com\/nl\/wp-json\/wp\/v2\/categories?post=31669"},{"taxonomy":"post_tag","embeddable":true,"href":"https:\/\/www.europesays.com\/nl\/wp-json\/wp\/v2\/tags?post=31669"}],"curies":[{"name":"wp","href":"https:\/\/api.w.org\/{rel}","templated":true}]}}