{"id":3180,"date":"2025-09-24T11:21:07","date_gmt":"2025-09-24T11:21:07","guid":{"rendered":"https:\/\/www.europesays.com\/nl\/3180\/"},"modified":"2025-09-24T11:21:07","modified_gmt":"2025-09-24T11:21:07","slug":"sponsors-eisen-dat-veelbesproken-wielerploeg-israel-uit-teamnaam-schrapt","status":"publish","type":"post","link":"https:\/\/www.europesays.com\/nl\/3180\/","title":{"rendered":"Sponsors eisen dat veelbesproken wielerploeg &#8216;Israel&#8217; uit teamnaam schrapt"},"content":{"rendered":"<p><img alt=\"\" decoding=\"async\" loading=\"eager\" src=\"https:\/\/www.europesays.com\/nl\/wp-content\/uploads\/2025\/09\/1758712867_746_1024x576a.jpg\" class=\"sc-bcb3b750-1 cULYcE\"\/>EPAProtesten tegen wielerploeg Israel-Premier Tech bij de Ronde van Spanje.<\/p>\n<p>NOS Wielrennen\u2022vandaag, 10:41<\/p>\n<p class=\"sc-2ea02837-0 fedhGB\" id=\"341171879557263\">Premier Tech, de hoofdsponsor van de veelbesproken wielerploeg Israel-Premier Tech, wil een naamsverandering. Ook fietsleverancier Factor overweegt de samenwerking te be\u00ebindigen als de naam van het land niet wordt geschrapt.<\/p>\n<p class=\"sc-2ea02837-0 fedhGB\" id=\"863194803160532\">De Isra\u00eblische wielerploeg was tijdens de Ronde van Spanje het mikpunt van pro-Palestijnse betogers. Dat zorgde voor chaos. Meerdere etappes moesten worden ingekort of niet uitgereden door de aanwezigheid van demonstranten.<\/p>\n<p class=\"sc-2ea02837-0 fedhGB\" id=\"603096731839444\">De grote man achter de wielerploeg is de Isra\u00eblisch-Canadese zakenman Sylvan Adams, die de Isra\u00eblische aanvallen op Gaza openlijk prijst. De ploeg rijdt onder een Isra\u00eblische licentie, maar wordt niet gefinancierd door het land.<\/p>\n<p>Niet langer houdbaar<\/p>\n<p class=\"sc-2ea02837-0 fedhGB\" id=\"960720954032986\">Hoofdsponsor Premier Tech eist dat de ploeg overstapt op een nieuwe naam, waarin Israel niet voorkomt, en dat een nieuwe identiteit en merkimago wordt aangenomen.<\/p>\n<p class=\"sc-2ea02837-0 fedhGB\" id=\"347704019608866\">&#8220;Dat is een voorwaarde om verbonden te blijven aan de ploeg&#8221;, stelt het Canadese bedrijf. &#8220;We hebben oog voor de situatie op het wereldtoneel, die aanzienlijk is veranderd sinds we in 2017 zijn toegetreden tot de World Tour&#8230; De huidige situatie met betrekking tot de teamnaam is niet langer houdbaar.&#8221;<\/p>\n<p class=\"sc-2ea02837-0 fedhGB\" id=\"147380654365441\">Eerder deze week liet ook Factor, dat de fietsen levert aan de wielerploeg, weten dat het Britse bedrijf nadenkt over de samenwerking. &#8220;Ik heb het al aangegeven bij de ploeg: zonder een naam- en vlagwijziging zullen we niet doorgaan als sponsor&#8221;, liet CEO Rob Gitelis weten.<\/p>\n","protected":false},"excerpt":{"rendered":"EPAProtesten tegen wielerploeg Israel-Premier Tech bij de Ronde van Spanje. NOS Wielrennen\u2022vandaag, 10:41 Premier Tech, de hoofdsponsor van&hellip;\n","protected":false},"author":2,"featured_media":3181,"comment_status":"","ping_status":"","sticky":false,"template":"","format":"standard","meta":{"footnotes":""},"categories":[21],"tags":[48,1615,46,47,49,45,50,92,91,675],"class_list":{"0":"post-3180","1":"post","2":"type-post","3":"status-publish","4":"format-standard","5":"has-post-thumbnail","7":"category-sport","8":"tag-dutch","9":"tag-israel-premier-tech","10":"tag-nederland","11":"tag-nederlanden","12":"tag-nederlands","13":"tag-netherlands","14":"tag-nl","15":"tag-sport","16":"tag-sports","17":"tag-wielrennen"},"share_on_mastodon":{"url":"","error":""},"_links":{"self":[{"href":"https:\/\/www.europesays.com\/nl\/wp-json\/wp\/v2\/posts\/3180","targetHints":{"allow":["GET"]}}],"collection":[{"href":"https:\/\/www.europesays.com\/nl\/wp-json\/wp\/v2\/posts"}],"about":[{"href":"https:\/\/www.europesays.com\/nl\/wp-json\/wp\/v2\/types\/post"}],"author":[{"embeddable":true,"href":"https:\/\/www.europesays.com\/nl\/wp-json\/wp\/v2\/users\/2"}],"replies":[{"embeddable":true,"href":"https:\/\/www.europesays.com\/nl\/wp-json\/wp\/v2\/comments?post=3180"}],"version-history":[{"count":0,"href":"https:\/\/www.europesays.com\/nl\/wp-json\/wp\/v2\/posts\/3180\/revisions"}],"wp:featuredmedia":[{"embeddable":true,"href":"https:\/\/www.europesays.com\/nl\/wp-json\/wp\/v2\/media\/3181"}],"wp:attachment":[{"href":"https:\/\/www.europesays.com\/nl\/wp-json\/wp\/v2\/media?parent=3180"}],"wp:term":[{"taxonomy":"category","embeddable":true,"href":"https:\/\/www.europesays.com\/nl\/wp-json\/wp\/v2\/categories?post=3180"},{"taxonomy":"post_tag","embeddable":true,"href":"https:\/\/www.europesays.com\/nl\/wp-json\/wp\/v2\/tags?post=3180"}],"curies":[{"name":"wp","href":"https:\/\/api.w.org\/{rel}","templated":true}]}}