{"id":31864,"date":"2025-10-22T14:14:10","date_gmt":"2025-10-22T14:14:10","guid":{"rendered":"https:\/\/www.europesays.com\/nl\/31864\/"},"modified":"2025-10-22T14:14:10","modified_gmt":"2025-10-22T14:14:10","slug":"tineke-schouten-verkoopt-woning-gaat-naar-knappe-man","status":"publish","type":"post","link":"https:\/\/www.europesays.com\/nl\/31864\/","title":{"rendered":"Tineke Schouten verkoopt woning: &#8216;Gaat naar knappe man&#8217;"},"content":{"rendered":"<p class=\"mui-173mato e10ntc2u0\">Tineke Schouten gaat binnenkort afscheid nemen van haar woning, waar ze een lange tijd met haar inmiddels overleden echtgenoot Hans heeft gewoond. In Weekend vertelt ze over een nieuwe fase.<\/p>\n<p class=\"mui-173mato e10ntc2u0\">&#8220;De buurt krijgt er een knappe man voor in de plaats. Ik ga \u00f3f naar Noordwijk, \u00f3f Laren, \u00f3f daartussenin. Ik ben nog aan het kijken. Ik doe het rustig aan. Heb ik tegen die tijd niks, dan ga ik een jaartje huren.&#8221;<\/p>\n<p class=\"mui-173mato e10ntc2u0\">De juiste beslissing nemen<\/p>\n<p class=\"mui-173mato e10ntc2u0\">Of ze de verkoop emotioneel vindt? &#8220;Nee hoor, het is goed. Ik heb de beslissing genomen en ben blij dat die beslissing is gevallen. Het is een verrukkelijk huis, een soortgelijk huis voor dat geld zal ik nooit meer vinden, want in Laren en Noordwijk ben je het dubbele kwijt.&#8221;<\/p>\n<p class=\"mui-173mato e10ntc2u0\">Waarom ze dan toch weggaat? &#8220;De tuin is gewoon veel te groot voor mij, die is drie\u00ebnhalf hectare. Als ik er nou nog met iemand van had kunnen genieten, zoals ik met mijn man deed, dan was het goed. Maar ik ga nu eigenlijk altijd naar <a rel=\"noopener noreferrer nofollow\" target=\"_blank\" class=\"mui-1i4zqbr e1bmvyuj0\" href=\"https:\/\/www.shownieuws.nl\/entertainment\/bners\/artikelen\/dit-doet-tineke-schouten-tegen-eenzaamheid\">mijn dochters toe.<\/a>&#8220;<\/p>\n<p class=\"mui-173mato e10ntc2u0\">Lees hieronder verder&#8230;<\/p>\n<p class=\"mui-173mato e10ntc2u0\">Liefde op je pad?<\/p>\n<p class=\"mui-173mato e10ntc2u0\">Tineke woont inmiddels twee jaar alleen. Of ze al aan het daten is geslagen? &#8220;Nee, ik ben heel erg universum-gericht. Als het op mijn pad komt, komt het. En voor de rest ben ik z\u00e9ker niet op zoek. Ik heb lang moeten zoeken voor ik Hans vond en ben<a rel=\"noopener noreferrer nofollow\" target=\"_blank\" class=\"mui-1i4zqbr e1bmvyuj0\" href=\"https:\/\/www.shownieuws.nl\/entertainment\/nieuws\/artikelen\/echtgenoot-tineke-schouten-overleden\"> 45 jaar gelukkig met hem geweest<\/a>. Ik denk niet dat je op je oude dag heel makkelijk nog iemand vindt. Maar wie weet, ik zeg ook niet: \u2019Nooit meer\u2019.&#8221;<\/p>\n<p class=\"mui-173mato e10ntc2u0\">&#8216;Zwarte komedie&#8217;<\/p>\n<p class=\"mui-173mato e10ntc2u0\">Tineke staat allesbehalve stil. Zo speelt ze \u00e9\u00e9n van de rollen in de gloednieuwe bioscoopfilm van met de familie Meiland. Chateau Moordland, hoe de nieuwe film heet,\u00a0komt in december 2026 in de bioscopen. Dat maakten de Meilandjes eerder bekend. <\/p>\n<p class=\"mui-173mato e10ntc2u0\"><a rel=\"noopener noreferrer nofollow\" target=\"_blank\" class=\"mui-1i4zqbr e1bmvyuj0\" href=\"https:\/\/www.shownieuws.nl\/entertainment\/bners\/artikelen\/tineke-schouten-meilandjes-samenwerking-film\">Chateau Moordland<\/a>\u00a0moet een zwarte komedie worden. De Meilandjes, die zichzelf spelen, vinden in hun nieuwe huis een lijk. Volgens Martien is het &#8220;script om te gieren&#8221;, vertelde hij eerder bij RTL Boulevard. <\/p>\n<p class=\"mui-173mato e10ntc2u0\">Meer over de reactie van Tineke over haar nieuwe filmrol is in de onderstaande video te zien.<\/p>\n<p><img alt=\"Tineke Schouten te zien in Meilandjes 'moordkomedie'\" loading=\"lazy\" decoding=\"async\" data-nimg=\"fill\" class=\"mui-nacstu e1qtpq9e5\" style=\"position:absolute;height:100%;width:100%;left:0;top:0;right:0;bottom:0;color:transparent\"   src=\"https:\/\/www.europesays.com\/nl\/wp-content\/uploads\/2025\/09\/tineke-schouten-te-zien-in-meilandjes-moordkomedie.jpg\"\/><\/p>\n<p>1:12<\/p>\n<p>Tineke Schouten te zien in Meilandjes &#8216;moordkomedie&#8217;<\/p>\n","protected":false},"excerpt":{"rendered":"Tineke Schouten gaat binnenkort afscheid nemen van haar woning, waar ze een lange tijd met haar inmiddels overleden&hellip;\n","protected":false},"author":2,"featured_media":31865,"comment_status":"","ping_status":"","sticky":false,"template":"","format":"standard","meta":{"footnotes":""},"categories":[19],"tags":[48,46,47,49,45,50,83,85,86,90,84,89,87,88],"class_list":{"0":"post-31864","1":"post","2":"type-post","3":"status-publish","4":"format-standard","5":"has-post-thumbnail","7":"category-wetenschap-en-technologie","8":"tag-dutch","9":"tag-nederland","10":"tag-nederlanden","11":"tag-nederlands","12":"tag-netherlands","13":"tag-nl","14":"tag-science","15":"tag-science-and-technology","16":"tag-scienceandtechnology","17":"tag-technologie","18":"tag-technology","19":"tag-wetenschap","20":"tag-wetenschap-en-technologie","21":"tag-wetenschaptechnologie"},"share_on_mastodon":{"url":"https:\/\/pubeurope.com\/@nl\/115418239074130745","error":""},"_links":{"self":[{"href":"https:\/\/www.europesays.com\/nl\/wp-json\/wp\/v2\/posts\/31864","targetHints":{"allow":["GET"]}}],"collection":[{"href":"https:\/\/www.europesays.com\/nl\/wp-json\/wp\/v2\/posts"}],"about":[{"href":"https:\/\/www.europesays.com\/nl\/wp-json\/wp\/v2\/types\/post"}],"author":[{"embeddable":true,"href":"https:\/\/www.europesays.com\/nl\/wp-json\/wp\/v2\/users\/2"}],"replies":[{"embeddable":true,"href":"https:\/\/www.europesays.com\/nl\/wp-json\/wp\/v2\/comments?post=31864"}],"version-history":[{"count":0,"href":"https:\/\/www.europesays.com\/nl\/wp-json\/wp\/v2\/posts\/31864\/revisions"}],"wp:featuredmedia":[{"embeddable":true,"href":"https:\/\/www.europesays.com\/nl\/wp-json\/wp\/v2\/media\/31865"}],"wp:attachment":[{"href":"https:\/\/www.europesays.com\/nl\/wp-json\/wp\/v2\/media?parent=31864"}],"wp:term":[{"taxonomy":"category","embeddable":true,"href":"https:\/\/www.europesays.com\/nl\/wp-json\/wp\/v2\/categories?post=31864"},{"taxonomy":"post_tag","embeddable":true,"href":"https:\/\/www.europesays.com\/nl\/wp-json\/wp\/v2\/tags?post=31864"}],"curies":[{"name":"wp","href":"https:\/\/api.w.org\/{rel}","templated":true}]}}