{"id":31935,"date":"2025-10-22T15:20:10","date_gmt":"2025-10-22T15:20:10","guid":{"rendered":"https:\/\/www.europesays.com\/nl\/31935\/"},"modified":"2025-10-22T15:20:10","modified_gmt":"2025-10-22T15:20:10","slug":"israel-moet-unrwa-na-verbod-opnieuw-toelaten-in-gaza-oordeelt-internationaal-gerechtshof-de-standaard","status":"publish","type":"post","link":"https:\/\/www.europesays.com\/nl\/31935\/","title":{"rendered":"Isra\u00ebl moet UNRWA na verbod opnieuw toelaten in Gaza, oordeelt Internationaal Gerechtshof &#8211; De Standaard"},"content":{"rendered":"<ol>\n<li><a href=\"https:\/\/news.google.com\/rss\/articles\/CBMi1AFBVV95cUxPR05OWG1OUVZGMDFvcS1wdWk5SWl5VWdyZzRDcVJVMkM1bndlSktwalh2R21vUEhQLVNyT2x3cGFuOXdPbm9kTm1VaGx1b1czTkszVGtSWGJZZEE1eFowd3d5M0RqbkY0NmJ5bURyOFlhSTVvX0RRN1VwYml6R1RGbWVIcnU5M2YwQUZuaHc3ajIzUURBSnVlNWRzREpGbU1aMkhGWGppaGxTU2R4aWttRDZ2dlNpV3l4N2ZuZV9YMVN6MGpyWl82eW9aN2JpUnVQTVN4Qw?oc=5\" target=\"_blank\" rel=\"nofollow noopener\">Isra\u00ebl moet UNRWA na verbod opnieuw toelaten in Gaza, oordeelt Internationaal Gerechtshof<\/a>&nbsp;&nbsp;De Standaard<\/li>\n<li><a href=\"https:\/\/news.google.com\/rss\/articles\/CBMi2AFBVV95cUxQdUw0RVM2eU42UHllTlpPTldCcnFRRGZpOWZ6T0RXT1dwSlctU3hpRzc3aTNzQ3NtOW02TDNub0VibmloUzZtYUdpVlg2Yno5cmN3dHlwbEdEakh3b2dzRXpwZFEtTnRtWlRqb0xUSlVhT1VBWl9Icmt5eU1nVFFuVFVvMVg5SERmMlZmUGJBZEJqYUw0WGUyUzdTb1pGRlo1QV9wTmtSZGhJLXo1dm55LU51X1BWSWxOYWxzbzlzdzl0ZGpMRmlkOHFtNjJMMmd4bWlETUtNWTk?oc=5\" target=\"_blank\" rel=\"nofollow noopener\">VN-hof: Isra\u00ebl moet hulpverlening VN in Palestijnse Gebieden toelaten \u2022 Twee lichamen gijzelaars ge\u00efdentificeerd<\/a>&nbsp;&nbsp;NOS<\/li>\n<li><a href=\"https:\/\/news.google.com\/rss\/articles\/CBMiswFBVV95cUxPb2VSZnl5emZIVHYzLUNwaUZfU01BT1hMUUlURzRrZnhlTDItRmZSbGs2S2lPMFN5YTV5UFdNMGNFN1lTUDBhdG91bThublU3dHhjcE9TYWRFZENKSlFvaEpHOUh5UWxDNFdkNXhYc21xWkJwdlBrMzViNUxuRkhkSnlDNm14Mkk2TG50VXhZZWZqeGlSaUFtanVGWkxYMFJ3d241M2FIM2YtQUsyNmo4eHQxVQ?oc=5\" target=\"_blank\" rel=\"nofollow noopener\">ICJ eist dat Isra\u00ebl VN-hulp toestaat in Palestijnse Gebieden<\/a>&nbsp;&nbsp;NU<\/li>\n<li><a href=\"https:\/\/news.google.com\/rss\/articles\/CBMirAFBVV95cUxOWXhkb1VUMndpOVEtTmpqdGJfczE2Z0VqaW5tLTFqd0cwejFqVWxhTS1MRGhhU0JLbjdvQWk3SXlTVmxrNU1XdHgtQlg3bVZLMTY5YmZsRndQT21LQVVCSVhHcHhoTHo4MnBrZVZvYVJZMlBWczlBUFQxZ3E5eVpwUEl1TUhUSVM3MnlBLTd3amctZDc5RV8wQnE4ekM4MWRUMkg5TEV6ZWZ6cDNz?oc=5\" target=\"_blank\" rel=\"nofollow noopener\">LIVE | Isra\u00ebl staat g\u00e9\u00e9n VN-hulp toe in Palestijnse gebieden<\/a>&nbsp;&nbsp;De Telegraaf<\/li>\n<li><a href=\"https:\/\/news.google.com\/rss\/articles\/CBMivgFBVV95cUxPV2tkMC1oSmxUNTJOT3ctS2hBUWl3NnVtYnNCemliZ0pQcXUzeWNSRncydVF3ZENNSFpTQUZ3dWRDejB4UWtqUFpuWU9CQ0RKWTZCM0E2bjZhWnJPZjNnb19LeWRhc3JlTEgybEtrb3NKcG5EbGQzdzRvTlIyMVlzcGhGVUI1N1lSSy1jYlg5b21scUwxSTdQTndLeWcxbHliRGkxa0lRSzRZMzZMc0k5LXh5WDg4MHhsOTA4Wjd3?oc=5\" target=\"_blank\" rel=\"nofollow noopener\">Internationaal Gerechtshof: Isra\u00ebl moet VN-hulp toestaan in Palestijnse gebieden<\/a>&nbsp;&nbsp;Het Parool<\/li>\n<\/ol>\n","protected":false},"excerpt":{"rendered":"Isra\u00ebl moet UNRWA na verbod opnieuw toelaten in Gaza, oordeelt Internationaal Gerechtshof&nbsp;&nbsp;De Standaard VN-hof: Isra\u00ebl moet hulpverlening VN&hellip;\n","protected":false},"author":2,"featured_media":31936,"comment_status":"","ping_status":"","sticky":false,"template":"","format":"standard","meta":{"footnotes":""},"categories":[26],"tags":[99,48,98,102,103,101,46,47,49,45,50],"class_list":{"0":"post-31935","1":"post","2":"type-post","3":"status-publish","4":"format-standard","5":"has-post-thumbnail","7":"category-films","8":"tag-amusement","9":"tag-dutch","10":"tag-entertainment","11":"tag-film","12":"tag-films","13":"tag-movies","14":"tag-nederland","15":"tag-nederlanden","16":"tag-nederlands","17":"tag-netherlands","18":"tag-nl"},"share_on_mastodon":{"url":"https:\/\/pubeurope.com\/@nl\/115418498609889226","error":""},"_links":{"self":[{"href":"https:\/\/www.europesays.com\/nl\/wp-json\/wp\/v2\/posts\/31935","targetHints":{"allow":["GET"]}}],"collection":[{"href":"https:\/\/www.europesays.com\/nl\/wp-json\/wp\/v2\/posts"}],"about":[{"href":"https:\/\/www.europesays.com\/nl\/wp-json\/wp\/v2\/types\/post"}],"author":[{"embeddable":true,"href":"https:\/\/www.europesays.com\/nl\/wp-json\/wp\/v2\/users\/2"}],"replies":[{"embeddable":true,"href":"https:\/\/www.europesays.com\/nl\/wp-json\/wp\/v2\/comments?post=31935"}],"version-history":[{"count":0,"href":"https:\/\/www.europesays.com\/nl\/wp-json\/wp\/v2\/posts\/31935\/revisions"}],"wp:featuredmedia":[{"embeddable":true,"href":"https:\/\/www.europesays.com\/nl\/wp-json\/wp\/v2\/media\/31936"}],"wp:attachment":[{"href":"https:\/\/www.europesays.com\/nl\/wp-json\/wp\/v2\/media?parent=31935"}],"wp:term":[{"taxonomy":"category","embeddable":true,"href":"https:\/\/www.europesays.com\/nl\/wp-json\/wp\/v2\/categories?post=31935"},{"taxonomy":"post_tag","embeddable":true,"href":"https:\/\/www.europesays.com\/nl\/wp-json\/wp\/v2\/tags?post=31935"}],"curies":[{"name":"wp","href":"https:\/\/api.w.org\/{rel}","templated":true}]}}