{"id":33594,"date":"2025-10-24T06:37:11","date_gmt":"2025-10-24T06:37:11","guid":{"rendered":"https:\/\/www.europesays.com\/nl\/33594\/"},"modified":"2025-10-24T06:37:11","modified_gmt":"2025-10-24T06:37:11","slug":"nog-geen-akkoord-op-eu-top-over-inzetten-bevroren-russische-tegoeden-voor-oekraine","status":"publish","type":"post","link":"https:\/\/www.europesays.com\/nl\/33594\/","title":{"rendered":"Nog geen akkoord op EU-top over inzetten bevroren Russische tegoeden voor Oekra\u00efne"},"content":{"rendered":"<p>Oekra\u00efne staat er financieel slecht voor. Het land heeft dringend extra middelen nodig om het hoofd boven water te houden en om de oorlog tegen Rusland vol te kunnen houden. Zelensky hoopt dat de Europese Unie snel groen licht geeft om bevroren Russische tegoeden te gebruiken voor een lening aan Oekra\u00efne. &#8220;Wij hebben het geld nodig, het liefst al vanaf begin van volgend jaar.&#8221;<\/p>\n<p> Belgi\u00eb ziet &#8216;gigantische risico&#8217;s&#8217; <\/p>\n<p>Maar onder EU-leiders is nog onvoldoende steun voor het plan van de Europese Commissie om de bevroren Russische tegoeden te gebruiken voor een renteloze lening van 141 miljard euro aan Oekra\u00efne. Dat is de uitkomst na een dag vergaderen.\u00a0<\/p>\n<p>Vooral voor Belgi\u00eb ligt het moeilijk. In dat land is een groot deel van de Russische tegoeden gestald. De Belgische premier De Wever wil niet in zijn eentje opdraaien voor de risico&#8217;s, en vindt dat die evenredig over de lidstaten moeten worden verdeeld.<\/p>\n<p>Hoe het precies zit, leggen we in deze video uit:\u00a0<\/p>\n<p>De Wever zei bij aanvang van de top al dat er wel een wonder moet gebeuren willen de regeringsleiders het op korte termijn al eens worden over de inzet van de bevroren tegoeden. Op deze top is dat inderdaad niet gelukt. Hiermee is niet gezegd dat dit plan helemaal van tafel is. De regeringsleiders willen verschillende opties zien om Oekra\u00efne financieel te ondersteunen in 2026 en 2027, staat in de slotverklaring van de top van 26 EU-lidstaten.<\/p>\n<p> Geen alternatief <\/p>\n<p>De Commissie moet zo snel mogelijk met opties komen: het plan van bevroren tegoeden kan als een daarvan worden voorgelegd. De plannen worden op de eerstvolgende EU-top van eind december besproken. Oekra\u00efne heeft het geld hard nodig voor de aankoop van defensiematerieel.<\/p>\n<p>Tot nu toe werd door diverse EU-bronnen gezegd dat er geen alternatief voorhanden is om Oekra\u00efne snel aan veel geld te helpen. De lidstaten kunnen vanuit hun eigen begroting geen extra geld aan Oekra\u00efne geven, omdat verschillende EU-landen zoals Belgi\u00eb en Frankrijk er financieel slecht voor staan.<\/p>\n<p>Demissionair premier Dick Schoof zei na afloop van het overleg dat als landen &#8216;evenveel zouden afdragen aan Oekra\u00efne als Nederland, de financiering rond zou zijn&#8217;.\u00a0<\/p>\n<p>De dag begon juist positief voor Zelensky. De Amerikaanse president Trump is na een bezoek van NAVO-baas Mark Rutte weer terug in het pro-Oekra\u00efnekamp. En er komen nieuwe Amerikaanse en Europese sancties tegen Rusland.\u00a0<\/p>\n<p>De twee machtsblokken willen zo de druk op Rusland opvoeren om te stoppen met oorlog voeren en aan de onderhandelingstafel plaats te nemen. Vanuit Moskou klonk vandaag al de boodschap dat Rusland zich niet door sancties laat dwingen.<\/p>\n<p>Een week geleden kwamen de NAVO-landen overeen om meer steun te bieden aan Oekra\u00efne:<\/p>\n","protected":false},"excerpt":{"rendered":"Oekra\u00efne staat er financieel slecht voor. Het land heeft dringend extra middelen nodig om het hoofd boven water&hellip;\n","protected":false},"author":2,"featured_media":33595,"comment_status":"","ping_status":"","sticky":false,"template":"","format":"standard","meta":{"footnotes":""},"categories":[17],"tags":[4574,424,73,74,48,3353,46,47,49,45,50,1374,2452,75],"class_list":{"0":"post-33594","1":"post","2":"type-post","3":"status-publish","4":"format-standard","5":"has-post-thumbnail","7":"category-zakelijk","8":"tag-bart-de-wever","9":"tag-belgie","10":"tag-business","11":"tag-commercial","12":"tag-dutch","13":"tag-europese-unie","14":"tag-nederland","15":"tag-nederlanden","16":"tag-nederlands","17":"tag-netherlands","18":"tag-nl","19":"tag-oorlog-in-oekraine","20":"tag-volodymyr-zelensky","21":"tag-zakelijk"},"share_on_mastodon":{"url":"https:\/\/pubeurope.com\/@nl\/115427766636275624","error":""},"_links":{"self":[{"href":"https:\/\/www.europesays.com\/nl\/wp-json\/wp\/v2\/posts\/33594","targetHints":{"allow":["GET"]}}],"collection":[{"href":"https:\/\/www.europesays.com\/nl\/wp-json\/wp\/v2\/posts"}],"about":[{"href":"https:\/\/www.europesays.com\/nl\/wp-json\/wp\/v2\/types\/post"}],"author":[{"embeddable":true,"href":"https:\/\/www.europesays.com\/nl\/wp-json\/wp\/v2\/users\/2"}],"replies":[{"embeddable":true,"href":"https:\/\/www.europesays.com\/nl\/wp-json\/wp\/v2\/comments?post=33594"}],"version-history":[{"count":0,"href":"https:\/\/www.europesays.com\/nl\/wp-json\/wp\/v2\/posts\/33594\/revisions"}],"wp:featuredmedia":[{"embeddable":true,"href":"https:\/\/www.europesays.com\/nl\/wp-json\/wp\/v2\/media\/33595"}],"wp:attachment":[{"href":"https:\/\/www.europesays.com\/nl\/wp-json\/wp\/v2\/media?parent=33594"}],"wp:term":[{"taxonomy":"category","embeddable":true,"href":"https:\/\/www.europesays.com\/nl\/wp-json\/wp\/v2\/categories?post=33594"},{"taxonomy":"post_tag","embeddable":true,"href":"https:\/\/www.europesays.com\/nl\/wp-json\/wp\/v2\/tags?post=33594"}],"curies":[{"name":"wp","href":"https:\/\/api.w.org\/{rel}","templated":true}]}}