{"id":34154,"date":"2025-10-24T16:21:13","date_gmt":"2025-10-24T16:21:13","guid":{"rendered":"https:\/\/www.europesays.com\/nl\/34154\/"},"modified":"2025-10-24T16:21:13","modified_gmt":"2025-10-24T16:21:13","slug":"nog-snel-kijken-netflix-schopt-zonder-pardon-de-allerbeste-film-van-vorig-jaar-uit-het-aanbod-netflix-nieuws","status":"publish","type":"post","link":"https:\/\/www.europesays.com\/nl\/34154\/","title":{"rendered":"Nog snel kijken? Netflix schopt zonder pardon de allerbeste film van vorig jaar uit het aanbod | Netflix Nieuws"},"content":{"rendered":"<p>We wachten geduldig op meer van <a href=\"https:\/\/www.moviemeter.nl\/..\/personen\/137427\/denis-villeneuve\" rel=\"nofollow noopener\" target=\"_blank\">Denis Villeneuve<\/a> en kunnen haast niet wachten op het derde deel uit de iconische <a href=\"https:\/\/www.moviemeter.nl\/..\/film\/1129241\" rel=\"nofollow noopener\" target=\"_blank\">Dune<\/a>-reeks. Tot die tijd moeten we het doen met de eerste twee delen \u00e9n de <a href=\"https:\/\/www.moviemeter.nl\/..\/series\/show\/10603\" rel=\"nofollow noopener\" target=\"_blank\">Dune-serie<\/a>. Helaas verdwijnt \u00e9\u00e9n van die titels binnenkort wel van <a href=\"https:\/\/www.moviemeter.nl\/netflix\" rel=\"nofollow noopener\" target=\"_blank\">Netflix<\/a>\u2026&#13;<br \/>\n                                                                    &#13;\n                                                                    <\/p>\n<p>In 1965 bracht Frank Herbert een boek uit dat de sciencefiction-wereld volledig zou veranderen. &#8216;Space opera&#8217; Dune was een gigantisch succes en Denis Villeneuve besloot (na \u00e9\u00e9n mislukte verfilming en <a href=\"https:\/\/www.moviemeter.nl\/..\/personen\/5602\/david-lynch\" rel=\"nofollow noopener\" target=\"_blank\">David Lynch<\/a>&#8216; versie van het iconische boek) ook een poging te wagen om het legendarische verhaal op camera te zetten.\u00a0&#13;<br \/>\n&#13;<br \/>\n&#13;<br \/>\n&#13;<br \/>\n&#13;\n                                                                    <\/p>\n<p>Castleden<\/p>\n<p>Dat deed hij met een grote sterrencast. De hoofdrollen van Dune worden gespeeld door <a href=\"https:\/\/www.moviemeter.nl\/..\/personen\/1190668\/timothee-chalamet\" rel=\"nofollow noopener\" target=\"_blank\">Timoth\u00e9e Chalamet<\/a>, <a href=\"https:\/\/www.moviemeter.nl\/..\/personen\/505710\/zendaya\" rel=\"nofollow noopener\" target=\"_blank\">Zendaya<\/a>, <a href=\"https:\/\/www.moviemeter.nl\/..\/personen\/933238\/rebecca-ferguson\" rel=\"nofollow noopener\" target=\"_blank\">Rebecca Ferguson<\/a>, <a href=\"https:\/\/www.moviemeter.nl\/..\/personen\/16851\/josh-brolin\" rel=\"nofollow noopener\" target=\"_blank\">Josh Brolin<\/a>, <a href=\"https:\/\/www.moviemeter.nl\/..\/personen\/86654\/austin-butler\" rel=\"nofollow noopener\" target=\"_blank\">Austin Butler<\/a> en <a href=\"https:\/\/www.moviemeter.nl\/..\/personen\/1373737\/florence-pugh\" rel=\"nofollow noopener\" target=\"_blank\">Florence Pugh<\/a>. Het boek van Frank Herbert splitste Villeneuve op in twee delen en het slotstuk van het verhaal kregen we vorig jaar voorgeschoteld met <a href=\"https:\/\/www.moviemeter.nl\/..\/film\/1153939\" rel=\"nofollow noopener\" target=\"_blank\">Dune: Part Two<\/a>. En die maakte enorm veel indruk.\u00a0                                                                    <\/p>\n<p>&#13;<br \/>\n                                                                        Artikel gaat verder onder video&#13;<br \/>\n                                                                        &#13;\n                                                                    <\/p>\n<p>                                                                    Lovende reacties<\/p>\n<p>Dune: Part Two krijgt over het algemeen enkel lovende recensies. Op IMDb scoort het indrukwekkende epos een 8,4 en op deze site weet het tweede deel van Dune een 3,92 uit 5 te scoren. Daarmee is Dune: Part Two niet alleen \u00e9\u00e9n van de beste films aller tijden, maar staat de scifi op deze site zelfs met stipt op \u00e9\u00e9n in de lijst met beste films van 2024.\u00a0&#13;<br \/>\n                                                                    &#13;\n                                                                    <\/p>\n<p>                                                                                        <a class=\"js-overlay-start-nonpreroll\" data-url=\"https:\/\/www.youtube.com\/embed\/Way9Dexny3w\">&#13;<br \/>\n                                                                                            &#13;<br \/>\n                                                                                                &#13;<br \/>\n                                                                                                <img decoding=\"async\" src=\"https:\/\/www.europesays.com\/nl\/wp-content\/uploads\/2025\/10\/1761322873_11_sddefault.jpg\" alt=\"trailer\"\/>&#13;<br \/>\n                                                                                            &#13;<br \/>\n                                                                                        <\/a><br \/>\n                                                                                    Fremen<\/p>\n<p>In Dune: Part Two zet Paul Atreides zijn epische reis voort wanneer hij zich aansluit bij Chani en de inheemse bevolking van Arrakis, de Fremen. Samen bereiden ze zich voor op een oorlog om wraak te nemen op de machten die verantwoordelijk zijn voor de ondergang van zijn familie.\u00a0<\/p>\n<p>Weg van Netflix<\/p>\n<p>Terwijl Paul wordt geconfronteerd met de onmogelijke keuze tussen zijn grote liefde en het lot van het universum, probeert hij een duistere toekomst te vermijden die alleen hij weet te voorspellen. Als je dit verhaal nog wil zien, moet je snel zijn. Dune: Part Two verdwijnt na 20 november van Netflix. Tot dusver is het niet bekend wanneer de film daarna regulier te streamen is.\u00a0<\/p>\n<p>Dune: Part Two verdwijnt na 20 november van Netflix.\u00a0&#13;<br \/>\n                                                    &#13;<br \/>\n                                                    &#13;<br \/>\n                                                                                                        &#13;<br \/>\n                                                                                                        \t\t\t\t\t\t\t\t\t\t\t\t\t&#13;\n                                                    <\/p>\n","protected":false},"excerpt":{"rendered":"We wachten geduldig op meer van Denis Villeneuve en kunnen haast niet wachten op het derde deel uit&hellip;\n","protected":false},"author":2,"featured_media":34155,"comment_status":"","ping_status":"","sticky":false,"template":"","format":"standard","meta":{"footnotes":"","_share_on_mastodon":"0"},"categories":[26],"tags":[99,6761,9507,9512,9506,48,98,8680,102,5345,103,9515,9510,101,46,47,49,1838,9514,5387,104,9509,45,50,9511,9513,8270,5541,1823,9508],"class_list":["post-34154","post","type-post","status-publish","format-standard","has-post-thumbnail","category-films","tag-amusement","tag-bioscoophit","tag-denis-villeneuve","tag-dune-2","tag-dune-part-two","tag-dutch","tag-entertainment","tag-epische-film","tag-film","tag-filmnieuws","tag-films","tag-frank-herbert","tag-laatste-kans","tag-movies","tag-nederland","tag-nederlanden","tag-nederlands","tag-netflix","tag-netflix-2025","tag-netflix-aanbod","tag-netflix-nieuws","tag-netflix-verwijdert","tag-netherlands","tag-nl","tag-populaire-films","tag-sci-fi-klassieker","tag-sciencefiction","tag-timothee-chalamet","tag-wo","tag-zendaya"],"share_on_mastodon":{"url":"https:\/\/pubeurope.com\/@nl\/115430063079558272","error":""},"_links":{"self":[{"href":"https:\/\/www.europesays.com\/nl\/wp-json\/wp\/v2\/posts\/34154","targetHints":{"allow":["GET"]}}],"collection":[{"href":"https:\/\/www.europesays.com\/nl\/wp-json\/wp\/v2\/posts"}],"about":[{"href":"https:\/\/www.europesays.com\/nl\/wp-json\/wp\/v2\/types\/post"}],"author":[{"embeddable":true,"href":"https:\/\/www.europesays.com\/nl\/wp-json\/wp\/v2\/users\/2"}],"replies":[{"embeddable":true,"href":"https:\/\/www.europesays.com\/nl\/wp-json\/wp\/v2\/comments?post=34154"}],"version-history":[{"count":0,"href":"https:\/\/www.europesays.com\/nl\/wp-json\/wp\/v2\/posts\/34154\/revisions"}],"wp:featuredmedia":[{"embeddable":true,"href":"https:\/\/www.europesays.com\/nl\/wp-json\/wp\/v2\/media\/34155"}],"wp:attachment":[{"href":"https:\/\/www.europesays.com\/nl\/wp-json\/wp\/v2\/media?parent=34154"}],"wp:term":[{"taxonomy":"category","embeddable":true,"href":"https:\/\/www.europesays.com\/nl\/wp-json\/wp\/v2\/categories?post=34154"},{"taxonomy":"post_tag","embeddable":true,"href":"https:\/\/www.europesays.com\/nl\/wp-json\/wp\/v2\/tags?post=34154"}],"curies":[{"name":"wp","href":"https:\/\/api.w.org\/{rel}","templated":true}]}}