{"id":34678,"date":"2025-10-25T07:52:09","date_gmt":"2025-10-25T07:52:09","guid":{"rendered":"https:\/\/www.europesays.com\/nl\/34678\/"},"modified":"2025-10-25T07:52:09","modified_gmt":"2025-10-25T07:52:09","slug":"syrische-nederlanders-ahmad-en-fadi-willen-beiden-verandering-de-een-stemt-pvv-de-ander-groenlinks-pvda","status":"publish","type":"post","link":"https:\/\/www.europesays.com\/nl\/34678\/","title":{"rendered":"Syrische Nederlanders Ahmad en Fadi willen beiden verandering: de \u00e9\u00e9n stemt PVV, de ander GroenLinks-PvdA"},"content":{"rendered":"<p class=\"paragraph alinea-paragraph\" data-v-1d362aa7=\"\" data-v-29d7a2fc=\"\">EenVandaag ondervroeg, in samenwerking met NPO-platform Net In Nederland, 350 Syrische Nederlanders over hoe zij naar de huidige politiek in ons land kijken. De uitkomsten laten zien dat hun meningen divers zijn en sterk afhangen van persoonlijke ervaringen. Ahmad Hamwi en Fadi Hadid wonen allebei al meer dan 10 jaar in Nederland, maar ze kijken verschillend naar de politiek en de maatschappelijke discussies.<\/p>\n<p>Niet altijd welkom<\/p>\n<p class=\"paragraph alinea-paragraph\" data-v-1d362aa7=\"\" data-v-29d7a2fc=\"\">Ahmad Hamwi woont al bijna 13 jaar in Nederland, maar voelt zich niet altijd even welkom vertelt hij. &#8220;Bij sommigen voel ik mij welkom, bij anderen niet. Ondanks dat ik hier al lang woon en mijn best doe met de taal, krijg ik soms reacties alsof ik net nieuw ben.&#8221;<\/p>\n<p class=\"paragraph alinea-paragraph\" data-v-1d362aa7=\"\" data-v-29d7a2fc=\"\">Hij legt uit dat terugkeren naar Syri\u00eb geen optie is. &#8220;Mijn ouders zijn overleden, ik heb er verder geen familie meer. Het land is nog steeds onveilig. Mijn kinderen zijn hier geboren en ik heb hier mijn leven opgebouwd.&#8221;<\/p>\n<p>&#8216;Geen begrip voor strenger asielbeleid&#8217;<\/p>\n<p class=\"paragraph alinea-paragraph\" data-v-1d362aa7=\"\" data-v-29d7a2fc=\"\">Naar de stembus gaan vindt Ahmad belangrijk, waarbij hij neigt naar GroenLinks-PvdA of DENK vertelt hij. &#8220;Ik stem op een partij waarvan ik denk dat die mij en mijn familie ondersteunt, waarbij de economie daarna het belangrijkste thema is.&#8221; Hij maakt zich zorgen over partijen als de PVV. &#8220;Ik maak me zorgen dat met de PVV aan de macht discriminatie toeneemt en &#8216;wij&#8217; de zondebok worden.&#8221;<\/p>\n<p class=\"paragraph alinea-paragraph\" data-v-1d362aa7=\"\" data-v-29d7a2fc=\"\">Hij begrijpt niet waarom de politieke discussie zich zo focust op Syri\u00ebrs. &#8220;Er komen ook veel mensen uit Polen of Roemeni\u00eb; zij zoeken ook huizen en banen. Het voelt soms als propaganda, misschien omdat wij moslim zijn? Wij zijn goed ge\u00efntegreerd, betalen belasting. Wat we missen is ondersteuning vanuit de regering.&#8221; Begrip voor het strengere asielbeleid onder kabinet-Schoof heeft hij dan ook niet.<\/p>\n<p>Hier meer thuis dan ooit<\/p>\n<p class=\"paragraph alinea-paragraph\" data-v-1d362aa7=\"\" data-v-29d7a2fc=\"\">Een heel ander geluid komt van Fadi Haddad. Hij woont ruim tien jaar in Nederland en voelt zich hier meer thuis dan ooit in Syri\u00eb. &#8220;Hier in Nederland is vrijheid mijn nummer \u00e9\u00e9n prioriteit. Je kunt zijn wie je bent. Ik ben op papier moslim, maar hier ben ik athe\u00efst geworden. Dat is iets wat ik in Syri\u00eb nooit zou durven zeggen.&#8221;<\/p>\n<p class=\"paragraph alinea-paragraph\" data-v-1d362aa7=\"\" data-v-29d7a2fc=\"\">Hij stemt bewust PVV, een keuze die vaak verbazing oproept vertelt hij. &#8220;Ik stem omdat ik verandering wil. Ik vind dat het huidige systeem niet werkt, met name het migratiebeleid. Ik zie Syri\u00ebrs die een paspoort krijgen, maar de taal niet leren of niets doen. Ik stem niet uit sympathie, ik denk dat Nederland een &#8216;klap in het gezicht&#8217; nodig heeft.&#8221;<\/p>\n<p>Strengere selectie<\/p>\n<p class=\"paragraph alinea-paragraph\" data-v-1d362aa7=\"\" data-v-29d7a2fc=\"\">Fadi is dankbaar voor de kans die hijzelf kreeg, maar vindt dat er strenger geselecteerd moet worden. &#8220;We moeten alleen mensen toelaten die zich echt willen inzetten voor het land, geen meelifters.&#8221; Hij begrijpt dan ook dat sommige partijen harder willen zijn. &#8220;Er wordt soms misbruik gemaakt van mensenrechten en dat moet beter gehandhaafd worden.&#8221;<\/p>\n<p class=\"paragraph alinea-paragraph\" data-v-1d362aa7=\"\" data-v-29d7a2fc=\"\">Zelfs het PVV-standpunt om Syri\u00ebrs met een tijdelijke vergunning terug te sturen, steunt hij deels legt hij uit. &#8220;Daar ben ik het mee eens, maar het moet wel per persoon worden beoordeeld. Je bent als Syri\u00ebr niet automatisch in gevaar.&#8221; Dat hij stemt op een partij die kritisch is over zijn herkomstgroep, deert hem niet: &#8220;Daar ben ik zelf ook kritisch op.&#8221;<\/p>\n","protected":false},"excerpt":{"rendered":"EenVandaag ondervroeg, in samenwerking met NPO-platform Net In Nederland, 350 Syrische Nederlanders over hoe zij naar de huidige&hellip;\n","protected":false},"author":2,"featured_media":34679,"comment_status":"","ping_status":"","sticky":false,"template":"","format":"standard","meta":{"footnotes":""},"categories":[12],"tags":[1080,39,40,48,43,44,34,35,41,42,735,46,47,49,45,32,33,50,438,1829,36,37,442,38],"class_list":{"0":"post-34678","1":"post","2":"type-post","3":"status-publish","4":"format-standard","5":"has-post-thumbnail","7":"category-nederland","8":"tag-binnenland","9":"tag-breaking-news","10":"tag-breakingnews","11":"tag-dutch","12":"tag-featured-news","13":"tag-featurednews","14":"tag-headlines","15":"tag-hoofdpunten","16":"tag-latest-news","17":"tag-latestnews","18":"tag-migratie","19":"tag-nederland","20":"tag-nederlanden","21":"tag-nederlands","22":"tag-netherlands","23":"tag-news","24":"tag-nieuws","25":"tag-nl","26":"tag-politiek","27":"tag-syrie","28":"tag-top-stories","29":"tag-topstories","30":"tag-verkiezingen","31":"tag-voorpaginanieuws"},"share_on_mastodon":{"url":"https:\/\/pubeurope.com\/@nl\/115433723910483983","error":""},"_links":{"self":[{"href":"https:\/\/www.europesays.com\/nl\/wp-json\/wp\/v2\/posts\/34678","targetHints":{"allow":["GET"]}}],"collection":[{"href":"https:\/\/www.europesays.com\/nl\/wp-json\/wp\/v2\/posts"}],"about":[{"href":"https:\/\/www.europesays.com\/nl\/wp-json\/wp\/v2\/types\/post"}],"author":[{"embeddable":true,"href":"https:\/\/www.europesays.com\/nl\/wp-json\/wp\/v2\/users\/2"}],"replies":[{"embeddable":true,"href":"https:\/\/www.europesays.com\/nl\/wp-json\/wp\/v2\/comments?post=34678"}],"version-history":[{"count":0,"href":"https:\/\/www.europesays.com\/nl\/wp-json\/wp\/v2\/posts\/34678\/revisions"}],"wp:featuredmedia":[{"embeddable":true,"href":"https:\/\/www.europesays.com\/nl\/wp-json\/wp\/v2\/media\/34679"}],"wp:attachment":[{"href":"https:\/\/www.europesays.com\/nl\/wp-json\/wp\/v2\/media?parent=34678"}],"wp:term":[{"taxonomy":"category","embeddable":true,"href":"https:\/\/www.europesays.com\/nl\/wp-json\/wp\/v2\/categories?post=34678"},{"taxonomy":"post_tag","embeddable":true,"href":"https:\/\/www.europesays.com\/nl\/wp-json\/wp\/v2\/tags?post=34678"}],"curies":[{"name":"wp","href":"https:\/\/api.w.org\/{rel}","templated":true}]}}