{"id":35024,"date":"2025-10-25T13:21:07","date_gmt":"2025-10-25T13:21:07","guid":{"rendered":"https:\/\/www.europesays.com\/nl\/35024\/"},"modified":"2025-10-25T13:21:07","modified_gmt":"2025-10-25T13:21:07","slug":"the-social-network-ii-gaat-historische-en-veel-besproken-bestorming-nabootsen","status":"publish","type":"post","link":"https:\/\/www.europesays.com\/nl\/35024\/","title":{"rendered":"&#8216;The Social Network II&#8217; gaat historische en veel besproken bestorming nabootsen"},"content":{"rendered":"<p>        Op de filmset van Aaron Sorkins nieuwe project, The Social Reckoning, zijn beelden opgedoken die erop wijzen dat de film een reconstructie bevat van de bestorming van het Capitool op 6 januari 2021 in Washington D.C., Verenigde Staten.<\/p>\n<p>De opnames zijn deze week gestart in Vancouver, Canada. E\u00e9n van de eerste sc\u00e8nes die werd gefilmd speelt zich af bij de Vancouver Art Gallery, die in de film dienstdoet als stand-in voor het Amerikaanse Capitool.<\/p>\n<p>Reconstructie van de bestorming<br \/>Volgens entertainmentwebsite Vulture zagen ooggetuigen op de set tientallen figuranten met Amerikaanse vlaggen, camouflagekleding en MAGA-petten. Deze sc\u00e8ne beeldt uit hoe relschoppers het gebouw binnendringen om te voorkomen dat de verkiezingsuitslag van Joe Biden officieel wordt bekrachtigd.<\/p>\n<p>Op videobeelden van de opnames is te zien hoe de figuranten, verkleed als relschoppers, de trappen bestormen terwijl beveiligers proberen de situatie onder controle te krijgen.<\/p>\n<p>De Facebook Files als basis<br \/>De film vertelt het waargebeurde verhaal achter de zogeheten Facebook Files uit 2021. In deze onthullingen werkte klokkenluider Frances Haugen (<a href=\"https:\/\/www.filmtotaal.nl\/persoon\/206744\" rel=\"nofollow noopener\" target=\"_blank\">Mikey Madison<\/a>) samen met journalist Jeff Horwitz (<a href=\"https:\/\/www.filmtotaal.nl\/persoon\/133949\" rel=\"nofollow noopener\" target=\"_blank\">Jeremy Allen White<\/a>) van de Wall Street Journal om de meest schadelijke geheimen van Facebook aan het licht te brengen.<\/p>\n<blockquote class=\"twitter-tweet\">\n<p lang=\"en\" dir=\"ltr\">Aaron Sorkin is reenacting the January 6 attack on the Capitol in Canada for &#8216;The Social Reckoning,&#8217;&#8230; <a href=\"https:\/\/t.co\/gW0Cn0S0Fz\" rel=\"nofollow\">https:\/\/t.co\/gW0Cn0S0Fz<\/a><a href=\"https:\/\/twitter.com\/hashtag\/news?src=hash&amp;ref_src=twsrc%5Etfw\" rel=\"nofollow noopener\" target=\"_blank\">#news<\/a> <a href=\"https:\/\/twitter.com\/hashtag\/breaking?src=hash&amp;ref_src=twsrc%5Etfw\" rel=\"nofollow noopener\" target=\"_blank\">#breaking<\/a><\/p>\n<p>&#8212; Newsini (@NewsiniApp) <a href=\"https:\/\/twitter.com\/NewsiniApp\/status\/1981783392677929446?ref_src=twsrc%5Etfw\" rel=\"nofollow noopener\" target=\"_blank\">October 24, 2025<\/a><\/p><\/blockquote>\n<p>Thematisch richt The Social Reckoning zich op de opkomst van winstgedreven online desinformatie en de bredere maatschappelijke gevolgen daarvan. Haugen heeft eerder gesteld dat Facebook een rol heeft gespeeld in het mogelijk maken van de gebeurtenissen op 6 januari.<\/p>\n<p>Sorkins kritische blik op sociale media<br \/>Met deze film lijkt Sorkin opnieuw een kritisch licht te werpen op de invloed van sociale media op de democratie, net zoals hij dat deed in The Social Network, zijn eerdere film over de oprichting van Facebook.<\/p>\n<p>The Social Reckoning staat gepland voor een bioscooprelease op 9 oktober 2026. De film belooft een indringende blik te werpen op de digitale krachten achter \u00e9\u00e9n van de meest controversi\u00eble momenten in recente Amerikaanse geschiedenis.<\/p>\n<p>    <script async src=\"https:\/\/platform.twitter.com\/widgets.js\" charset=\"utf-8\"><\/script><\/p>\n","protected":false},"excerpt":{"rendered":"Op de filmset van Aaron Sorkins nieuwe project, The Social Reckoning, zijn beelden opgedoken die erop wijzen dat&hellip;\n","protected":false},"author":2,"featured_media":35025,"comment_status":"","ping_status":"","sticky":false,"template":"","format":"standard","meta":{"footnotes":""},"categories":[26],"tags":[99,48,98,102,103,101,46,47,49,45,50],"class_list":{"0":"post-35024","1":"post","2":"type-post","3":"status-publish","4":"format-standard","5":"has-post-thumbnail","7":"category-films","8":"tag-amusement","9":"tag-dutch","10":"tag-entertainment","11":"tag-film","12":"tag-films","13":"tag-movies","14":"tag-nederland","15":"tag-nederlanden","16":"tag-nederlands","17":"tag-netherlands","18":"tag-nl"},"share_on_mastodon":{"url":"https:\/\/pubeurope.com\/@nl\/115435017612122347","error":""},"_links":{"self":[{"href":"https:\/\/www.europesays.com\/nl\/wp-json\/wp\/v2\/posts\/35024","targetHints":{"allow":["GET"]}}],"collection":[{"href":"https:\/\/www.europesays.com\/nl\/wp-json\/wp\/v2\/posts"}],"about":[{"href":"https:\/\/www.europesays.com\/nl\/wp-json\/wp\/v2\/types\/post"}],"author":[{"embeddable":true,"href":"https:\/\/www.europesays.com\/nl\/wp-json\/wp\/v2\/users\/2"}],"replies":[{"embeddable":true,"href":"https:\/\/www.europesays.com\/nl\/wp-json\/wp\/v2\/comments?post=35024"}],"version-history":[{"count":0,"href":"https:\/\/www.europesays.com\/nl\/wp-json\/wp\/v2\/posts\/35024\/revisions"}],"wp:featuredmedia":[{"embeddable":true,"href":"https:\/\/www.europesays.com\/nl\/wp-json\/wp\/v2\/media\/35025"}],"wp:attachment":[{"href":"https:\/\/www.europesays.com\/nl\/wp-json\/wp\/v2\/media?parent=35024"}],"wp:term":[{"taxonomy":"category","embeddable":true,"href":"https:\/\/www.europesays.com\/nl\/wp-json\/wp\/v2\/categories?post=35024"},{"taxonomy":"post_tag","embeddable":true,"href":"https:\/\/www.europesays.com\/nl\/wp-json\/wp\/v2\/tags?post=35024"}],"curies":[{"name":"wp","href":"https:\/\/api.w.org\/{rel}","templated":true}]}}