{"id":36139,"date":"2025-10-26T18:21:09","date_gmt":"2025-10-26T18:21:09","guid":{"rendered":"https:\/\/www.europesays.com\/nl\/36139\/"},"modified":"2025-10-26T18:21:09","modified_gmt":"2025-10-26T18:21:09","slug":"real-madrid-slaat-aanval-barcelona-af-en-wint-el-clasico-in-eigen-huis","status":"publish","type":"post","link":"https:\/\/www.europesays.com\/nl\/36139\/","title":{"rendered":"Real Madrid slaat aanval Barcelona af en wint El Cl\u00e1sico in eigen huis"},"content":{"rendered":"<p><img alt=\"\" decoding=\"async\" loading=\"eager\" src=\"https:\/\/www.europesays.com\/nl\/wp-content\/uploads\/2025\/10\/1761502868_240_1024x576a.jpg\" class=\"sc-bcb3b750-1 cULYcE\"\/>Pro ShotsReal Madrid viert de 1-0 van Kylian Mbapp\u00e9<\/p>\n<p>NOS Voetbal\u2022vandaag, 18:38<\/p>\n<p class=\"sc-2ea02837-0 fedhGB\" id=\"815474464362004\">Real Madrid heeft de aanval van Barcelona op de koppositie in La Liga vakkundig afgeslagen. In eigen huis werd met 2-1 gewonnen van de grote rivaal, bij wie de geschorste coach Hans-Dieter Flick vanachter glas moest toezien hoe zijn ploeg weliswaar het meeste balbezit had, maar het gevaar toch vooral van de witte brigade van Xabi Alonso kwam.<\/p>\n<p class=\"sc-2ea02837-0 fedhGB\" id=\"828028656452359\">Door de overwinning in de 191ste Cl\u00e1sico bouwde Real Madrid de voorsprong op Barcelona, dat aantrad met Frenkie de Jong op het middenveld maar Robert Lewandowski, Raphinha en Dani Olmo nog altijd miste, uit naar vijf punten. Villarreal, dat zaterdag al met 2-0 had gewonnen bij Valencia, is op zeven punten de verrassende nummer drie na tien speelronden.<\/p>\n<p>Snelle strafschop<\/p>\n<p class=\"sc-2ea02837-0 fedhGB\" id=\"523775580726658\">Het duel in Bernab\u00e9u was amper op gang gekomen of scheidsrechter C\u00e9sar Soto Grado wees al naar de stip. Nadere bestudering leerde hem echter dat Real-aanvaller Vin\u00edcius J\u00fanior tegen het been van de meeverdedigende Lamine Yamal had geschopt en niet andersom.<\/p>\n<p class=\"sc-2ea02837-0 fedhGB\" id=\"583922919025919\">Gejuich klonk er opnieuw in de twaalfde minuut, maar weer tevergeefs. De prachtige uithaal van Kylian Mbapp\u00e9 trof weliswaar doel, maar hij had ietsepietsie buitenspel gestaan. Tien minuten later schoot de rappe Fransman de Madrilenen alsnog naar 1-0. Hij sprintte uit de rug van Pau Cubars\u00ed vandaan en verlengde de fraaie dieptepass van Jude Bellingham tot achter Wojciech Szczesny.<\/p>\n<p><img alt=\"\" decoding=\"async\" loading=\"lazy\" src=\"https:\/\/www.europesays.com\/nl\/wp-content\/uploads\/2025\/10\/1761502869_233_1024x576a.jpg\" class=\"sc-bcb3b750-1 cULYcE\"\/>EPAKylian Mbapp\u00e9 schiet Real Madrid naar 1-0<\/p>\n<p class=\"sc-2ea02837-0 fedhGB\" id=\"286290193673889\">Nadat Real Madrid-verdediger Dean Huijsen de kans op 2-0 had gemist, leidde in de 38ste minuut balverlies van Arda G\u00fcler vlak voor zijn eigen strafschopgebied de gelijkmaker in. Alejandro Balde pikte de bal op, die via Marcus Rashford voor de voeten van Ferm\u00edn L\u00f3pez belandde: 1-1.<\/p>\n<p class=\"sc-2ea02837-0 fedhGB\" id=\"886513383575759\">Die stand haalde de rust niet. Kort voor het einde van de eerste helft vond Vin\u00edcius J\u00fanior met een voorzet \u00c1lvaro Carreras, die net voorbij de tweede paal stond en de bal weer de doelmond in kopte. Daar had Jude Bellingham geen moeite met het intikkertje: 2-1.<\/p>\n<p>Misser Mbapp\u00e9<\/p>\n<p class=\"sc-2ea02837-0 fedhGB\" id=\"722835005267603\">Ook in de beginfase van de tweede helft claimde Real Madrid een penalty en nu ging de arbiter daar na raadpleging van de beelden wel in mee. Hij zag hoe Eric Garc\u00eda een voorzet van Bellingham blokte, maar daarna de bal tegen de hand kreeg. Mbapp\u00e9 kreeg de klus vanaf elf meter toebedeeld, maar Szczesny koos de juiste hoek en tikte de bal knap over de lat.<\/p>\n<p><img alt=\"\" decoding=\"async\" loading=\"lazy\" src=\"https:\/\/www.europesays.com\/nl\/wp-content\/uploads\/2025\/10\/1761502869_262_1024x576a.jpg\" class=\"sc-bcb3b750-1 cULYcE\"\/>AFPWojciech Szczesny stopt de strafschop van Kylian Mbapp\u00e9<\/p>\n<p class=\"sc-2ea02837-0 fedhGB\" id=\"907520271252282\">Barcelona drong na die meevaller nog wel aan, maar deed dat met te weinig overtuiging en vernuft om echt aanspraak op een punt of meer te mogen maken. Vlak voor het eind van de negen minuten extra tijd verloor het ook nog eens Pedri, die zijn tweede gele kaart kreeg en dus rood, zijn allereerste.<\/p>\n","protected":false},"excerpt":{"rendered":"Pro ShotsReal Madrid viert de 1-0 van Kylian Mbapp\u00e9 NOS Voetbal\u2022vandaag, 18:38 Real Madrid heeft de aanval van&hellip;\n","protected":false},"author":2,"featured_media":36140,"comment_status":"","ping_status":"","sticky":false,"template":"","format":"standard","meta":{"footnotes":""},"categories":[21],"tags":[2289,48,46,47,49,45,50,2828,92,91],"class_list":{"0":"post-36139","1":"post","2":"type-post","3":"status-publish","4":"format-standard","5":"has-post-thumbnail","7":"category-sport","8":"tag-barcelona","9":"tag-dutch","10":"tag-nederland","11":"tag-nederlanden","12":"tag-nederlands","13":"tag-netherlands","14":"tag-nl","15":"tag-real-madrid","16":"tag-sport","17":"tag-sports"},"share_on_mastodon":{"url":"https:\/\/pubeurope.com\/@nl\/115441859582471147","error":""},"_links":{"self":[{"href":"https:\/\/www.europesays.com\/nl\/wp-json\/wp\/v2\/posts\/36139","targetHints":{"allow":["GET"]}}],"collection":[{"href":"https:\/\/www.europesays.com\/nl\/wp-json\/wp\/v2\/posts"}],"about":[{"href":"https:\/\/www.europesays.com\/nl\/wp-json\/wp\/v2\/types\/post"}],"author":[{"embeddable":true,"href":"https:\/\/www.europesays.com\/nl\/wp-json\/wp\/v2\/users\/2"}],"replies":[{"embeddable":true,"href":"https:\/\/www.europesays.com\/nl\/wp-json\/wp\/v2\/comments?post=36139"}],"version-history":[{"count":0,"href":"https:\/\/www.europesays.com\/nl\/wp-json\/wp\/v2\/posts\/36139\/revisions"}],"wp:featuredmedia":[{"embeddable":true,"href":"https:\/\/www.europesays.com\/nl\/wp-json\/wp\/v2\/media\/36140"}],"wp:attachment":[{"href":"https:\/\/www.europesays.com\/nl\/wp-json\/wp\/v2\/media?parent=36139"}],"wp:term":[{"taxonomy":"category","embeddable":true,"href":"https:\/\/www.europesays.com\/nl\/wp-json\/wp\/v2\/categories?post=36139"},{"taxonomy":"post_tag","embeddable":true,"href":"https:\/\/www.europesays.com\/nl\/wp-json\/wp\/v2\/tags?post=36139"}],"curies":[{"name":"wp","href":"https:\/\/api.w.org\/{rel}","templated":true}]}}