{"id":36176,"date":"2025-10-26T19:09:12","date_gmt":"2025-10-26T19:09:12","guid":{"rendered":"https:\/\/www.europesays.com\/nl\/36176\/"},"modified":"2025-10-26T19:09:12","modified_gmt":"2025-10-26T19:09:12","slug":"verdachte-situatie-rondom-huis-dilan-yesilgoz-moest-vannacht-naar-veilige-plek","status":"publish","type":"post","link":"https:\/\/www.europesays.com\/nl\/36176\/","title":{"rendered":"Verdachte situatie rondom huis Dilan Ye\u015filg\u00f6z, moest vannacht naar veilige plek"},"content":{"rendered":"<p>&#8220;Door een onveilige situatie in mijn buurt kon ik niet naar huis, dus moest ik naar een veilige plek&#8221;, zei Ye\u015filg\u00f6z in gesprek met presentator Twan Huys. De VVD-lijsttrekker had deelgenomen aan <a href=\"https:\/\/www.rtl.nl\/nieuws\/politiek\/artikel\/5535477\/kandidaat-ja21-aangezien-voor-streaker-debat-van-het-zuiden\" rel=\"nofollow noopener\" target=\"_blank\">het Debat van het Zuiden in Tilburg<\/a>. Ze zei dat ze uiteindelijk wel de nacht thuis kon doorbrengen. &#8220;Maar dat was wel pas heel laat.&#8221;<\/p>\n<p> &#8216;Verdachte bewegingen&#8217; <\/p>\n<p>Volgens Ye\u015filg\u00f6z waren er &#8216;verdachte bewegingen in haar buurt&#8217; en zijn er mensen &#8216;staande gehouden&#8217;. De politie liet rond 16.00 uur weten aan RTL Nieuws dat er mensen in een auto zijn gecontroleerd, maar dat er <a href=\"https:\/\/www.rtl.nl\/nieuws\/binnenland\/artikel\/5535548\/politie-over-verdachte-situatie-bij-yesilgoz-mensen-auto\" rel=\"nofollow noopener\" target=\"_blank\">niets aan de hand bleek te zijn<\/a>.<\/p>\n<p>Bekijk hier het gesprek tussen Ye\u015filg\u00f6z en presentator Twan Huys:<\/p>\n<p>&#8220;Wat er precies gebeurd is, weet ik niet&#8221;, zei Ye\u015filg\u00f6z eerder vandaag in het tv-programma. &#8220;Ik word al langere tijd beveiligd sinds ik minister van justitie en veiligheid was.&#8221; Daarbij gaat het volgens Ye\u015filg\u00f6z om een dreiging vanuit de georganiseerde misdaad. Op de vraag of het vannacht ook om verdachten uit die hoek ging, zegt ze: &#8220;Daar kan ik niet te veel op ingaan, maar ik denk niet dat het hier ging om een lone wolf nee.&#8221;<\/p>\n<p>Volgens politiek verslaggever Fons Lambie wordt de campagne &#8216;overschaduwd door dreigementen richting lijsttrekkers&#8217;. &#8220;En nu dus een paar dagen voor de verkiezingen. Wilders voelde zich niet veilig na een dreiging uit Belgi\u00eb en Timmermans werd aangevallen in een caf\u00e9. Ook Van der Plas voelde zich ge\u00efntimideerd en zei een bijeenkomst op een universiteit af.&#8221;<\/p>\n<p> Wilders schortte campagneactiviteiten op <\/p>\n<p>Wilders schortte twee weken geleden al zijn campagneactiviteiten op. Dat had te maken met een <a href=\"https:\/\/www.rtl.nl\/nieuws\/buitenland\/artikel\/5532667\/aanslag-op-belgische-premier-bart-de-wever-verijdeld\" rel=\"nofollow noopener\" target=\"_blank\">verijdelde aanslag op de Belgische premier Bart de Wever<\/a>. Daarvoor werden meerdere verdachten aangehouden. Ook Wilders zou genoemd zijn als doelwit van deze groep. De PVV-lijsttrekker was om die reden ook <a href=\"https:\/\/www.rtl.nl\/nieuws\/politiek\/artikel\/5533055\/wilders-pvv-definitief-niet-bij-rtl-debat-jetten-d66-doet-mee\" rel=\"nofollow noopener\" target=\"_blank\">niet aanwezig<\/a> bij het RTL-debat in de Beurs van Berlage. Inmiddels heeft Wilders de campagne weer opgepakt.<\/p>\n<p>Na het terrasincident waarbij GroenLinks-PvdA-leider Frans Timmermans werd ge\u00efntimideerd is er meer politiebegeleiding voor de politicus. Wat dat met hem doet, vertelde hij eerder in gesprek met politiek verslaggever Marieke van de Zilver in het RTL Ontbijtnieuws.<\/p>\n","protected":false},"excerpt":{"rendered":"&#8220;Door een onveilige situatie in mijn buurt kon ik niet naar huis, dus moest ik naar een veilige&hellip;\n","protected":false},"author":2,"featured_media":36177,"comment_status":"","ping_status":"","sticky":false,"template":"","format":"standard","meta":{"footnotes":""},"categories":[5],"tags":[39,40,48,43,44,34,35,41,42,46,47,49,45,32,33,50,36,37,63,38],"class_list":{"0":"post-36176","1":"post","2":"type-post","3":"status-publish","4":"format-standard","5":"has-post-thumbnail","7":"category-hoofdpunten","8":"tag-breaking-news","9":"tag-breakingnews","10":"tag-dutch","11":"tag-featured-news","12":"tag-featurednews","13":"tag-headlines","14":"tag-hoofdpunten","15":"tag-latest-news","16":"tag-latestnews","17":"tag-nederland","18":"tag-nederlanden","19":"tag-nederlands","20":"tag-netherlands","21":"tag-news","22":"tag-nieuws","23":"tag-nl","24":"tag-top-stories","25":"tag-topstories","26":"tag-tweede-kamerverkiezingen","27":"tag-voorpaginanieuws"},"share_on_mastodon":{"url":"https:\/\/pubeurope.com\/@nl\/115442048374404266","error":""},"_links":{"self":[{"href":"https:\/\/www.europesays.com\/nl\/wp-json\/wp\/v2\/posts\/36176","targetHints":{"allow":["GET"]}}],"collection":[{"href":"https:\/\/www.europesays.com\/nl\/wp-json\/wp\/v2\/posts"}],"about":[{"href":"https:\/\/www.europesays.com\/nl\/wp-json\/wp\/v2\/types\/post"}],"author":[{"embeddable":true,"href":"https:\/\/www.europesays.com\/nl\/wp-json\/wp\/v2\/users\/2"}],"replies":[{"embeddable":true,"href":"https:\/\/www.europesays.com\/nl\/wp-json\/wp\/v2\/comments?post=36176"}],"version-history":[{"count":0,"href":"https:\/\/www.europesays.com\/nl\/wp-json\/wp\/v2\/posts\/36176\/revisions"}],"wp:featuredmedia":[{"embeddable":true,"href":"https:\/\/www.europesays.com\/nl\/wp-json\/wp\/v2\/media\/36177"}],"wp:attachment":[{"href":"https:\/\/www.europesays.com\/nl\/wp-json\/wp\/v2\/media?parent=36176"}],"wp:term":[{"taxonomy":"category","embeddable":true,"href":"https:\/\/www.europesays.com\/nl\/wp-json\/wp\/v2\/categories?post=36176"},{"taxonomy":"post_tag","embeddable":true,"href":"https:\/\/www.europesays.com\/nl\/wp-json\/wp\/v2\/tags?post=36176"}],"curies":[{"name":"wp","href":"https:\/\/api.w.org\/{rel}","templated":true}]}}