{"id":36200,"date":"2025-10-26T19:45:09","date_gmt":"2025-10-26T19:45:09","guid":{"rendered":"https:\/\/www.europesays.com\/nl\/36200\/"},"modified":"2025-10-26T19:45:09","modified_gmt":"2025-10-26T19:45:09","slug":"sterre-24-kon-niet-verder-leven-door-haar-mentale-ziekte","status":"publish","type":"post","link":"https:\/\/www.europesays.com\/nl\/36200\/","title":{"rendered":"Sterre (24) kon niet verder leven door haar mentale ziekte"},"content":{"rendered":"<p>Euthanasietraject<\/p>\n<p>\u201cIn het begin dachten wij: ze is nog jong, dat gaat ze toch niet krijgen\u201d, vertelt Liesbeth. \u201cMaar hoe verder we in het proces kwamen, en de manier waarop we Sterre zagen, deed het iets met ons. Er ging een knop om, het was goed zo.\u201d<\/p>\n<p>Het traject dat volgt is zwaar en ingewikkeld en het begint steeds echter te voelen. \u201cHet zorgde voor veel stress bij Sterre, maar we gingen ervan uit dat ze het zou krijgen. Hoe vreemd het ook klinkt, we hoopten dat het zou doorgaan. We gunden het haar.\u201d Die acceptatie is niet gemakkelijk. \u201cAls je je dochter zo ziet lijden, leer je dat accepteren.\u201d Sara herkent dat gevoel. \u201cAls vriendin zag ik hoe slecht het met haar ging, daardoor gunde ik haar vooral de rust waar ze zo naar verlangde.\u201d<\/p>\n<p>Begin augustus dit jaar wordt het verzoek van Sterre tot <a href=\"https:\/\/www.linda.nl\/persoonlijk\/opvoeden\/monumentje-lianne-parkinson-euthanasie-vechten\/\" rel=\"nofollow noopener\" target=\"_blank\">euthanasie<\/a> ingewilligd. \u201cHet was een dinsdagavond toen ze gebeld werd dat het rond was. Eerst was er een soort blijdschap, daarna hebben we staan huilen. Al zeker vijf jaar vroeg Sterre, als ik \u2019s avonds op haar bed zat: \u2018Mam, laat me alsjeblieft gaan\u2019. Nu was het echt. Eindelijk mocht het.\u201d Maarten vult aan: \u201cHet was voor haar de ultieme erkenning dat iemand officieel vaststelde dat wat zij doormaakte ondraaglijk was.\u201d<\/p>\n<p>Vakantie naar Itali\u00eb<\/p>\n<p>Het kiezen van een datum brengt de nodige logistieke uitdagingen met zich mee. \u201cEen aantal goede vriendinnen wilden nog naar een festival in Kroati\u00eb, en ze wilde niet sterven zonder dat zij erbij waren. Tot het einde hield ze rekening met anderen. Ook waren er verjaardagen die ze niet wilde missen. Ze wilde het wel v\u00f3\u00f3rdat alles na de vakantie weer opstartte, zoals dansen en hockey. Ze had dat aan het einde van het seizoen afgesloten en wilde het daarbij laten. Uiteindelijk werd de datum 28 augustus.\u201d<\/p>\n<p>Voor die datum gaan Sara en Sterre nog een keer samen op reis. In juli gaan ze twee weken naar <a href=\"https:\/\/www.linda.nl\/lifestyle\/reizen\/vakantie-italie-plekken\/\" rel=\"nofollow noopener\" target=\"_blank\">Itali\u00eb<\/a>. \u201cIn april waren we ook geweest, alleen toen maar vijf dagen. Toen zeker werd dat Sterre zou overlijden, wilden we nog \u00e9\u00e9n laatste keer, en dan zouden we het goed doen. Dat waren de mooiste twee weken die we samen hebben gehad.\u201d<\/p>\n<p>Sara en Sterre in Itali\u00eb. Tekst gaat verder onder de foto.<\/p>\n<p><img loading=\"lazy\" decoding=\"async\" class=\"alignnone wp-image-3529086 size-linda-medium\" src=\"https:\/\/www.europesays.com\/nl\/wp-content\/uploads\/2025\/10\/sterre-monumentje-6-600x400.webp.webp\" alt=\"\" width=\"525\" height=\"350\"  \/><\/p>\n<p>De laatste weken<\/p>\n<p>De laatste weken in aanloop naar het afscheid zijn stressvol. \u201cIn Sterres hoofd moest er nog van alles gebeuren, bijvoorbeeld het opschonen van haar gigantische iCloud. Het ging vooral om praktische dingen, die ze voor haar gevoel goed moest achterlaten. Het was niet zo dat ze een bucketlist had; daar deed ze niet aan. Voor Sterre was elke dag overleven; daar hoorde echt geen bucketlist bij. Over sterven was ze heel duidelijk: \u2018De dood zelf is voor mij geen keuze. Het is een opgedrongen noodzaak, omdat mijn zieke hoofd niet meer te genezen is. De manier waarop kies ik wel.\u2019 De dood was een onvermijdelijk gevolg van <a href=\"https:\/\/www.linda.nl\/persoonlijk\/joanna-euthanasie\/\" rel=\"nofollow noopener\" target=\"_blank\">haar ziekte<\/a>.\u201d<\/p>\n<p>Dan breekt het onontkoombare moment aan waarop afscheid genomen moet worden. \u201cDat was hartverscheurend. Als je afscheid van iemand neemt die gaat sterven, doe je dat \u00e9\u00e9n keer. Sterre heeft dat met al die mensen moeten doen. Soms in groepsvorm, soms \u00e9\u00e9n op \u00e9\u00e9n. Soms met mensen die ontroostbaar waren en die haar letterlijk niet los wilden laten. Ergens is dat mooi, want het is alleen maar liefde, maar voor Sterre was het heel zwaar.\u201d<\/p>\n<p>\u2018Alsof er een bruiloft aan de gang was\u2019<\/p>\n<p>Op de dag van Sterres overlijden zijn, naast haar ouders en Sara, ook haar twee broers en haar nicht aanwezig. In de woonkamer staat een grote hoekbank waarop Sterre ligt. \u201cEigenlijk was ze heel relaxed. Ik had van tevoren haar haar gedaan\u201d, vertelt Sara. Maarten vult aan: \u201cDe sfeer was heel liefdevol: alsof er een bruiloft aan de gang was. Er was net zoveel liefde bij haar sterven als bij haar geboorte.\u201d<\/p>\n<p>Dan is het moment daar. \u201cDe psychiater vroeg of het nog steeds haar wens was om te sterven. Sterre zei ja, waarop het middel werd toegediend. Vijf tot tien minuten later was ze overleden.\u201d<\/p>\n<p>De uitvaart<\/p>\n<p>De <a href=\"https:\/\/www.linda.nl\/persoonlijk\/iede-hoorn-uitvaartverhalen-maud\/\" rel=\"nofollow noopener\" target=\"_blank\">uitvaart<\/a> heeft Sterre tot in detail uitgedacht. \u201cVan de kleur bloemen tot de kleding \u2013 iedereen moest in lichte kleuren \u2013 en zelfs de vorm van de kist. Wat het extra bijzonder maakt, is dat Sara haar heeft opgemaakt in de kist\u201d, vertelt Maarten ge\u00ebmotioneerd. \u201cSterre had mij een paar weken eerder gevraagd of ik dat wilde doen, en daar heb ik meteen ja op gezegd. Het was gek, maar ook heel bijzonder. Ik ben blij dat ik het gedaan heb.\u201d<\/p>\n<p>Tekst gaat verder onder de foto.<\/p>\n<p><img loading=\"lazy\" decoding=\"async\" class=\"alignnone wp-image-3529087 size-linda-medium\" src=\"https:\/\/www.europesays.com\/nl\/wp-content\/uploads\/2025\/10\/sterre-monumentje-2-600x400.webp.webp\" alt=\"\" width=\"525\" height=\"350\"  \/><\/p>\n<p>Foto: studiorooij<\/p>\n<p>Alles verloopt precies zoals Sterre het had gewild. \u201cTijdens het plannen van de dag zei Sterre: \u2018Jammer dat ik er niet bij kan zijn\u2019. Het heeft ons die dag veel kracht gegeven dat het helemaal naar haar wens was.\u201d Sterre heeft een brief geschreven, die wordt voorgedragen door haar nicht Sam. \u201cDie brief zegt eigenlijk alles. Het zijn Sterres eigen woorden. Het was een allesomvattende brief met veel liefde en af en toe een grapje. Dat was echt Sterre.\u201d<\/p>\n<p>Tekst gaat verder onder de foto.<\/p>\n<p><img loading=\"lazy\" decoding=\"async\" class=\"alignnone wp-image-3529088 size-linda-medium\" src=\"https:\/\/www.europesays.com\/nl\/wp-content\/uploads\/2025\/10\/sterre-monumentje-5-600x900.webp.webp\" alt=\"\" width=\"525\" height=\"788\"  \/><\/p>\n<p>Foto: studiorooij<\/p>\n<p>Lichtpuntje<\/p>\n<p>Het is nu bijna twee maanden later. \u201cHet wordt met de dag zwaarder\u201d, zegt Liesbeth. \u201cIk mis vooral haar fysieke aanwezigheid, de belletjes en de appjes, haar even vastpakken.\u201d Ook voor Sara gaat het met ups en downs. \u201cIk ben net verhuisd. Sterre had geholpen met het interieur uitzoeken en verven. Het is zo jammer dat ik bij haar vaak op de bank zat om een stom programma te kijken, en dat dat nu bij mij niet kan. We zagen elkaar iedere dag, dus dat soort kleine dingen mis ik heel erg. Bijvoorbeeld als ik een grappig filmpje op internet zie dat ik normaal naar haar had gestuurd, dan bedenk ik me dat dat niet meer kan.\u201d<\/p>\n<p>\u201cSterre dacht altijd aan anderen\u201d, vertelt Maarten. \u201cWas er iemand jarig, of ging het met iemand niet goed, dan stuurde ze altijd een kaart. Of als ze een nummer hoorde dat haar aan iemand deed denken, stuurde ze dat door. Sterre zocht altijd naar lichtpuntjes. Maar zij was voor heel veel mensen het lichtpuntje.\u201d<\/p>\n<p>Ter nagedachtenis aan Sterre van der Starre: 11 september 2000 \u2013 28 augustus 2025.<\/p>\n<p><img loading=\"lazy\" decoding=\"async\" class=\"alignnone wp-image-3529094 size-linda-medium\" src=\"https:\/\/www.europesays.com\/nl\/wp-content\/uploads\/2025\/10\/sterre-monumentje-1-600x900.jpg\" alt=\"Sterre\" width=\"525\" height=\"788\"  \/><\/p>\n<p>Foto: starrphoto<\/p>\n<p>Worstel jij met eetproblemen en wil je daarover praten? MIND Hulplijn geeft individueel advies en psychische hulp aan iedereen die daarom vraagt. Dit kan anoniem, zowel telefonisch (0900-1450) als online en via WhatsApp. Ook Stichting JIJ, gespecialiseerd in eetstoornisproblematiek, heeft regelmatig een telefonisch spreekuur en chat.<\/p>\n<p>Het beste van LINDA. direct in je mail?\u00a0<a href=\"https:\/\/www.linda.nl\/aanmelden-nieuwsbrief-het-beste-van-linda\/\" rel=\"nofollow noopener\" target=\"_blank\">Meld je aan voor onze nieuwsbrief<\/a>.<\/p>\n<p><a href=\"https:\/\/www.linda.nl\/persoonlijk\/monumentje-overlijden-hersenbloeding\/\" class=\"also-read_wrapper\" rel=\"nofollow noopener\" target=\"_blank\"><img decoding=\"async\" class=\"also-read_thumbnail\" src=\"https:\/\/www.europesays.com\/nl\/wp-content\/uploads\/2025\/10\/wilma-roy-selfie-300x169.webp.webp\" alt=\"Thumbnail voor 'Alsof hij zo weer binnen komt lopen': Wilma's man overleed onverwachts door een hersenbloeding\" loading=\"lazy\"\/>&#8216;Alsof hij zo weer binnen komt lopen&#8217;: Wilma&#8217;s man overleed onverwachts door een hersenbloedingLees ook<\/a><\/p>\n","protected":false},"excerpt":{"rendered":"Euthanasietraject \u201cIn het begin dachten wij: ze is nog jong, dat gaat ze toch niet krijgen\u201d, vertelt Liesbeth.&hellip;\n","protected":false},"author":2,"featured_media":36201,"comment_status":"","ping_status":"","sticky":false,"template":"","format":"standard","meta":{"footnotes":""},"categories":[23],"tags":[48,94,93,46,47,49,45,50],"class_list":{"0":"post-36200","1":"post","2":"type-post","3":"status-publish","4":"format-standard","5":"has-post-thumbnail","7":"category-gezondheid","8":"tag-dutch","9":"tag-gezondheid","10":"tag-health","11":"tag-nederland","12":"tag-nederlanden","13":"tag-nederlands","14":"tag-netherlands","15":"tag-nl"},"share_on_mastodon":{"url":"https:\/\/pubeurope.com\/@nl\/115442189932578904","error":""},"_links":{"self":[{"href":"https:\/\/www.europesays.com\/nl\/wp-json\/wp\/v2\/posts\/36200","targetHints":{"allow":["GET"]}}],"collection":[{"href":"https:\/\/www.europesays.com\/nl\/wp-json\/wp\/v2\/posts"}],"about":[{"href":"https:\/\/www.europesays.com\/nl\/wp-json\/wp\/v2\/types\/post"}],"author":[{"embeddable":true,"href":"https:\/\/www.europesays.com\/nl\/wp-json\/wp\/v2\/users\/2"}],"replies":[{"embeddable":true,"href":"https:\/\/www.europesays.com\/nl\/wp-json\/wp\/v2\/comments?post=36200"}],"version-history":[{"count":0,"href":"https:\/\/www.europesays.com\/nl\/wp-json\/wp\/v2\/posts\/36200\/revisions"}],"wp:featuredmedia":[{"embeddable":true,"href":"https:\/\/www.europesays.com\/nl\/wp-json\/wp\/v2\/media\/36201"}],"wp:attachment":[{"href":"https:\/\/www.europesays.com\/nl\/wp-json\/wp\/v2\/media?parent=36200"}],"wp:term":[{"taxonomy":"category","embeddable":true,"href":"https:\/\/www.europesays.com\/nl\/wp-json\/wp\/v2\/categories?post=36200"},{"taxonomy":"post_tag","embeddable":true,"href":"https:\/\/www.europesays.com\/nl\/wp-json\/wp\/v2\/tags?post=36200"}],"curies":[{"name":"wp","href":"https:\/\/api.w.org\/{rel}","templated":true}]}}