{"id":37382,"date":"2025-10-27T23:47:15","date_gmt":"2025-10-27T23:47:15","guid":{"rendered":"https:\/\/www.europesays.com\/nl\/37382\/"},"modified":"2025-10-27T23:47:15","modified_gmt":"2025-10-27T23:47:15","slug":"mclaren-en-mercedes-hebben-budgetplafond-overschreden-fia-oordeel-volgt-binnenkort","status":"publish","type":"post","link":"https:\/\/www.europesays.com\/nl\/37382\/","title":{"rendered":"&#8216;McLaren en Mercedes hebben budgetplafond overschreden, FIA-oordeel volgt binnenkort&#8217;"},"content":{"rendered":"<p>McLaren en Mercedes worden beschuldigd van het overschrijden van het budgetplafond in 2024. Naar verluidt zouden beide teams te veel hebben uitgegeven in het afgelopen seizoen. Eerder werd bekend dat Aston Martin een \u2018kleine procedurele misstap\u2019 had begaan bij het doorgeven van de financi\u00ebn, maar dat een ander team mogelijk schuldig was aan een serieuzer vergrijp. De FIA zou \u2018binnenkort\u2019 uitsluitsel geven over welke teams aan de budgettaire regels hebben voldaan.<\/p>\n<p>De Italiaanse tak van Sky Sports meldt dat zowel <a href=\"http:\/\/formule1.nl\/team\/mclaren\/\" rel=\"nofollow noopener\" target=\"_blank\">McLaren<\/a> als Mercedes het budgetplafond in 2024 hebben overschreden. Eerdere claims dat slechts \u00e9\u00e9n team de regels vorig jaar had overtreden, worden daarmee tenietgedaan. Het medium stelt bovendien dat de FIA \u2018binnenkort\u2019 een offici\u00eble aankondiging zal doen over de financi\u00ebn van beide teams. De twee andere topteams, <a href=\"http:\/\/formule1.nl\/team\/ferrari\/\" rel=\"nofollow noopener\" target=\"_blank\">Ferrari<\/a> en Red Bull, zouden al zijn vrijgesproken van een dergelijk vergrijp.<\/p>\n<p>Als McLaren en Mercedes daadwerkelijk schuldig worden bevonden, kan dat verregaande gevolgen hebben. <a href=\"http:\/\/formule1.nl\/team\/red-bull\/\" rel=\"nofollow noopener\" target=\"_blank\">Red Bull<\/a> werd in 2022 al eens bestraft voor het overschrijden van het budgetplafond, wat resulteerde in een boete van zeven miljoen dollar en minder testtijd in de windtunnel. De FIA kan Mercedes en McLaren verschillende straffen opleggen, afhankelijk van de ernst van de overtreding. Bij een procedurele fout, zoals bij <a href=\"http:\/\/formule1.nl\/team\/aston-martin\/\" rel=\"nofollow noopener\" target=\"_blank\">Aston Martin<\/a> het geval was, zou dit waarschijnlijk leiden tot beperkte financi\u00eble sancties. De Britse renstal had zelf toegegeven een kleine misstap te hebben gemaakt en had de FIA tijdig op de hoogte gebracht.<\/p>\n<p>Verregaande gevolgen<\/p>\n<p>Bij een serieuze overschrijding van het budgetplafond kan de FIA ook sportieve straffen opleggen. Zo zouden McLaren en Mercedes punten kunnen verliezen in de huidige titelstrijd of zelfs worden geschorst voor \u00e9\u00e9n of meerdere races. Voor <a href=\"http:\/\/formule1.nl\/coureur\/lando-norris\/\" rel=\"nofollow noopener\" target=\"_blank\">Lando Norris<\/a> en <a href=\"http:\/\/formule1.nl\/coureur\/oscar-piastri\/\" rel=\"nofollow noopener\" target=\"_blank\">Oscar Piastri<\/a>, die strijden om het coureurskampioenschap, zou dat funest zijn. Ook in aanloop naar het seizoen van 2026 liggen er mogelijke sancties op de loer, zoals minder testtijd of een kleiner budget. <\/p>\n<p>LEES OOK: <a href=\"https:\/\/www.formule1.nl\/nieuws\/aston-martin-fia-budgetplafond-overschrijden-kleine-procedurele-misstap\/\" rel=\"nofollow noopener\" target=\"_blank\">Aston Martin voldeed niet aan budget-eisen na \u2018kleine procedurele\u2019 misstap<\/a><\/p>\n<p>De FIA zou dus \u2018binnenkort\u2019 uitsluitsel geven over de financi\u00eble gegevens van alle teams, inclusief McLaren en <a href=\"http:\/\/formule1.nl\/team\/mercedes\/\" rel=\"nofollow noopener\" target=\"_blank\">Mercedes<\/a>. Tot die tijd moeten de aantijgingen met een korreltje zout worden genomen. Zo meldt het Italiaanse Corriere della Sera dat McLaren juist is vrijgesproken van een overtreding. Het is wel duidelijk dat de FIA langdurig onderzoek doet naar \u00e9\u00e9n of meerdere teams. Normaliter worden de financi\u00eble gegevens immers al in september gepresenteerd. Wordt vervolgd.<\/p>\n<p><a href=\"https:\/\/www.formule1.nl\/evenement\/gp-mexico\/\" rel=\"nofollow noopener\" target=\"_blank\"><\/a><a href=\"https:\/\/www.formule1.nl\/evenement\/sao-paulo-grand-prix\/\" rel=\"nofollow noopener\" target=\"_blank\">Lees hier alles over de GP S\u00e3o Paulo<\/a><\/p>\n<p>De nieuwste editie van\u00a0<a href=\"https:\/\/tijdschriftnu.nl\/products\/formule1-editie-14-2025?utm_medium=referral&amp;utm_source=formule1&amp;utm_campaign=fom_14_2025&amp;utm_content=referral\" rel=\"nofollow noopener\" target=\"_blank\">FORMULE 1 Magazine<\/a> is uit! Haal \u2018m nu in de winkel of bestel \u2018m online, met gratis bezorging in heel Nederland.<\/p>\n","protected":false},"excerpt":{"rendered":"McLaren en Mercedes worden beschuldigd van het overschrijden van het budgetplafond in 2024. Naar verluidt zouden beide teams&hellip;\n","protected":false},"author":2,"featured_media":37383,"comment_status":"","ping_status":"","sticky":false,"template":"","format":"standard","meta":{"footnotes":""},"categories":[21],"tags":[10203,10204,48,4050,214,2433,46,47,49,45,50,92,91],"class_list":{"0":"post-37382","1":"post","2":"type-post","3":"status-publish","4":"format-standard","5":"has-post-thumbnail","7":"category-sport","8":"tag-budgetcap","9":"tag-budgetplafond","10":"tag-dutch","11":"tag-fia","12":"tag-mclaren","13":"tag-mercedes","14":"tag-nederland","15":"tag-nederlanden","16":"tag-nederlands","17":"tag-netherlands","18":"tag-nl","19":"tag-sport","20":"tag-sports"},"share_on_mastodon":{"url":"https:\/\/pubeurope.com\/@nl\/115448803705216295","error":""},"_links":{"self":[{"href":"https:\/\/www.europesays.com\/nl\/wp-json\/wp\/v2\/posts\/37382","targetHints":{"allow":["GET"]}}],"collection":[{"href":"https:\/\/www.europesays.com\/nl\/wp-json\/wp\/v2\/posts"}],"about":[{"href":"https:\/\/www.europesays.com\/nl\/wp-json\/wp\/v2\/types\/post"}],"author":[{"embeddable":true,"href":"https:\/\/www.europesays.com\/nl\/wp-json\/wp\/v2\/users\/2"}],"replies":[{"embeddable":true,"href":"https:\/\/www.europesays.com\/nl\/wp-json\/wp\/v2\/comments?post=37382"}],"version-history":[{"count":0,"href":"https:\/\/www.europesays.com\/nl\/wp-json\/wp\/v2\/posts\/37382\/revisions"}],"wp:featuredmedia":[{"embeddable":true,"href":"https:\/\/www.europesays.com\/nl\/wp-json\/wp\/v2\/media\/37383"}],"wp:attachment":[{"href":"https:\/\/www.europesays.com\/nl\/wp-json\/wp\/v2\/media?parent=37382"}],"wp:term":[{"taxonomy":"category","embeddable":true,"href":"https:\/\/www.europesays.com\/nl\/wp-json\/wp\/v2\/categories?post=37382"},{"taxonomy":"post_tag","embeddable":true,"href":"https:\/\/www.europesays.com\/nl\/wp-json\/wp\/v2\/tags?post=37382"}],"curies":[{"name":"wp","href":"https:\/\/api.w.org\/{rel}","templated":true}]}}