{"id":38099,"date":"2025-10-28T18:07:11","date_gmt":"2025-10-28T18:07:11","guid":{"rendered":"https:\/\/www.europesays.com\/nl\/38099\/"},"modified":"2025-10-28T18:07:11","modified_gmt":"2025-10-28T18:07:11","slug":"met-slimme-ingrepen-verwelkomt-louvain-la-neuve-plots-een-nieuw-gezicht-in-de-stad","status":"publish","type":"post","link":"https:\/\/www.europesays.com\/nl\/38099\/","title":{"rendered":"Met slimme ingrepen verwelkomt Louvain-la-Neuve plots een nieuw gezicht in de stad"},"content":{"rendered":"<p class=\"Paragraph_paragraph__nQNQ9 Paragraph_paragraph--default-sm-default__bs4Xa articleParagraph\">Na de splitsing van de Universiteit van Leuven eind jaren 60 bouwde men Louvain-la-Neuve te midden van de weilanden. In een dal tussen twee heuvels in Waals-Brabant kwam eerst een gigantische betonstructuur, twee verdiepingen hoog, met aanvoerwegen, parking, opslag en technische ruimte. Op die structuur kwam een dikke betonnen plaat met daarop een kleinschalig universiteitsstadje in baksteen. Aangezien de auto\u2019s eronderdoor rijden, is de hele stad voetgangersgebied met smalle kronkelende straten en pleintjes. Bij de start van het academiejaar gonst het er van de drukte. Studenten lopen af en aan, tussen hun kot, faculteit en stamcaf\u00e9 is het maar een paar minuten wandelen of fietsen. Dit unieke stedenbouwkundig model, een stad met twee gezichten \u2013 \u00e9\u00e9n boven en \u00e9\u00e9n onder de grond \u2013 maakt Louvain-la-Neuve tot een fenomeen dat over de hele wereld bestudeerd wordt.<\/p>\n<p>\u00a9 Jef Van den Bossche<\/p>\n<p>\u00a9 Jef Van den Bossche<\/p>\n<p class=\"Paragraph_paragraph__nQNQ9 Paragraph_paragraph--default-sm-default__bs4Xa articleParagraph\">Het Th\u00e9\u00e2tre Jean Vilar dateert van 1979 en ligt aan de rand van de stad. Aan de ene kant geeft het uit over een plein met caf\u00e9s en studentenkamers, aan de andere kant kijk je plots twee niveaus lager op een grote parking die aansluit op het ondergrondse wegennet. De oorspronkelijke ingang van het theater lag vreemd genoeg niet aan de kant van het plein, maar gaf uit op een steegje aan de rand van de plaat. Op het plein, als wilde de architect het theater echt zo onzichtbaar mogelijk maken, versperde een betonnen liftschacht het zicht. Het gebouw keerde letterlijk zijn rug naar de stad. Bovendien bleek na veertig jaar gebruik ook de ruimte boven het podium te klein voor hedendaagse technieken en ontbrak er opslagruimte voor decors. Een grondige renovatie drong zich op.<\/p>\n<p>Het gat lost het op<\/p>\n<p class=\"Paragraph_paragraph__nQNQ9 Paragraph_paragraph--default-sm-default__bs4Xa articleParagraph\">Het Brusselse bureau Ouest Architecture won de wedstrijd voor de renovatie dankzij een geniale ingreep: het maakte onder de theaterzaal een opening van 16 op 32 meter in de betonnen plaat en plaatse de hele zaal een niveau lager. Het grote gat loste in een klap tal van problemen op. De zaal had nu de gewenste hoogte en kon voorzien worden van een hypermodern systeem voor belichting en decors. De bestaande dakstructuur moest hiervoor verstevigd worden, maar in het straatbeeld behoudt het gebouw zijn oorspronkelijke volume. Bovendien sluit het podium nu aan op de technische ruimtes onder de betonnen plaat. Zo ontstaat er een rechtstreekse verbinding naar de coulissen, de artiestenloges, de decoropslag \u00e9n de aanvoerwegen. En dus kon die grote goederenlift op het plein weg. N\u00f3g een gamechanger!<\/p>\n<p class=\"Paragraph_paragraph__nQNQ9 Paragraph_paragraph--default-sm-default__bs4Xa articleParagraph\">Het gebouw toont nu eindelijk zijn gelaat aan de stad. Een nieuw gezicht met een uitnodigende ticketbalie op het plein. Een zwierige trap leidt vandaaruit naar de gerenoveerde foyer op de eerste verdieping. Die baadt in het licht dankzij een dubbel hoog venster met terras en een panoramisch uitzicht. Vanop dat stadsbalkon voert een andere zwierige trap, de tweelingzus van de trap binnen, terug naar het plein. Zo kan de foyer autonoom functioneren, ook als de ontvangstbalie gesloten is. <\/p>\n<ul class=\"gallery_slider__dYx8I\">\n<li class=\"gallery_slide__e05Ek\">\n<p>Theatre Jean Vilar\u00a0\u00a9 Jef Van den Bossche<\/p>\n<\/li>\n<li class=\"gallery_slide__e05Ek\">\n<p>Theatre Jean Vilar\u00a0\u00a9 Jef Van den Bossche<\/p>\n<\/li>\n<li class=\"gallery_slide__e05Ek\">\n<p>Theatre Jean Vilar\u00a0\u00a9 Jef Van den Bossche<\/p>\n<\/li>\n<li class=\"gallery_slide__e05Ek\">\n<p>Theatre Jean Vilar\u00a0\u00a9 Jef Van den Bossche<\/p>\n<\/li>\n<\/ul>\n<p class=\"Paragraph_paragraph__nQNQ9 Paragraph_paragraph--default-sm-default__bs4Xa articleParagraph\">Met de renovatie toont Ouest Architecture hoe je als architect, door het bestaande slim in te zetten, een gebouw niet alleen een nieuw gezicht kunt geven, maar ook impact hebt op de hele buurt. Het plein wordt opgeladen door een levendige gevel, het theater kan zijn werking professionaliseren, het publiek heeft een nieuwe ontmoetingsplek en de opening in de plaat toont voor het eerst dat er een waardevolle verbinding mogelijk is tussen de bovengrondse en de ondergrondse stad.<\/p>\n<p class=\"Paragraph_paragraph__nQNQ9 Paragraph_paragraph--default-sm-default__bs4Xa info-group_text__FpBQK articleParagraph\">Lisa De Visscher schrijft in \u2018De architect\u2019 over een gebouw dat haar is opgevallen.<\/p>\n<p><a href=\"https:\/\/www.standaard.be\/media-en-cultuur\/het-europees-parlement-krijgt-een-renovatie-maar-niemand-mag-het-weten\/97003266.html\" class=\"RelatedTeaser_related-teaser__pNEhJ RelatedTeaser_related-teaser--image__dk4DP read-more_withImage__1YJa_\" data-article-id=\"97003266\" rel=\"nofollow noopener\" target=\"_blank\"><\/p>\n<p>LEES OOKHet Europees Parlement krijgt een renovatie (maar niemand mag het weten)<\/p>\n<p><\/a><a href=\"https:\/\/www.standaard.be\/inspiratie\/zot-experiment-40-jaar-geleden-mocht-je-in-almere-bouwen-wat-je-wilde-als-het-maar-niet-instortte\/94211758.html\" class=\"RelatedTeaser_related-teaser__pNEhJ RelatedTeaser_related-teaser--image__dk4DP read-more_withImage__1YJa_\" data-article-id=\"94211758\" rel=\"nofollow noopener\" target=\"_blank\"><\/p>\n<p>LEES OOKZot experiment: 40 jaar geleden mocht je in Almere bouwen wat je wilde, als het maar niet instortte<\/p>\n<p><\/a><\/p>\n","protected":false},"excerpt":{"rendered":"Na de splitsing van de Universiteit van Leuven eind jaren 60 bouwde men Louvain-la-Neuve te midden van de&hellip;\n","protected":false},"author":2,"featured_media":38100,"comment_status":"","ping_status":"","sticky":false,"template":"","format":"standard","meta":{"footnotes":""},"categories":[30],"tags":[99,142,140,141,143,48,98,146,144,145,46,47,49,45,50],"class_list":{"0":"post-38099","1":"post","2":"type-post","3":"status-publish","4":"format-standard","5":"has-post-thumbnail","7":"category-kunst-en-design","8":"tag-amusement","9":"tag-arts","10":"tag-arts-and-design","11":"tag-artsdesign","12":"tag-design","13":"tag-dutch","14":"tag-entertainment","15":"tag-kunst","16":"tag-kunst-en-design","17":"tag-kunstdesign","18":"tag-nederland","19":"tag-nederlanden","20":"tag-nederlands","21":"tag-netherlands","22":"tag-nl"},"share_on_mastodon":{"url":"https:\/\/pubeurope.com\/@nl\/115453129066522180","error":""},"_links":{"self":[{"href":"https:\/\/www.europesays.com\/nl\/wp-json\/wp\/v2\/posts\/38099","targetHints":{"allow":["GET"]}}],"collection":[{"href":"https:\/\/www.europesays.com\/nl\/wp-json\/wp\/v2\/posts"}],"about":[{"href":"https:\/\/www.europesays.com\/nl\/wp-json\/wp\/v2\/types\/post"}],"author":[{"embeddable":true,"href":"https:\/\/www.europesays.com\/nl\/wp-json\/wp\/v2\/users\/2"}],"replies":[{"embeddable":true,"href":"https:\/\/www.europesays.com\/nl\/wp-json\/wp\/v2\/comments?post=38099"}],"version-history":[{"count":0,"href":"https:\/\/www.europesays.com\/nl\/wp-json\/wp\/v2\/posts\/38099\/revisions"}],"wp:featuredmedia":[{"embeddable":true,"href":"https:\/\/www.europesays.com\/nl\/wp-json\/wp\/v2\/media\/38100"}],"wp:attachment":[{"href":"https:\/\/www.europesays.com\/nl\/wp-json\/wp\/v2\/media?parent=38099"}],"wp:term":[{"taxonomy":"category","embeddable":true,"href":"https:\/\/www.europesays.com\/nl\/wp-json\/wp\/v2\/categories?post=38099"},{"taxonomy":"post_tag","embeddable":true,"href":"https:\/\/www.europesays.com\/nl\/wp-json\/wp\/v2\/tags?post=38099"}],"curies":[{"name":"wp","href":"https:\/\/api.w.org\/{rel}","templated":true}]}}