{"id":38687,"date":"2025-10-29T10:53:21","date_gmt":"2025-10-29T10:53:21","guid":{"rendered":"https:\/\/www.europesays.com\/nl\/38687\/"},"modified":"2025-10-29T10:53:21","modified_gmt":"2025-10-29T10:53:21","slug":"noodweer-in-andalusie-code-oranje-en-kans-op-tornados","status":"publish","type":"post","link":"https:\/\/www.europesays.com\/nl\/38687\/","title":{"rendered":"Noodweer in Andalusi\u00eb: code oranje en kans op tornado\u2019s"},"content":{"rendered":"<p>557<\/p>\n<p>Een diepe depressie boven de Atlantische Oceaan zorgt voor zwaar noodweer in Andalusi\u00eb. De Spaanse weerdienst Aemet heeft code geel en oranje afgegeven voor vijf provincies in Zuid-Spanje. Daarbij wordt gewaarschuwd voor stortregens, stormachtige windstoten en zelfs de mogelijkheid van tornado\u2019s en waterhozen.<\/p>\n<p>De storm trekt via Portugal het zuiden van Spanje binnen en treft vooral het westelijke deel van Andalusi\u00eb als eerste. Bewoners en reizigers worden geadviseerd alert te blijven en de weerupdates nauwlettend te volgen.<\/p>\n<p>Waarschuwingen voor noodweer in vijf provincies<\/p>\n<p>Volgens Aemet gaat het om de provincies Huelva, Sevilla, C\u00e1diz, C\u00f3rdoba en M\u00e1laga. Voor deze gebieden zijn gele en oranje weerwaarschuwingen van kracht. Het gaat vooral om hevige regenval in korte tijd en mogelijk gevaarlijke windverschijnselen.<\/p>\n<p>In Huelva geldt code oranje. Hier <a href=\"https:\/\/www.abc.es\/espana\/andalucia\/aemet-avisa-borrasca-profunda-afectara-andalucia-alertas-20251028123850-nts.html\" target=\"_blank\" rel=\"noopener nofollow\">verwachten meteorologen tot 80 liter regen per vierkante meter<\/a> in 12 uur, met uitschieters van 30 liter in \u00e9\u00e9n uur. Vooral het kustgebied, And\u00e9valo, Condado en Aracena zijn kwetsbaar. Aemet sluit het ontstaan van tornado\u2019s en waterhozen niet uit.<\/p>\n<p>C\u00e1diz: zware buien en windstoten<\/p>\n<p>Voor de kustregio van C\u00e1diz is code geel van kracht. Hier kan tot 25 liter per uur vallen. In berggebied Grazalema verwacht men 60 liter in 12 uur en windstoten tot 70 km\/u. Ook de campi\u00f1a en het gebied rond de Straat van Gibraltar staan onder waarschuwing, met risico op stormachtig weer en hoge golven.<\/p>\n<p>Hevige regen in Sevilla, M\u00e1laga en C\u00f3rdoba<\/p>\n<p>In Sevilla zijn code oranje en geel afgegeven voor de Sierra Norte en de campi\u00f1a. Hier kan lokaal tot 80 liter neerslag in 12 uur vallen. Ook hier houden weerdeskundigen rekening met het ontstaan van tornado\u2019s. In de Sierra Sur geldt code geel.<\/p>\n<p>M\u00e1laga heeft een gele waarschuwing in de regio Ronda, waar tot 70 liter in 12 uur kan vallen. De Costa del Sol, Guadalhorce en Axarqu\u00eda zijn eveneens aangeduid als risicogebied.<\/p>\n<p>In C\u00f3rdoba geldt code geel in de Sierra, Pedroches en de campi\u00f1a. Hier wordt tot 60 liter in 12 uur voorspeld.<\/p>\n<p>De temperaturen zijn ook flink gedaald. Waar het kwik tot zondag nog waarden van rond de 30\u00baC aanwees en het in delen van Andalusi\u00eb <a href=\"https:\/\/inspanje.nl\/augustustemperaturen-in-oktober-in-malaga\/\" target=\"_blank\" rel=\"noopener nofollow\">eerder augustus dan eind oktober leek<\/a>, is dat nu wel anders.<\/p>\n<p>De Aemet roept inwoners en toeristen op om zich voor te bereiden op mogelijk gevaarlijke situaties. Vooral in gebieden met slechte afwatering of langs de kustlijn kan het weer lokaal voor overlast of schade zorgen.<\/p>\n<blockquote\/>\n","protected":false},"excerpt":{"rendered":"557 Een diepe depressie boven de Atlantische Oceaan zorgt voor zwaar noodweer in Andalusi\u00eb. De Spaanse weerdienst Aemet&hellip;\n","protected":false},"author":2,"featured_media":38688,"comment_status":"","ping_status":"","sticky":false,"template":"","format":"standard","meta":{"footnotes":""},"categories":[15],"tags":[3046,39,40,3139,3047,48,43,44,34,35,41,42,46,47,49,45,32,33,50,3050,3166,36,37,8704,38,10444,67,64,65,66],"class_list":{"0":"post-38687","1":"post","2":"type-post","3":"status-publish","4":"format-standard","5":"has-post-thumbnail","7":"category-wereld","8":"tag-aemet","9":"tag-breaking-news","10":"tag-breakingnews","11":"tag-code-geel","12":"tag-code-oranje","13":"tag-dutch","14":"tag-featured-news","15":"tag-featurednews","16":"tag-headlines","17":"tag-hoofdpunten","18":"tag-latest-news","19":"tag-latestnews","20":"tag-nederland","21":"tag-nederlanden","22":"tag-nederlands","23":"tag-netherlands","24":"tag-news","25":"tag-nieuws","26":"tag-nl","27":"tag-noodweer","28":"tag-regen","29":"tag-top-stories","30":"tag-topstories","31":"tag-tornado","32":"tag-voorpaginanieuws","33":"tag-waterhoos","34":"tag-wereld","35":"tag-world","36":"tag-world-news","37":"tag-worldnews"},"share_on_mastodon":{"url":"https:\/\/pubeurope.com\/@nl\/115457084902183773","error":""},"_links":{"self":[{"href":"https:\/\/www.europesays.com\/nl\/wp-json\/wp\/v2\/posts\/38687","targetHints":{"allow":["GET"]}}],"collection":[{"href":"https:\/\/www.europesays.com\/nl\/wp-json\/wp\/v2\/posts"}],"about":[{"href":"https:\/\/www.europesays.com\/nl\/wp-json\/wp\/v2\/types\/post"}],"author":[{"embeddable":true,"href":"https:\/\/www.europesays.com\/nl\/wp-json\/wp\/v2\/users\/2"}],"replies":[{"embeddable":true,"href":"https:\/\/www.europesays.com\/nl\/wp-json\/wp\/v2\/comments?post=38687"}],"version-history":[{"count":0,"href":"https:\/\/www.europesays.com\/nl\/wp-json\/wp\/v2\/posts\/38687\/revisions"}],"wp:featuredmedia":[{"embeddable":true,"href":"https:\/\/www.europesays.com\/nl\/wp-json\/wp\/v2\/media\/38688"}],"wp:attachment":[{"href":"https:\/\/www.europesays.com\/nl\/wp-json\/wp\/v2\/media?parent=38687"}],"wp:term":[{"taxonomy":"category","embeddable":true,"href":"https:\/\/www.europesays.com\/nl\/wp-json\/wp\/v2\/categories?post=38687"},{"taxonomy":"post_tag","embeddable":true,"href":"https:\/\/www.europesays.com\/nl\/wp-json\/wp\/v2\/tags?post=38687"}],"curies":[{"name":"wp","href":"https:\/\/api.w.org\/{rel}","templated":true}]}}