{"id":39469,"date":"2025-10-30T02:53:17","date_gmt":"2025-10-30T02:53:17","guid":{"rendered":"https:\/\/www.europesays.com\/nl\/39469\/"},"modified":"2025-10-30T02:53:17","modified_gmt":"2025-10-30T02:53:17","slug":"alsof-er-twee-koninginnen-zijn","status":"publish","type":"post","link":"https:\/\/www.europesays.com\/nl\/39469\/","title":{"rendered":"&#8216;Alsof er twee koninginnen zijn&#8217;"},"content":{"rendered":"<p class=\"article-author\">Tekst: <a href=\"https:\/\/www.royalty-online.nl\/auteur\/denise-delgado\/\" rel=\"nofollow noopener\" target=\"_blank\">Denise Delgado<\/a><\/p>\n<p class=\"article-date\">29 oktober 2025<\/p>\n<p class=\"lead bold\">Achter de gouden deuren van Buckingham Palace lijkt het aardig te rommelen. Tussen koningin Camilla (77) en prinses Kate (43) hangt een voelbare spanning. Volgens insiders zouden de twee verwikkeld zijn in een stille machtsstrijd en geen van beiden is van plan te buigen.<\/p>\n<p>De geruchten over wrijving tussen de twee zijn niet nieuw, maar sinds een video viraal ging waarin Camilla Kate tijdens een staatsbezoek ogenschijnlijk opzij wuifde, volgen fans elk moment tussen de twee met argusogen. En volgens paleismedewerkers is het sindsdien alleen maar koeler geworden.<\/p>\n<p>\u201cCamilla voelt zich aan de kant geschoven, terwijl Kate steeds zelfverzekerder en zichtbaarder wordt,\u201d  vertelt een insider aan RadarOnline. \u201cZe weet dat de machtsverhoudingen aan het verschuiven zijn, en geen van beiden is van plan om stilletjes plaats te maken.\u201d<\/p>\n<p>De tekst gaat verder onder de TikTok-video. <\/p>\n<blockquote class=\"tiktok-embed\" cite=\"https:\/\/www.tiktok.com\/@dailytelegraph\/video\/7551259162592726279\" data-video-id=\"7551259162592726279\" style=\"max-width: 605px;min-width: 325px;\"><p>  <a target=\"_blank\" title=\"@dailytelegraph\" href=\"https:\/\/www.tiktok.com\/@dailytelegraph?refer=embed\" rel=\"nofollow noopener\">@dailytelegraph<\/a> An awkward moment between Queen Camilla and Kate Middleton was caught by cameras during their formal state visit welcome with First Lady Melania Trump. Full story at the link in our bio.  <a title=\"queencamilla\" target=\"_blank\" href=\"https:\/\/www.tiktok.com\/tag\/queencamilla?refer=embed\" rel=\"nofollow noopener\">#queencamilla<\/a> <a title=\"katemiddleton\" target=\"_blank\" href=\"https:\/\/www.tiktok.com\/tag\/katemiddleton?refer=embed\" rel=\"nofollow noopener\">#katemiddleton<\/a> <a title=\"princessofwales\" target=\"_blank\" href=\"https:\/\/www.tiktok.com\/tag\/princessofwales?refer=embed\" rel=\"nofollow noopener\">#princessofwales<\/a> <a title=\"trump\" target=\"_blank\" href=\"https:\/\/www.tiktok.com\/tag\/trump?refer=embed\" rel=\"nofollow noopener\">#trump<\/a> <a title=\"melania\" target=\"_blank\" href=\"https:\/\/www.tiktok.com\/tag\/melania?refer=embed\" rel=\"nofollow noopener\">#melania<\/a> <a target=\"_blank\" title=\" News News-Drone-IT-AI(963995) - ImoKenpi-Dou\" href=\"https:\/\/www.tiktok.com\/music\/-News-News-Drone-IT-AI-963995-6925906478394804225?refer=embed\" rel=\"nofollow noopener\">  News News-Drone-IT-AI(963995) \u2013 ImoKenpi-Dou<\/a>  <\/p><\/blockquote>\n<p>Lees ook: <a href=\"https:\/\/www.royalty-online.nl\/monarchie\/verenigd-koninkrijk\/dit-nieuwe-stylist-kate\/\" target=\"_blank\" rel=\"noreferrer noopener nofollow\">D\u00edt is de nieuwe stylist van prinses Kate<\/a><\/p>\n<p>Kate is stijlvol en professioneel<\/p>\n<p>Een andere bron vult aan: \u201cCamilla heeft keihard gewerkt om geaccepteerd te worden na jaren van kritiek. Nu ziet ze hoe Kate zich steeds meer opstelt als toekomstige koningin, stijlvol, professioneel en met koninklijke allure, en dat maakt haar nerveus.\u201d<\/p>\n<p>De spanning zou bovendien samenhangen met de zorgen om de gezondheid van koning Charles. Volgens insiders bereidt het paleis <a href=\"https:\/\/www.royalty-online.nl\/monarchie\/verenigd-koninkrijk\/william-zet-een-stap-richting-het-koningschap\/\" target=\"_blank\" rel=\"noreferrer noopener nofollow\">prins William \u2018stilletjes voor om sneller dan gepland een grotere rol te nemen<\/a>\u2018. \u201cDe schijn van een perfecte gezondheid begint te wankelen,\u201d aldus een hofdignitaris.<\/p>\n<p>Camilla en kate zijn totaal verschillend<\/p>\n<p>Dat Camilla en Kate nooit echte hartsvriendinnen zijn geweest, is geen geheim. \u201cZe zijn totaal verschillend,\u201d zegt royaltykenner Valentine Low. \u201cKate is beheerst en bedachtzaam, terwijl Camilla veel losser en spontaner is.\u201d<\/p>\n<p>Hoe het ook zij, de paleisbronnen zijn het over \u00e9\u00e9n ding eens: de spanning is voelbaar. \u201cHet lijkt soms alsof er twee koninginnen zijn,\u201d aldus een medewerker. \u201cE\u00e9n die haar plek al heeft, en \u00e9\u00e9n die zich stilletjes voorbereidt om die over te nemen.\u201d<\/p>\n<p>Bekijk ook: <\/p>\n<p>BEELD: GETTY IMAGES<\/p>\n<p>            <script async src=\"\/\/www.tiktok.com\/embed.js\"><\/script><\/p>\n","protected":false},"excerpt":{"rendered":"Tekst: Denise Delgado 29 oktober 2025 Achter de gouden deuren van Buckingham Palace lijkt het aardig te rommelen.&hellip;\n","protected":false},"author":2,"featured_media":39470,"comment_status":"","ping_status":"","sticky":false,"template":"","format":"standard","meta":{"footnotes":""},"categories":[31],"tags":[99,147,48,98,2006,46,47,49,45,50,4432],"class_list":{"0":"post-39469","1":"post","2":"type-post","3":"status-publish","4":"format-standard","5":"has-post-thumbnail","7":"category-celebrities","8":"tag-amusement","9":"tag-celebrities","10":"tag-dutch","11":"tag-entertainment","12":"tag-koningin-camilla","13":"tag-nederland","14":"tag-nederlanden","15":"tag-nederlands","16":"tag-netherlands","17":"tag-nl","18":"tag-prinses-kate"},"share_on_mastodon":{"url":"https:\/\/pubeurope.com\/@nl\/115460859679816981","error":""},"_links":{"self":[{"href":"https:\/\/www.europesays.com\/nl\/wp-json\/wp\/v2\/posts\/39469","targetHints":{"allow":["GET"]}}],"collection":[{"href":"https:\/\/www.europesays.com\/nl\/wp-json\/wp\/v2\/posts"}],"about":[{"href":"https:\/\/www.europesays.com\/nl\/wp-json\/wp\/v2\/types\/post"}],"author":[{"embeddable":true,"href":"https:\/\/www.europesays.com\/nl\/wp-json\/wp\/v2\/users\/2"}],"replies":[{"embeddable":true,"href":"https:\/\/www.europesays.com\/nl\/wp-json\/wp\/v2\/comments?post=39469"}],"version-history":[{"count":0,"href":"https:\/\/www.europesays.com\/nl\/wp-json\/wp\/v2\/posts\/39469\/revisions"}],"wp:featuredmedia":[{"embeddable":true,"href":"https:\/\/www.europesays.com\/nl\/wp-json\/wp\/v2\/media\/39470"}],"wp:attachment":[{"href":"https:\/\/www.europesays.com\/nl\/wp-json\/wp\/v2\/media?parent=39469"}],"wp:term":[{"taxonomy":"category","embeddable":true,"href":"https:\/\/www.europesays.com\/nl\/wp-json\/wp\/v2\/categories?post=39469"},{"taxonomy":"post_tag","embeddable":true,"href":"https:\/\/www.europesays.com\/nl\/wp-json\/wp\/v2\/tags?post=39469"}],"curies":[{"name":"wp","href":"https:\/\/api.w.org\/{rel}","templated":true}]}}