{"id":40453,"date":"2025-10-31T02:00:28","date_gmt":"2025-10-31T02:00:28","guid":{"rendered":"https:\/\/www.europesays.com\/nl\/40453\/"},"modified":"2025-10-31T02:00:28","modified_gmt":"2025-10-31T02:00:28","slug":"pfas-expositie-geopend-kunst-kennis-en-gesprek-komen-samen","status":"publish","type":"post","link":"https:\/\/www.europesays.com\/nl\/40453\/","title":{"rendered":"PFAS-expositie geopend; &#8216;kunst, kennis en gesprek komen samen&#8217;"},"content":{"rendered":"<p>DORDRECHT \/ SLIEDRECHT \u2013 \u201cMet deze PFAS-expositie staan we samen met inwoners stil bij de impact van PFAS op hun leefomgeving en nodigen we uit om met elkaar in gesprek te blijven. De GGD Zuid-Holland Zuid blijft informeren en geeft daarnaast ruimte aan zorgen en idee\u00ebn over een gezonde leefomgeving\u201d, zegt Eveline Schurink, directeur Publieke Gezondheid GGD Zuid-Holland Zuid bij de opening van een interactieve tentoonstelling in Stadsbibliotheek Dordrecht. Deze gaat over de invloed van PFAS op onze leefomgeving en gezondheid. De expositie is een initiatief van GGD Zuid-Holland Zuid en reist komend jaar rond in de regio.<\/p>\n<p>De tentoonstelling is woensdag 29 oktober 2025 geopend door wethouder Tanja de Jonge en Rik van der Linden. (Aangeleverde foto)<\/p>\n<p>Tijdens de opening van de PFAS-expositie in de Stadsbibliotheek Dordrecht spraken de Dordtse wethouders Tanja de Jonge (GroenLinks-PvdA) en Rik van der Linden (ChristenUnie-SGP) over het belang van een gezonde en veilige leefomgeving, bewustwording rond PFAS en de gezamenlijke verantwoordelijkheid om het gesprek met inwoners aan te gaan. Vervolgens gaf kunstenaar Wouter Sieuwerts een toelichting op zijn werk \u2018The Golden Connection\u2019 en vertelde hij over het creatieve proces achter de installatie. Met de onthulling van het kunstwerk is het offici\u00eble startsein gegeven voor de PFAS-expositie. Na de periode in de Stadsbibliotheek Dordrecht reist de PFAS-expositie verder door de regio Zuid-Holland Zuid, met onder meer een vervolg in het Stadskantoor Dordrecht en andere bibliotheken. Zodra de planning voor het komende jaar is vastgesteld, wordt deze gepubliceerd op de website van de GGD Zuid-Holland Zuid.<\/p>\n<p>Tekst gaat verder onder foto.\u00a0<br \/><img loading=\"lazy\" decoding=\"async\" class=\"size-full wp-image-213083 aligncenter\" src=\"https:\/\/www.europesays.com\/nl\/wp-content\/uploads\/2025\/10\/PFAS-expositie_29102025_2-e1761757735957.jpg\" alt=\"\" width=\"1200\" height=\"900\"\/><\/p>\n<p>Hardnekkige chemische stoffen<br \/>In 2025 gaf de GGD Zuid-Holland Zuid kunstenaar Wouter Sieuwerts van Tolly Wolly Studio de opdracht een kunstwerk te cre\u00ebren dat inwoners uitnodigt tot dialoog, reflectie en het delen van ervaringen over PFAS en gezondheid. Het resultaat is de indrukwekkende installatie \u2018The Golden Connection\u2019, die tijdens de expositie centraal staat. Het werk maakt zichtbaar hoe PFAS, onzichtbare maar hardnekkige chemische stoffen, verweven zijn met ons dagelijks leven. Rond een groot PFAS-molecuul staan zes personages die elk een andere houding verbeelden, van actievoerder tot wegkijker. De installatie nodigt bezoekers uit om stil te staan bij hun eigen reactie op PFAS en het gesprek met elkaar aan te gaan.<\/p>\n<p>Informatie en bewustwording<br \/>Naast de kunstinstallatie biedt de expositie ook ruimte voor kennis en actie. Via een speciaal ontworpen meetinstrument, ontwikkeld door de GGD Zuid-Holland Zuid samen met werkvisie De Hoop, kunnen bezoekers symbolisch delen welke houding zij aannemen ten aanzien van PFAS. Dit doen zij door een muntje in \u00e9\u00e9n van de buizen te werpen die \u00e9\u00e9n houding van de zes personages uitbeelden. Dit geeft in \u00e9\u00e9n oogopslag weer welke houding het meeste voorkomt bij inwoners. Daarnaast geven informatieborden inzicht in wat PFAS precies zijn en wat inwoners zelf kunnen doen om blootstelling te verminderen. De effecten van de expositie worden gevolgd door onderzoekers van de Vrije Universiteit Amsterdam (VU). Stadsbibliotheek Dordrecht organiseert de komende weken <a title=\"https:\/\/www.bibliotheekaanzet.nl\/activiteiten\/tentoonstelling-pfas\/pubquiz-pfas-test-je-kennis-met-een-knipoog\" href=\"https:\/\/www.bibliotheekaanzet.nl\/activiteiten\/tentoonstelling-pfas\/pubquiz-pfas-test-je-kennis-met-een-knipoog\" target=\"_blank\" rel=\"noopener noreferrer nofollow\" data-auth=\"NotApplicable\" data-linkindex=\"0\">verschillende activiteiten<\/a> rondom de expositie waaronder lezingen, spreekuren en gespreksavonden over PFAS. Daarmee wordt de bibliotheek een plek waar kunst, kennis en ontmoeting samenkomen.<\/p>\n","protected":false},"excerpt":{"rendered":"DORDRECHT \/ SLIEDRECHT \u2013 \u201cMet deze PFAS-expositie staan we samen met inwoners stil bij de impact van PFAS&hellip;\n","protected":false},"author":2,"featured_media":40454,"comment_status":"","ping_status":"","sticky":false,"template":"","format":"standard","meta":{"footnotes":""},"categories":[12],"tags":[39,40,48,10753,43,44,10547,34,35,10754,146,41,42,46,47,49,45,32,33,50,3379,36,37,38],"class_list":{"0":"post-40453","1":"post","2":"type-post","3":"status-publish","4":"format-standard","5":"has-post-thumbnail","7":"category-nederland","8":"tag-breaking-news","9":"tag-breakingnews","10":"tag-dutch","11":"tag-expositie","12":"tag-featured-news","13":"tag-featurednews","14":"tag-gesprek","15":"tag-headlines","16":"tag-hoofdpunten","17":"tag-kennis","18":"tag-kunst","19":"tag-latest-news","20":"tag-latestnews","21":"tag-nederland","22":"tag-nederlanden","23":"tag-nederlands","24":"tag-netherlands","25":"tag-news","26":"tag-nieuws","27":"tag-nl","28":"tag-pfas","29":"tag-top-stories","30":"tag-topstories","31":"tag-voorpaginanieuws"},"share_on_mastodon":{"url":"https:\/\/pubeurope.com\/@nl\/115466313635180439","error":""},"_links":{"self":[{"href":"https:\/\/www.europesays.com\/nl\/wp-json\/wp\/v2\/posts\/40453","targetHints":{"allow":["GET"]}}],"collection":[{"href":"https:\/\/www.europesays.com\/nl\/wp-json\/wp\/v2\/posts"}],"about":[{"href":"https:\/\/www.europesays.com\/nl\/wp-json\/wp\/v2\/types\/post"}],"author":[{"embeddable":true,"href":"https:\/\/www.europesays.com\/nl\/wp-json\/wp\/v2\/users\/2"}],"replies":[{"embeddable":true,"href":"https:\/\/www.europesays.com\/nl\/wp-json\/wp\/v2\/comments?post=40453"}],"version-history":[{"count":0,"href":"https:\/\/www.europesays.com\/nl\/wp-json\/wp\/v2\/posts\/40453\/revisions"}],"wp:featuredmedia":[{"embeddable":true,"href":"https:\/\/www.europesays.com\/nl\/wp-json\/wp\/v2\/media\/40454"}],"wp:attachment":[{"href":"https:\/\/www.europesays.com\/nl\/wp-json\/wp\/v2\/media?parent=40453"}],"wp:term":[{"taxonomy":"category","embeddable":true,"href":"https:\/\/www.europesays.com\/nl\/wp-json\/wp\/v2\/categories?post=40453"},{"taxonomy":"post_tag","embeddable":true,"href":"https:\/\/www.europesays.com\/nl\/wp-json\/wp\/v2\/tags?post=40453"}],"curies":[{"name":"wp","href":"https:\/\/api.w.org\/{rel}","templated":true}]}}