{"id":40622,"date":"2025-10-31T08:17:09","date_gmt":"2025-10-31T08:17:09","guid":{"rendered":"https:\/\/www.europesays.com\/nl\/40622\/"},"modified":"2025-10-31T08:17:09","modified_gmt":"2025-10-31T08:17:09","slug":"natacha-en-haar-twee-kinderen-al-week-vermist-in-mexico","status":"publish","type":"post","link":"https:\/\/www.europesays.com\/nl\/40622\/","title":{"rendered":"Natacha en haar twee kinderen al week vermist in Mexico"},"content":{"rendered":"<p class=\"Paragraph_paragraph__nQNQ9 Paragraph_paragraph--default-lg-default__2m2_h articleParagraph\">De vrouw en haar kinderen wonen al enkele jaren in Mexico. Belgische vrienden en kennissen heeft ze uit het oog verloren. \u201eHet contact is verbroken zowel met haar als met de kinderen nadat ze vertrokken is\u201d, zegt een goede kennis die nog niet op de hoogte was van de verdwijning tegen het Nieuwsblad.<\/p>\n<p>Geen spoor<\/p>\n<p class=\"Paragraph_paragraph__nQNQ9 Paragraph_paragraph--default-lg-default__2m2_h articleParagraph\">Gielis en haar kinderen woonden er in de zuidelijke stad Calkini, in de streek Yucatan. Volgens het parket zou het trio het laatst gespot zijn in de kuststad Campeche, zo\u2019n negentig kilometer verderop. Daar zijn ze nog gezien toen ze de stad verlieten op 22 oktober. Sindsdien is er geen spoor meer van hen.<\/p>\n<p class=\"Paragraph_paragraph__nQNQ9 Paragraph_paragraph--default-lg-default__2m2_h articleParagraph\">Het parket van Campeche vraagt om uit te kijken naar het trio in een opsporingsbericht. Van de kinderen geven ze nog een persoonsbeschrijving. Dochter Wendy Sarah N. Dullaerts is 1.45 meter groot, heeft een bleke huid, lang haar, blauwe ogen en dunne lippen. Ze heeft ook een klein litteken op haar voorhoofd in de vorm van twee dunne lijntjes.<\/p>\n<p class=\"Paragraph_paragraph__nQNQ9 Paragraph_paragraph--default-lg-default__2m2_h articleParagraph\">De zoon heet Lucas Cedric Q. Dullaerts en is 12 jaar oud. Hij heeft blond haar, een bleke huid en blauwe ogen. Hij heeft eveneens littekens in het gezicht: \u00e9\u00e9n op de onderwang en \u00e9\u00e9n op de kin.<\/p>\n<p class=\"Paragraph_paragraph__nQNQ9 Paragraph_paragraph--default-lg-default__2m2_h articleParagraph\">Van Natacha geeft het parket van Campeche geen beschrijving. Ze zou voordat ze naar Mexico verhuisde in de buurt van Seraing, een gemeente bij de Belgische stad Luik, gewoond hebben. Volgens haar sociale media is ze opvoedster en redacteur.<\/p>\n<p>\u2019Rustig gezin\u2019<\/p>\n<p class=\"Paragraph_paragraph__nQNQ9 Paragraph_paragraph--default-lg-default__2m2_h articleParagraph\">In de Mexicaanse media heeft men het over een verontrustende verdwijning. Verschillende bewoners van zowel Calkini als Campeche reageren op sociale media. \u201eEen heel rustig gezin\u201d, klinkt het meerdere keren. Verschillende personen melden nog dat de vrouw nog een derde kind zou hebben, maar daar is in het opsporingsbericht geen sprake van. De streek Yucatan staat bekend als \u00e9\u00e9n van de veiligste naar Mexicaanse normen. <\/p>\n<p class=\"Paragraph_paragraph__nQNQ9 Paragraph_paragraph--default-lg-default__2m2_h articleParagraph\">Het Belgische ministerie van buitenlandse zaken werd om een reactie gevraagd over het Mexicaanse opsporingsbericht van het gezin, maar die kwam er nog niet.<\/p>\n","protected":false},"excerpt":{"rendered":"De vrouw en haar kinderen wonen al enkele jaren in Mexico. Belgische vrienden en kennissen heeft ze uit&hellip;\n","protected":false},"author":2,"featured_media":40623,"comment_status":"","ping_status":"","sticky":false,"template":"","format":"standard","meta":{"footnotes":""},"categories":[15],"tags":[39,40,48,43,44,34,35,41,42,46,47,49,45,32,33,50,36,37,38,67,64,65,66],"class_list":{"0":"post-40622","1":"post","2":"type-post","3":"status-publish","4":"format-standard","5":"has-post-thumbnail","7":"category-wereld","8":"tag-breaking-news","9":"tag-breakingnews","10":"tag-dutch","11":"tag-featured-news","12":"tag-featurednews","13":"tag-headlines","14":"tag-hoofdpunten","15":"tag-latest-news","16":"tag-latestnews","17":"tag-nederland","18":"tag-nederlanden","19":"tag-nederlands","20":"tag-netherlands","21":"tag-news","22":"tag-nieuws","23":"tag-nl","24":"tag-top-stories","25":"tag-topstories","26":"tag-voorpaginanieuws","27":"tag-wereld","28":"tag-world","29":"tag-world-news","30":"tag-worldnews"},"share_on_mastodon":{"url":"https:\/\/pubeurope.com\/@nl\/115467795975725463","error":""},"_links":{"self":[{"href":"https:\/\/www.europesays.com\/nl\/wp-json\/wp\/v2\/posts\/40622","targetHints":{"allow":["GET"]}}],"collection":[{"href":"https:\/\/www.europesays.com\/nl\/wp-json\/wp\/v2\/posts"}],"about":[{"href":"https:\/\/www.europesays.com\/nl\/wp-json\/wp\/v2\/types\/post"}],"author":[{"embeddable":true,"href":"https:\/\/www.europesays.com\/nl\/wp-json\/wp\/v2\/users\/2"}],"replies":[{"embeddable":true,"href":"https:\/\/www.europesays.com\/nl\/wp-json\/wp\/v2\/comments?post=40622"}],"version-history":[{"count":0,"href":"https:\/\/www.europesays.com\/nl\/wp-json\/wp\/v2\/posts\/40622\/revisions"}],"wp:featuredmedia":[{"embeddable":true,"href":"https:\/\/www.europesays.com\/nl\/wp-json\/wp\/v2\/media\/40623"}],"wp:attachment":[{"href":"https:\/\/www.europesays.com\/nl\/wp-json\/wp\/v2\/media?parent=40622"}],"wp:term":[{"taxonomy":"category","embeddable":true,"href":"https:\/\/www.europesays.com\/nl\/wp-json\/wp\/v2\/categories?post=40622"},{"taxonomy":"post_tag","embeddable":true,"href":"https:\/\/www.europesays.com\/nl\/wp-json\/wp\/v2\/tags?post=40622"}],"curies":[{"name":"wp","href":"https:\/\/api.w.org\/{rel}","templated":true}]}}