{"id":41447,"date":"2025-11-01T01:35:13","date_gmt":"2025-11-01T01:35:13","guid":{"rendered":"https:\/\/www.europesays.com\/nl\/41447\/"},"modified":"2025-11-01T01:35:13","modified_gmt":"2025-11-01T01:35:13","slug":"taakstraf-en-beroepsverbod-voor-internist-die-coassistenten-tijdens-les-betastte","status":"publish","type":"post","link":"https:\/\/www.europesays.com\/nl\/41447\/","title":{"rendered":"Taakstraf en beroepsverbod voor internist die coassistenten tijdens les betastte"},"content":{"rendered":"<p><img alt=\"\" decoding=\"async\" loading=\"eager\" src=\"https:\/\/www.europesays.com\/nl\/wp-content\/uploads\/2025\/11\/1761960912_956_1024x576a.jpg\" class=\"sc-bcb3b750-1 cULYcE\"\/>ANPHet Maasstad Ziekenhuis in Rotterdam <img decoding=\"async\" alt=\"\" class=\"sc-ebf2051d-2 kqiOsI\" role=\"presentation\" src=\"https:\/\/static.nos.nl\/regio\/logos\/ZH-Rijnmond\/Regio_ZH-Rijnmond.svg\" data-sentry-component=\"BroadcasterIcon\" data-sentry-source-file=\"BroadcasterIcon.tsx\"\/><\/p>\n<p>In samenwerking met<\/p>\n<p>Rijnmond<\/p>\n<p>NOS Nieuws\u2022gisteren, 21:20<\/p>\n<p class=\"sc-2ea02837-0 fedhGB\" id=\"673157233484113\">Een internist van het Rotterdamse Maasstad Ziekenhuis is veroordeeld voor ontucht met drie coassistenten tijdens een les. Ook pleegde hij ontucht met een pati\u00ebnte.<\/p>\n<p class=\"sc-2ea02837-0 fedhGB\" id=\"352972401972858\">De nu 57-jarige man uit Dordrecht kreeg van de rechtbank Rotterdam een taakstraf van 240 uur, een beroepsverbod van vijf jaar en een voorwaardelijke gevangenisstraf van een half jaar opgelegd. Ook moet hij de slachtoffers een schadevergoeding betalen.<\/p>\n<p class=\"sc-2ea02837-0 fedhGB\" id=\"807879474409027\">De man heeft volgens de rechtbank misbruik gemaakt van zijn positie omdat hij een stuk ouder was dan de coassistenten, hun opleider was en hoger in aanzien stond. De man heeft de aantijgingen ontkend.<\/p>\n<p class=\"sc-2ea02837-0 fedhGB\" id=\"414375781361028\">In november 2021 deden drie coassistenten aangifte tegen de man, die sinds 2003 werkzaam was in het ziekenhuis. Het betrof drie jonge studenten die op dezelfde dag deelnamen aan een echografieles.<\/p>\n<p>&#8216;Puur machtsmisbruik&#8217;<\/p>\n<p class=\"sc-2ea02837-0 fedhGB\" id=\"900454085820956\">De man duwde daarbij het ondergoed van de studenten opzij en raakte hun borsten aan. &#8220;We verwachtten alleen een echo van de buik, maar onverwacht onderzocht hij ook de lies en het hart. Ik lag ineens halfnaakt op tafel en moest mijn benen spreiden&#8221;, verklaarde een van de studenten eerder. &#8220;Ik lag daar z\u00f3 kwetsbaar, z\u00f3 weerloos, z\u00f3 klein. Dit was puur machtsmisbruik&#8221;.<\/p>\n<p class=\"sc-2ea02837-0 fedhGB\" id=\"713888945885478\">De coassistenten hoorden van mannelijke studenten dat zij voor dezelfde les met hun spijkerbroek aan op de behandeltafel hadden gelegen.<\/p>\n<p class=\"sc-2ea02837-0 fedhGB\" id=\"840171876976318\">De arts zou ook hebben gefilmd toen de studenten elkaar halfnaakt moesten onderzoeken, maar die beelden zijn niet meer te achterhalen.<\/p>\n<p class=\"sc-2ea02837-0 fedhGB\" id=\"375882864895180\">&#8220;Een paar dagen later ging de camera stuk en heb ik hem weggegooid&#8221;, verklaarde hij bij een eerdere zitting. Hij zei dat hij de camera op de muur had gericht en niet op de vrouwen. &#8220;Ik filmde alleen om te timen hoe lang het onderzoek duurde. Achteraf een hele domme actie.&#8221;<\/p>\n<p class=\"sc-2ea02837-0 fedhGB\" id=\"409663304664201\">De arts was al ontslagen door het ziekenhuis, meldt regionale omroep <a href=\"https:\/\/www.rijnmond.nl\/nieuws\/2099875\/handtastelijke-arts-mag-vijf-jaar-niet-meer-aan-de-slag-maar-hoeft-niet-de-cel-in\" data-tracking=\"elementType=external-link|elementId=https:\/\/www.rijnmond.nl\/nieuws\/2099875\/handtastelijke-arts-mag-vijf-jaar-niet-meer-aan-de-slag-maar-hoeft-niet-de-cel-in|eventType=navigation|eventName=open\" target=\"_blank\" rel=\"nofollow noopener\">Rijnmond<\/a>. Het medisch tuchtcollege <a data-tracking=\"elementType=page|elementId=https:\/\/nos.nl\/collectie\/13887\/artikel\/2468729-internist-maasstad-ziekenhuis-uit-ambt-gezet-voor-betasten-coassistenten|eventType=navigation|eventName=open\" target=\"_self\" href=\"https:\/\/nos.nl\/collectie\/13887\/artikel\/2468729-internist-maasstad-ziekenhuis-uit-ambt-gezet-voor-betasten-coassistenten\" rel=\"nofollow noopener\">schorste<\/a> de internist in 2023 en schrapte hem later uit het BIG-register.<\/p>\n","protected":false},"excerpt":{"rendered":"ANPHet Maasstad Ziekenhuis in Rotterdam In samenwerking met Rijnmond NOS Nieuws\u2022gisteren, 21:20 Een internist van het Rotterdamse Maasstad&hellip;\n","protected":false},"author":2,"featured_media":41448,"comment_status":"","ping_status":"","sticky":false,"template":"","format":"standard","meta":{"footnotes":""},"categories":[12],"tags":[39,40,10976,48,43,44,34,35,8129,41,42,5622,46,47,49,45,32,33,50,36,37,38],"class_list":{"0":"post-41447","1":"post","2":"type-post","3":"status-publish","4":"format-standard","5":"has-post-thumbnail","7":"category-nederland","8":"tag-breaking-news","9":"tag-breakingnews","10":"tag-coassistenten","11":"tag-dutch","12":"tag-featured-news","13":"tag-featurednews","14":"tag-headlines","15":"tag-hoofdpunten","16":"tag-internist","17":"tag-latest-news","18":"tag-latestnews","19":"tag-maasstad-ziekenhuis","20":"tag-nederland","21":"tag-nederlanden","22":"tag-nederlands","23":"tag-netherlands","24":"tag-news","25":"tag-nieuws","26":"tag-nl","27":"tag-top-stories","28":"tag-topstories","29":"tag-voorpaginanieuws"},"share_on_mastodon":{"url":"https:\/\/pubeurope.com\/@nl\/115471877646038387","error":""},"_links":{"self":[{"href":"https:\/\/www.europesays.com\/nl\/wp-json\/wp\/v2\/posts\/41447","targetHints":{"allow":["GET"]}}],"collection":[{"href":"https:\/\/www.europesays.com\/nl\/wp-json\/wp\/v2\/posts"}],"about":[{"href":"https:\/\/www.europesays.com\/nl\/wp-json\/wp\/v2\/types\/post"}],"author":[{"embeddable":true,"href":"https:\/\/www.europesays.com\/nl\/wp-json\/wp\/v2\/users\/2"}],"replies":[{"embeddable":true,"href":"https:\/\/www.europesays.com\/nl\/wp-json\/wp\/v2\/comments?post=41447"}],"version-history":[{"count":0,"href":"https:\/\/www.europesays.com\/nl\/wp-json\/wp\/v2\/posts\/41447\/revisions"}],"wp:featuredmedia":[{"embeddable":true,"href":"https:\/\/www.europesays.com\/nl\/wp-json\/wp\/v2\/media\/41448"}],"wp:attachment":[{"href":"https:\/\/www.europesays.com\/nl\/wp-json\/wp\/v2\/media?parent=41447"}],"wp:term":[{"taxonomy":"category","embeddable":true,"href":"https:\/\/www.europesays.com\/nl\/wp-json\/wp\/v2\/categories?post=41447"},{"taxonomy":"post_tag","embeddable":true,"href":"https:\/\/www.europesays.com\/nl\/wp-json\/wp\/v2\/tags?post=41447"}],"curies":[{"name":"wp","href":"https:\/\/api.w.org\/{rel}","templated":true}]}}