{"id":41633,"date":"2025-11-01T08:34:08","date_gmt":"2025-11-01T08:34:08","guid":{"rendered":"https:\/\/www.europesays.com\/nl\/41633\/"},"modified":"2025-11-01T08:34:08","modified_gmt":"2025-11-01T08:34:08","slug":"honderden-euros-per-week-toeristenbelasting-op-deze-populaire-eilandengroep-stijgt-mogelijk-flink","status":"publish","type":"post","link":"https:\/\/www.europesays.com\/nl\/41633\/","title":{"rendered":"Honderden euro\u2019s per week: toeristenbelasting op deze populaire eilandengroep stijgt mogelijk flink"},"content":{"rendered":"<p class=\"Paragraph_paragraph__nQNQ9 Paragraph_paragraph--default-lg-default__2m2_h articleParagraph\">Elke zomer ontvangt de eilandengroep in de Middellandse Zee, ten oosten van het Spaanse vasteland,\u00a0miljoenen toeristen, veel meer dan de infrastructuur aankan. Gezien de toestroom aan bezoekers heeft de grootste Spaanse vakbond CCOO tijdens een conferentie op donderdag 23 oktober voorgesteld om de toeristenbelasting \u2013 die sinds 2016 van kracht is \u2013 drastisch te verhogen van 4 naar 15 euro per persoon en per nacht in juli en augustus.<\/p>\n<p><a href=\"https:\/\/www.telegraaf.nl\/financieel\/nachtvluchten-op-schiphol-blijven-volgens-minister-nodig\/99058572.html\" class=\"RelatedTeaser_related-teaser__pNEhJ RelatedTeaser_related-teaser--image__dk4DP read-more_withImage__1YJa_\" data-article-id=\"99058572\" rel=\"nofollow noopener\" target=\"_blank\"><\/p>\n<p>Nachtvluchten op Schiphol blijven volgens minister nodig<\/p>\n<p><\/a><\/p>\n<p class=\"Paragraph_paragraph__nQNQ9 Paragraph_paragraph--default-lg-default__2m2_h articleParagraph\">\u201eDit is geen prijsverhoging die bedoeld is om de inkomsten te verhogen, maar een afschrikmiddel\u201d,\u00a0zegt voorzitter Jos\u00e9 Lu\u00eds Garc\u00eda van CCOO in de krant Ultima Hora. Voor een gezin van vier kan het totaalbedrag oplopen tot meer dan 300 euro per week. \u201eEr is geen plaats meer om hier in het hoogseizoen meer bezoekers te ontvangen\u201d, meent de man.<\/p>\n<p>Totaal 52 maatregelen ingediend<\/p>\n<p class=\"Paragraph_paragraph__nQNQ9 Paragraph_paragraph--default-lg-default__2m2_h articleParagraph\">Het voorstel volgt nadat het parlement van de Balearen eerder deze week een wetsvoorstel heeft verworpen om de bestaande toeristenbelasting te verdubbelen en maakt deel uit van een plan van 52 maatregelen die de vakbond heeft ingediend. Verder zou ook de bouw van nieuwe hotels tijdelijk worden opgeschort, terwijl prioriteit wordt gegeven aan de geleidelijke modernisering van bestaande faciliteiten.<\/p>\n<p><a href=\"https:\/\/www.telegraaf.nl\/buitenland\/horeca-op-mallorca-geeft-anti-toerismebeweging-schuld-van-teruglopende-inkomsten-ze-schrikken-bezoekers-af\/79755761.html\" class=\"RelatedTeaser_related-teaser__pNEhJ RelatedTeaser_related-teaser--image__dk4DP read-more_withImage__1YJa_\" data-article-id=\"79755761\" rel=\"nofollow noopener\" target=\"_blank\"><\/p>\n<p>Horeca op Mallorca geeft anti-toerismebeweging schuld van teruglopende inkomsten: \u2019Ze schrikken bezoekers af\u2019  <\/p>\n<p><\/a><\/p>\n<p class=\"Paragraph_paragraph__nQNQ9 Paragraph_paragraph--default-lg-default__2m2_h articleParagraph\">Palma de Mallorca had in 2022 al een verbod op de bouw van nieuwe toeristische accommodaties ingevoerd. Andere maatregelen omvatten het verhogen van de verplichte consumptie van lokale producten in hotels en het verkleinen van de CO\u2082-voetafdruk van toeristische activiteiten. Het doel is om toerisme te stimuleren met oog voor het milieu en de plaatselijke gemeenschap.<\/p>\n","protected":false},"excerpt":{"rendered":"Elke zomer ontvangt de eilandengroep in de Middellandse Zee, ten oosten van het Spaanse vasteland,\u00a0miljoenen toeristen, veel meer&hellip;\n","protected":false},"author":2,"featured_media":41634,"comment_status":"","ping_status":"","sticky":false,"template":"","format":"standard","meta":{"footnotes":""},"categories":[15],"tags":[39,40,48,43,44,34,35,41,42,46,47,49,45,32,33,50,36,37,38,67,64,65,66],"class_list":{"0":"post-41633","1":"post","2":"type-post","3":"status-publish","4":"format-standard","5":"has-post-thumbnail","7":"category-wereld","8":"tag-breaking-news","9":"tag-breakingnews","10":"tag-dutch","11":"tag-featured-news","12":"tag-featurednews","13":"tag-headlines","14":"tag-hoofdpunten","15":"tag-latest-news","16":"tag-latestnews","17":"tag-nederland","18":"tag-nederlanden","19":"tag-nederlands","20":"tag-netherlands","21":"tag-news","22":"tag-nieuws","23":"tag-nl","24":"tag-top-stories","25":"tag-topstories","26":"tag-voorpaginanieuws","27":"tag-wereld","28":"tag-world","29":"tag-world-news","30":"tag-worldnews"},"share_on_mastodon":{"url":"https:\/\/pubeurope.com\/@nl\/115473525291156095","error":""},"_links":{"self":[{"href":"https:\/\/www.europesays.com\/nl\/wp-json\/wp\/v2\/posts\/41633","targetHints":{"allow":["GET"]}}],"collection":[{"href":"https:\/\/www.europesays.com\/nl\/wp-json\/wp\/v2\/posts"}],"about":[{"href":"https:\/\/www.europesays.com\/nl\/wp-json\/wp\/v2\/types\/post"}],"author":[{"embeddable":true,"href":"https:\/\/www.europesays.com\/nl\/wp-json\/wp\/v2\/users\/2"}],"replies":[{"embeddable":true,"href":"https:\/\/www.europesays.com\/nl\/wp-json\/wp\/v2\/comments?post=41633"}],"version-history":[{"count":0,"href":"https:\/\/www.europesays.com\/nl\/wp-json\/wp\/v2\/posts\/41633\/revisions"}],"wp:featuredmedia":[{"embeddable":true,"href":"https:\/\/www.europesays.com\/nl\/wp-json\/wp\/v2\/media\/41634"}],"wp:attachment":[{"href":"https:\/\/www.europesays.com\/nl\/wp-json\/wp\/v2\/media?parent=41633"}],"wp:term":[{"taxonomy":"category","embeddable":true,"href":"https:\/\/www.europesays.com\/nl\/wp-json\/wp\/v2\/categories?post=41633"},{"taxonomy":"post_tag","embeddable":true,"href":"https:\/\/www.europesays.com\/nl\/wp-json\/wp\/v2\/tags?post=41633"}],"curies":[{"name":"wp","href":"https:\/\/api.w.org\/{rel}","templated":true}]}}