{"id":42725,"date":"2025-11-02T12:47:13","date_gmt":"2025-11-02T12:47:13","guid":{"rendered":"https:\/\/www.europesays.com\/nl\/42725\/"},"modified":"2025-11-02T12:47:13","modified_gmt":"2025-11-02T12:47:13","slug":"israel-deelt-gaza-in-tweeen-is-deze-gele-lijn-een-nieuwe-berlijnse-muur","status":"publish","type":"post","link":"https:\/\/www.europesays.com\/nl\/42725\/","title":{"rendered":"Isra\u00ebl deelt Gaza in twee\u00ebn: is deze \u2018gele lijn\u2019 een nieuwe Berlijnse muur?"},"content":{"rendered":"<p>Een groeiende rij geelgeverfde betonblokken splijt de Gazastrook in twee\u00ebn. Om de tweehonderd meter zet het Isra\u00eblische leger er een neer, elk blok is voorzien van een geel metalen bord dat drie\u00ebnhalve meter de lucht in steekt. Zo krijgt de eerder denkbeeldige \u2018gele lijn\u2019, waarachter de Isra\u00eblische troepen zich eerder deze maand teruggetrokken, langzaam een fysieke vorm.\u00a0<\/p>\n<p>De markeringen staan er voor de bestwil van de Palestijnen, luidt de uitleg van Isra\u00ebl. Er komen er nog bijna dagelijks mensen om het leven doordat Isra\u00eblische militairen het vuur openen op iedereen die de demarcatielijn nadert. En het is lang niet altijd duidelijk waar de Isra\u00eblische bezettingszone begint. De gele betonblokken zouden hier een oplossing voor moeten bieden.\u00a0<\/p>\n<p>Een minder welwillende uitleg is dat de gele blokken het begin zijn van een blijvende Isra\u00eblische bezetting van meer dan de helft van de kuststrook. Toen het bestand afgelopen week wankelde en Isra\u00ebl dinsdagnacht Gaza weer <a href=\"https:\/\/www.nrc.nl\/nieuws\/2025\/10\/29\/tussen-de-israelische-bombardementen-door-houdt-het-staakt-het-vuren-in-gaza-stand-a4911217\" rel=\"nofollow noopener\" target=\"_blank\">op grote schaal bombardeerde<\/a>, dreigde het ook met het opschuiven van de gele lijn, om een groter gebied van de kuststrook  te bezetten.\u00a0<\/p>\n<p>Waar komt het idee van de gele lijn vandaan? En wat betekent deze tweedeling voor de toekomst van Gaza? <\/p>\n<p>1 Waarom is de lijn geel?<\/p>\n<p>De gele lijn komt uit het twintigpuntenplan van de Amerikaanse president Donald Trump, dat een einde moet maken aan de oorlog in Gaza. Bij dat plan zit een kaartje waarop in primaire kleuren de verschillende fasen van de beoogde terugtrekking van het Isra\u00eblische leger wordt weergegeven.\u00a0<\/p>\n<p>De gele lijn ligt daarbij tussen een blauwe lijn (de positie van de Isra\u00eblische troepen v\u00f3\u00f3r het staakt-het-vuren) en een rode lijn (de volgende grens waarachter het leger zich moet terugtrekken). Uiteindelijk moet het Isra\u00eblische leger zich volgens het plan terugtrekken naar een bufferzone langs de grens van de kuststrook.\u00a0<\/p>\n<p><img alt=\"\" data-lightbox-highres=\"https:\/\/images.nrc.nl\/i74EShV-SlorCzrB1sfmpBfYAlM=\/1920x\/filters:no_upscale()\/s3\/static.nrc.nl\/wp-content\/uploads\/2025\/10\/31122245\/011125BUI_2021199531_Kaartvan-Trump.jpg\" data-lightbox-highres-webp=\"https:\/\/images.nrc.nl\/oQzdJs_Jq9j65MuRFxcNrRC3Omg=\/1920x\/filters:no_upscale():format(webp)\/s3\/static.nrc.nl\/wp-content\/uploads\/2025\/10\/31122245\/011125BUI_2021199531_Kaartvan-Trump.jpg\" data-lightbox-zoom=\"https:\/\/images.nrc.nl\/i74EShV-SlorCzrB1sfmpBfYAlM=\/1920x\/filters:no_upscale()\/s3\/static.nrc.nl\/wp-content\/uploads\/2025\/10\/31122245\/011125BUI_2021199531_Kaartvan-Trump.jpg\" data-lightbox-zoom-webp=\"https:\/\/images.nrc.nl\/oQzdJs_Jq9j65MuRFxcNrRC3Omg=\/1920x\/filters:no_upscale():format(webp)\/s3\/static.nrc.nl\/wp-content\/uploads\/2025\/10\/31122245\/011125BUI_2021199531_Kaartvan-Trump.jpg\" data-open-in-lightbox=\"true\" decoding=\"async\" height=\"1068\" loading=\"lazy\" src=\"https:\/\/www.europesays.com\/nl\/wp-content\/uploads\/2025\/11\/011125BUI_2021199531_Kaartvan-Trump.jpg\"  width=\"800\"\/><\/p>\n<p>Zoom in<\/p>\n<p>Naast de terugtrekking van het Isra\u00eblische leger achter de gele lijn, is slechts een aantal andere punten uit Trumps plan uitgevoerd tijdens deze eerste fase van het staakt-het-vuren. Over de tweede fase wordt nog gesproken. \u201eMochten onderhandelingen voor de tweede fase van het bestand mislukken, dan kunnen de gele markeringen snel een permanente grens worden\u201d, aldus Yoav Zitun, defensie-verslaggever van de Isra\u00eblische krant Yedioth Ahronoth. \u201eDaardoor wordt Gaza effectief kleiner en de westelijke Isra\u00eblische Negev-woestijn groter.\u201d<\/p>\n<p>2 Waar zou de lijn precies moeten komen?<\/p>\n<p>Dat is niet helemaal duidelijk. Aanvankelijk bevatte het plan van Trump slechts een grove schets van de locatie van de gele lijn, in plaats van een uitgewerkte kaart op basis van co\u00f6rdinaten. Een week later deelde de Amerikaanse president op zijn sociale netwerk Truth Social een\u00a0gedetailleerdere kaart, maar daarop loopt de lijn net anders. Het Isra\u00eblische leger publiceerde vervolgens op 14 oktober een derde versie, met w\u00e9\u00e9r een iets andere lijn.\u00a0<\/p>\n<p><img decoding=\"async\" alt=\"\" class=\"dmt-agno-player__live-message\" src=\"https:\/\/www.europesays.com\/nl\/wp-content\/uploads\/2025\/10\/liveplayer-off.jpeg\"\/><\/p>\n<p>NRC<\/p>\n<p>\t\t\tSorry, het lukt niet om de video af te spelen.<br \/>\n\t\t\t\tProbeer de pagina opnieuw te laden<\/p>\n<p>\t\t\tof probeer het later nog eens.<\/p>\n<p class=\"caption\">Het Isra\u00eblische leger markeert de gele lijn met betonblokken. <\/p>\n<p>Beeld  handout Ministerie van Defensie Isra\u00ebl\/Reuters <\/p>\n<p>Volgens die laatste kaart beheerst Isra\u00ebl nog altijd 53 procent van de Gazastrook. Bovendien blijkt <a href=\"https:\/\/www.bbc.com\/news\/articles\/cx2y9ny653no\" rel=\"nofollow noopener\" target=\"_blank\">uit onderzoek van de BBC<\/a> dat de gele betonnen blokken die het Isra\u00eblische leger nu plaatst, enkele honderden meters staan van de lijn op de Isra\u00eblische kaart. Zo claimt  Isra\u00ebl  volgens de BBC extra grondgebied.\u00a0<\/p>\n<p>3 Aan welke kant van de lijn zit de Gazaanse bevolking?<\/p>\n<p>Bijna alle twee miljoen Gazanen bevinden zich ten westen van de gele lijn, aan de kant van de zee. De afgelopen weken lukte het Hamas om in dat gebied de macht weer over te nemen. Net als voor de oorlog patrouilleren politieagenten en strijders van Hamas door de straten.\u00a0<\/p>\n<p>4 Hoe ziet de \u2018Isra\u00eblische kant\u2019 van de gele lijn er dan uit?<\/p>\n<p>Die is grotendeels verwoest. Toch bevinden zich ook daar nog Palestijnse burgers. Bij aanvang van het bestand telden bezet Rafah en Khan Younis nog zo\u2019n dertigduizend mensen. Het staat hen vrij de gele lijn over te steken naar het gebied dat onder controle van Hamas staat, aldus het Isra\u00eblische leger, maar daarna mogen ze niet terugkeren.\u00a0<\/p>\n<p>Naast Isra\u00eblische militairen zijn er verschillende gewapende Palestijnse groepen aan de oostzijde van de lijn. Isra\u00ebl steunt deze groepen met wapens en geld om tegenwicht te bieden aan Hamas. Hieronder vallen onder meer de Volksstrijdkrachten van bendeleider Yasser Abu Shabab, met  honderden strijders.\u00a0<\/p>\n<p>5 Dreigt de gele lijn permanent te worden?<\/p>\n<p>Dat is niet helemaal duidelijk. Zowel de Amerikaanse vicepresident JD Vance als Trumps schoonzoon en Midden-Oostengezant Jared Kushner suggereerde vorige week tijdens hun bezoek aan Isra\u00ebl dat de wederopbouw van Gaza achter de gele lijn alvast zou kunnen beginnen, in de gebieden onder controle van het Isra\u00eblisch leger.<\/p>\n<p>Dat zou Gazanen een aantrekkelijk alternatief bieden voor het bestuur van Hamas, zo is het idee. Amit Segal, een rechtse Isra\u00eblische journalist die dicht bij de regering van premier Benjamin Netanyahu staat, trok in een podcast van <a href=\"https:\/\/www.nytimes.com\/2025\/10\/28\/opinion\/ezra-klein-podcast-amit-segal.html?smid=nytcore-ios-share&amp;referringSource=articleShare\" rel=\"nofollow noopener\" target=\"_blank\">The New York Times<\/a> al de vergelijking met Oost- en West-Berlijn in de vorige eeuw. In dit scenario is de gele lijn een soort Berlijnse muur, met de Gazanen als Oost-Berlijners, die hunkeren naar een leven aan de andere kant van de scheiding.<\/p>\n<p><a class=\"dmt-article-suggestion\" href=\"https:\/\/www.nrc.nl\/nieuws\/2025\/10\/30\/burgemeester-gaza-stad-wederopbouw-is-zinloos-zonder-consultatie-van-de-palestijnen-a4911254\" rel=\"nofollow noopener\" target=\"_blank\"><\/p>\n<p>\n\t\t\t\tLees ook\n\t\t\t<\/p>\n<p>Burgemeester Gaza-Stad:  \u2018Wederopbouw is zinloos zonder consultatie van  de Palestijnen\u2019<\/p>\n<p><img decoding=\"async\" alt=\"Burgemeester Yahya al-Sarraj in zijn kantoor in Gaza-Stad. Hij bleef na oktober 2023: \u201eHet was mijn plicht om onder de mensen te blijven.\u201d\" class=\"dmt-article-suggestion__image\" src=\"https:\/\/www.europesays.com\/nl\/wp-content\/uploads\/2025\/11\/yahya-staand.jpg\"\/><br \/>\n<\/a><br \/>\n6 Wat vinden de Palestijnen zelf van dat idee?\u00a0<\/p>\n<p>Net als bij voorgaande plannen over de toekomst van Gaza wordt dat niet aan de bevolking gevraagd. Palestijnen en de Arabische landen die meepraten over Gaza vrezen dat de wederopbouw aan slechts \u00e9\u00e9n zijde van de lijn leidt tot verankering van de Isra\u00eblische bezetting van de helft van de kuststrook. Daarom zijn die Arabische landen kritisch over de suggestie van Kushner en Vance.\u00a0<\/p>\n<p>\u201eIk zie wederopbouw in Gaza, of zelfs maar hulpverlening, niet slagen zonder dat de Palestijnen er zelf bij worden betrokken\u201d, zegt Raja Khalidi, directeur van het Palestijnse Instituut voor Economisch Beleidsonderzoek in Ramallah, tegen NRC.\u00a0<\/p>\n<p>\u201eHet is geen serieus voorstel\u201d, aldus Khalidi, maar het zoveelste proefballonnetje. \u201eNet zoals de pier van voormalig Amerikaanse president Joe Biden [waar schepen met humanitaire hulp hadden moeten aanmeren] of de voedselpunten van het GHF.\u201d Rondom die punten kwamen afgelopen maanden, door beschietingen van het Isra\u00eblische leger, honderden hulpzoekende Palestijnen om het leven.<\/p>\n<p>Bijkomend probleem is dat de vruchtbare landbouwgronden van Gaza zich veelal bevinden in de door Isra\u00ebl bezette zone. Het is volgens critici niet logisch om daar te gaan bouwen, in plaats van in de oorspronkelijke stedelijke gebieden dichter bij de kust.<\/p>\n<p><img decoding=\"async\" alt=\"\" class=\"dmt-agno-player__live-message\" src=\"https:\/\/www.europesays.com\/nl\/wp-content\/uploads\/2025\/10\/liveplayer-off.jpeg\"\/><\/p>\n<p>NRC<\/p>\n<p>\t\t\tSorry, het lukt niet om de video af te spelen.<br \/>\n\t\t\t\tProbeer de pagina opnieuw te laden<\/p>\n<p>\t\t\tof probeer het later nog eens.<\/p>\n<p class=\"caption\">Het Isra\u00eblische leger legt om de tweehonderd meter betonblokken neer in de Gazastrook om de gele lijn te markeren. <\/p>\n<p>Beeld Reuters<\/p>\n<p>7  Na een tussenperiode onder internationaal bestuur zou Gaza deel moeten uitmaken van een Palestijnse staat. Is dat van de baan?\u00a0<\/p>\n<p>Als het aan de Amerikanen ligt niet. De VS voeren nog altijd gesprekken met Arabische en islamitische landen om militairen te vinden  voor een internationale stabilisatiemacht, die de verdere terugtrekking van het Isra\u00eblische leger uit Gaza mogelijk moet maken.\u00a0<\/p>\n<p>Die gesprekken lopen stroef. Zo toont Turkije zich bereid troepen te sturen, maar daar wil Isra\u00ebl vanwege de slechte relatie met dat land niets van weten. Andere landen vrezen hun troepen een wespennest in te sturen, waarbij Hamas niet wil ontwapenen en Isra\u00ebl door blijft bombarderen.\u00a0<\/p>\n<p>Geef cadeau<\/p>\n<p>Deel<\/p>\n<p>Mail de redactie<\/p>\n<p>\nNIEUW: Geef dit artikel cadeau<br \/>\n\t\t\tAls NRC-abonnee kun je elke maand 10 artikelen cadeau geven aan iemand zonder NRC-abonnement. De ontvanger kan het artikel direct lezen, zonder betaalmuur.\n\t\t<\/p>\n","protected":false},"excerpt":{"rendered":"Een groeiende rij geelgeverfde betonblokken splijt de Gazastrook in twee\u00ebn. Om de tweehonderd meter zet het Isra\u00eblische leger&hellip;\n","protected":false},"author":2,"featured_media":42726,"comment_status":"","ping_status":"","sticky":false,"template":"","format":"standard","meta":{"footnotes":""},"categories":[15],"tags":[39,40,48,43,44,34,35,41,42,46,47,49,45,32,33,50,36,37,38,67,64,65,66],"class_list":{"0":"post-42725","1":"post","2":"type-post","3":"status-publish","4":"format-standard","5":"has-post-thumbnail","7":"category-wereld","8":"tag-breaking-news","9":"tag-breakingnews","10":"tag-dutch","11":"tag-featured-news","12":"tag-featurednews","13":"tag-headlines","14":"tag-hoofdpunten","15":"tag-latest-news","16":"tag-latestnews","17":"tag-nederland","18":"tag-nederlanden","19":"tag-nederlands","20":"tag-netherlands","21":"tag-news","22":"tag-nieuws","23":"tag-nl","24":"tag-top-stories","25":"tag-topstories","26":"tag-voorpaginanieuws","27":"tag-wereld","28":"tag-world","29":"tag-world-news","30":"tag-worldnews"},"share_on_mastodon":{"url":"https:\/\/pubeurope.com\/@nl\/115480182462750507","error":""},"_links":{"self":[{"href":"https:\/\/www.europesays.com\/nl\/wp-json\/wp\/v2\/posts\/42725","targetHints":{"allow":["GET"]}}],"collection":[{"href":"https:\/\/www.europesays.com\/nl\/wp-json\/wp\/v2\/posts"}],"about":[{"href":"https:\/\/www.europesays.com\/nl\/wp-json\/wp\/v2\/types\/post"}],"author":[{"embeddable":true,"href":"https:\/\/www.europesays.com\/nl\/wp-json\/wp\/v2\/users\/2"}],"replies":[{"embeddable":true,"href":"https:\/\/www.europesays.com\/nl\/wp-json\/wp\/v2\/comments?post=42725"}],"version-history":[{"count":0,"href":"https:\/\/www.europesays.com\/nl\/wp-json\/wp\/v2\/posts\/42725\/revisions"}],"wp:featuredmedia":[{"embeddable":true,"href":"https:\/\/www.europesays.com\/nl\/wp-json\/wp\/v2\/media\/42726"}],"wp:attachment":[{"href":"https:\/\/www.europesays.com\/nl\/wp-json\/wp\/v2\/media?parent=42725"}],"wp:term":[{"taxonomy":"category","embeddable":true,"href":"https:\/\/www.europesays.com\/nl\/wp-json\/wp\/v2\/categories?post=42725"},{"taxonomy":"post_tag","embeddable":true,"href":"https:\/\/www.europesays.com\/nl\/wp-json\/wp\/v2\/tags?post=42725"}],"curies":[{"name":"wp","href":"https:\/\/api.w.org\/{rel}","templated":true}]}}