{"id":42786,"date":"2025-11-02T13:49:10","date_gmt":"2025-11-02T13:49:10","guid":{"rendered":"https:\/\/www.europesays.com\/nl\/42786\/"},"modified":"2025-11-02T13:49:10","modified_gmt":"2025-11-02T13:49:10","slug":"robert-van-beckhoven-heel-holland-bakt-is-gezellig-en-tegelijkertijd-megazwaar","status":"publish","type":"post","link":"https:\/\/www.europesays.com\/nl\/42786\/","title":{"rendered":"Rob\u00e8rt van Beckhoven: &#8216;Heel Holland Bakt is gezellig en tegelijkertijd megazwaar&#8217;"},"content":{"rendered":"<p><a href=\"https:\/\/www.tvgids.nl\/tag\/rob-rt-van-beckhoven\" rel=\"nofollow noopener\" target=\"_blank\">Rob\u00e8rt van Beckhoven<\/a> behandelt elke bakker van <a href=\"https:\/\/www.tvgids.nl\/collectie\/heel-holland-bakt\" rel=\"nofollow noopener\" target=\"_blank\">Heel Holland Bakt<\/a> even vriendelijk en respectvol. \u2018Dat verdienen ze. Kijkers denken dat het een gezellig programma is. Dat is het ook, maar tegelijkertijd megazwaar.\u2019<\/p>\n<p>\u201cHeb je al gegeten?\u201d Na het ontkennende antwoord beent meester-bakker <a href=\"https:\/\/www.tvgids.nl\/tag\/rob-rt-van-beckhoven\" target=\"_self\" rel=\"nofollow noopener\">Rob\u00e8rt van Beckhoven<\/a> een lange glazen gang in die uitzicht geeft op de bakkers van zijn bedrijf in Oisterwijk. We kunnen maar \u00e9\u00e9n kant op, maar anders hadden de geuren ook wel naar de verse broden en gebakjes geleid. Rob\u00e8rt warmt twee worstenbroodjes op in een enorme oven. Tijdens het wachten biedt hij een stukje krentenbrood aan. En een bokkenpootje. We zijn er nu toch.   <\/p>\n<p>Hoe verliepen de opnames van het dertiende seizoen van Heel Holland Bakt? <\/p>\n<p>\u201cHet was geen ongeluksseizoen als je dat bedoelt. We hebben wel alle soorten weer gehad, maar niets extreems. Bijzonder is dat we een extra uitzending hebben over wat er achter de schermen gebeurt. En we hebben de honderdste uitzending gevierd. Dat is de tweede aflevering van dit seizoen. Bij alle opdrachten kwam dat getal terug. Verder merk ik dat het niveau omhooggaat.\u201d  <\/p>\n<p>Je hoefde de kandidaten dus niet streng toe te spreken?<\/p>\n<p>\u201cDat doe ik nooit toch? Bij de kidsversie ben ik lief, bij de volwassenen vriendelijk maar rechtvaardig. En dat verdienen ze ook. Kijkers denken dat <a href=\"https:\/\/www.tvgids.nl\/collectie\/heel-holland-bakt\" target=\"_self\" rel=\"nofollow noopener\">Heel Holland Bakt<\/a> een gezellig programma is. Dat is het ook, maar het is tegelijkertijd megazwaar. Deelnemers moeten in korte tijd verschillende lekkernijen leren maken en bij het bakken zelf werken ze onder grote tijdsdruk. Het is heel anders dan thuis. Het is echt een pittige wedstrijd.\u201d  <\/p>\n<p>Meer weten over Rob\u00e8rt? Het hele interview met hem lees je in de nieuwste Televizier. <a href=\"https:\/\/www.tvgids.nl\/collectie\/heel-holland-bakt\" target=\"_self\" rel=\"nofollow noopener\">Heel Holland Bakt<\/a> zie je ondertussen iedere zondag om 20:25 uur bij MAX op NPO 1. <\/p>\n","protected":false},"excerpt":{"rendered":"Rob\u00e8rt van Beckhoven behandelt elke bakker van Heel Holland Bakt even vriendelijk en respectvol. \u2018Dat verdienen ze. Kijkers&hellip;\n","protected":false},"author":2,"featured_media":42787,"comment_status":"","ping_status":"","sticky":false,"template":"","format":"standard","meta":{"footnotes":""},"categories":[28],"tags":[99,48,98,46,47,49,45,50,124],"class_list":{"0":"post-42786","1":"post","2":"type-post","3":"status-publish","4":"format-standard","5":"has-post-thumbnail","7":"category-tv","8":"tag-amusement","9":"tag-dutch","10":"tag-entertainment","11":"tag-nederland","12":"tag-nederlanden","13":"tag-nederlands","14":"tag-netherlands","15":"tag-nl","16":"tag-tv"},"share_on_mastodon":{"url":"https:\/\/pubeurope.com\/@nl\/115480426116725610","error":""},"_links":{"self":[{"href":"https:\/\/www.europesays.com\/nl\/wp-json\/wp\/v2\/posts\/42786","targetHints":{"allow":["GET"]}}],"collection":[{"href":"https:\/\/www.europesays.com\/nl\/wp-json\/wp\/v2\/posts"}],"about":[{"href":"https:\/\/www.europesays.com\/nl\/wp-json\/wp\/v2\/types\/post"}],"author":[{"embeddable":true,"href":"https:\/\/www.europesays.com\/nl\/wp-json\/wp\/v2\/users\/2"}],"replies":[{"embeddable":true,"href":"https:\/\/www.europesays.com\/nl\/wp-json\/wp\/v2\/comments?post=42786"}],"version-history":[{"count":0,"href":"https:\/\/www.europesays.com\/nl\/wp-json\/wp\/v2\/posts\/42786\/revisions"}],"wp:featuredmedia":[{"embeddable":true,"href":"https:\/\/www.europesays.com\/nl\/wp-json\/wp\/v2\/media\/42787"}],"wp:attachment":[{"href":"https:\/\/www.europesays.com\/nl\/wp-json\/wp\/v2\/media?parent=42786"}],"wp:term":[{"taxonomy":"category","embeddable":true,"href":"https:\/\/www.europesays.com\/nl\/wp-json\/wp\/v2\/categories?post=42786"},{"taxonomy":"post_tag","embeddable":true,"href":"https:\/\/www.europesays.com\/nl\/wp-json\/wp\/v2\/tags?post=42786"}],"curies":[{"name":"wp","href":"https:\/\/api.w.org\/{rel}","templated":true}]}}