{"id":43921,"date":"2025-11-03T16:41:11","date_gmt":"2025-11-03T16:41:11","guid":{"rendered":"https:\/\/www.europesays.com\/nl\/43921\/"},"modified":"2025-11-03T16:41:11","modified_gmt":"2025-11-03T16:41:11","slug":"nieuwe-regering-van-tsjechie-is-radicaal-rechts-en-eurosceptisch","status":"publish","type":"post","link":"https:\/\/www.europesays.com\/nl\/43921\/","title":{"rendered":"Nieuwe regering van Tsjechi\u00eb is radicaal-rechts en eurosceptisch"},"content":{"rendered":"<p>Tsjechi\u00eb krijgt een eurosceptische regering. Andrej Babis, de overtuigende winnaar van de parlementsverkiezingen van begin oktober, vormt met zijn partij ANO een coalitie met twee radicaal-rechtse partijen. Maandag, vlak voor de eerste bijeenkomst  van het nieuwe parlement, <a href=\"https:\/\/denikn.cz\/minuta\/1883299\/\" rel=\"nofollow noopener\" target=\"_blank\">tekenden de drie partijen<\/a> hun coalitieakkoord. Babis verwacht zijn regering half december te kunnen presenteren, na de uitwerking van de regeringsplannen en invulling van de ministersposten.<\/p>\n<p>Buiten Tsjechi\u00eb kijkt men vooral naar het beoogde buitenlandse beleid van de nieuwe regering. Vrijwel zeker verliest  Oekra\u00efne een belangrijke bondgenoot. Net als de Hongaarse premier Viktor Orb\u00e1n en de Slowaakse premier Robert Fico is Babis tegenstander van militaire steun aan Oekra\u00efne. De vorige Tsjechische regering en president Petr Pavel spanden zich juist in om Oekra\u00efne aan wapens en munitie te helpen.<\/p>\n<p>Babis\u2019 coalitiegenoten, de SPD (\u2018Vrijheid en Directe Democratie\u2019) onder leiding van Tomio Okamura en AUTO (\u2018Automobilisten voor Zichzelf\u2019) onder leiding van Petr Macinka, zouden het liefst uit de EU stappen, of daar op z\u2019n minst een referendum over organiseren. President Pavel heeft eerder gezegd geen ministers te zullen benoemen die willen dat Tsjechi\u00eb de EU of de NAVO verlaat. <\/p>\n<p>Babis zei bij de ondertekening van het coalitieakkoord dat de drie partijen hebben afgesproken dat Tsjechi\u00eb lid blijft van de EU en de NAVO. Wel zal zijn regering bij veel dossiers, met name migratie en klimaat, botsen met Brussel. Zo zal hij volgens <a href=\"https:\/\/www.politico.eu\/newsletter\/brussels-playbook\/andrej-babis-plan-to-chop-eu-green-rules\/\" rel=\"nofollow noopener\" target=\"_blank\">nieuwssite Politico<\/a> proberen het nieuwe emissiehandelssysteem ETS2 onderuit te halen.<\/p>\n<p><a class=\"dmt-article-suggestion\" href=\"https:\/\/www.nrc.nl\/nieuws\/2025\/10\/04\/euroscepticus-babis-wint-de-verkiezingen-in-tsjechie-krijgt-de-eu-een-derde-dwarsligger-a4908490\" rel=\"nofollow noopener\" target=\"_blank\"><\/p>\n<p>\n\t\t\t\tLees ook\n\t\t\t<\/p>\n<p>Euroscepticus Babi\u0161 wint de verkiezingen in Tsjechi\u00eb. Krijgt de EU een derde dwarsligger? <\/p>\n<p><img decoding=\"async\" alt=\"Andrej Babi\u0161, leider van ANO, reageert op de eerste uitslag van de parlementsverkiezingen, zaterdagmiddag.Foto Radovan Stoklasa\/Reuters \" class=\"dmt-article-suggestion__image\" src=\"https:\/\/www.europesays.com\/nl\/wp-content\/uploads\/2025\/11\/data138369985-4dd04e.jpg\"\/><br \/>\n<\/a><br \/>\nRacistische uitspraken<\/p>\n<p>Samen hebben de drie partijen 108 van de 200 zetels in het parlement. De verhoudingen binnen de coalitie zijn ongelijk: ANO heeft tachtig zetels, SPD vijftien en AUTO dertien. De SPD levert de parlementsvoorzitter, waarschijnlijk partijleider Okamura. De nieuwe partij AUTO zorgde in de aanloop naar het sluiten van het coalitieakkoord voor <a href=\"https:\/\/www.politico.eu\/article\/czech-government-talks-stall-over-foreign-minister-nominee-filip-turek-controversy-motorists\/\" rel=\"nofollow noopener\" target=\"_blank\">problemen<\/a>. De radicaal-rechtse en \u2018anti-woke\u2019 partij keert zich tegen verduurzaming en wil alle subsidies voor duurzame energie afschaffen. Ook wil de partij alle fietspaden opheffen, om meer ruimte te maken voor auto\u2019s.<\/p>\n<p>Half oktober kwam <a href=\"https:\/\/denikn.cz\/1864721\/popalit-cikane-je-polehcujici-okolnost-obama-je-negr-odhalujeme-smazany-svet-filipa-turka\/\" rel=\"nofollow noopener\" target=\"_blank\">nieuwssite Den\u00edk N<\/a> met onthullingen over partijprominent Filip Turek, voormalig coureur, kortstondig Europarlementari\u00ebr en beoogd minister van Buitenlandse Zaken. Voordat Turek in de politiek zat, plaatste hij racistische, seksistische en homofobe uitspraken op Facebook. Hij verwees graag in positieve zin naar Hitler en Mussolini en in negatieve zin naar Barack Obama en Meghan Markle, echtgenote van de Britse prins Harry. Turek ontkent de uitspraken, zijn partij heeft Den\u00edk N aangeklaagd.<\/p>\n<p><img alt=\"\" data-lightbox-highres=\"https:\/\/images.nrc.nl\/bfhJa3vWzKHP-k3vVHuuccMvUuM=\/1920x\/filters:no_upscale()\/s3\/static.nrc.nl\/wp-content\/uploads\/2025\/10\/31145307\/031125BUI_2021714372_2.jpg\" data-lightbox-highres-webp=\"https:\/\/images.nrc.nl\/OP0g84PNu6pRMND8SBEM5NXSaAs=\/1920x\/filters:no_upscale():format(webp)\/s3\/static.nrc.nl\/wp-content\/uploads\/2025\/10\/31145307\/031125BUI_2021714372_2.jpg\" data-lightbox-zoom=\"https:\/\/images.nrc.nl\/bfhJa3vWzKHP-k3vVHuuccMvUuM=\/1920x\/filters:no_upscale()\/s3\/static.nrc.nl\/wp-content\/uploads\/2025\/10\/31145307\/031125BUI_2021714372_2.jpg\" data-lightbox-zoom-webp=\"https:\/\/images.nrc.nl\/OP0g84PNu6pRMND8SBEM5NXSaAs=\/1920x\/filters:no_upscale():format(webp)\/s3\/static.nrc.nl\/wp-content\/uploads\/2025\/10\/31145307\/031125BUI_2021714372_2.jpg\" data-open-in-lightbox=\"true\" decoding=\"async\" height=\"3436\" loading=\"lazy\" src=\"https:\/\/www.europesays.com\/nl\/wp-content\/uploads\/2025\/11\/031125BUI_2021714372_2.jpg\"  width=\"5149\"\/><\/p>\n<p class=\"caption\" id=\"figcaption-1\">Demonstratie in Praag tegen de regeringsdeelname van de radicaal-rechtse partij SPD, 29 oktober. <\/p>\n<p>Foto eva korinkova\/reuters<\/p>\n<p>Zoom in<\/p>\n<p>Omdat partijleider Macinka zijn kandidaat voor het ministerschap niet wilde terugtrekken, <a href=\"https:\/\/english.radio.cz\/racism-scandal-threatens-derail-czech-coalition-talks-8865609\" rel=\"nofollow noopener\" target=\"_blank\">zorgde de kwestie voor een crisis<\/a> tussen ANO en AUTO. In gesprekken met Babis werd de zaak gladgestreken: Turek blijft kandidaat-minister. <\/p>\n<p>Ook Macinka zorgde voor controverse: zijn kandidatuur als minister van Milieuzaken stuitte op verzet van honderden experts op het gebied van klimaat en milieu. Macinka ontkent dat de mens een rol speelt bij klimaatverandering.<\/p>\n<p>Geef cadeau<\/p>\n<p>Deel<\/p>\n<p>Mail de redactie<\/p>\n<p>\nNIEUW: Geef dit artikel cadeau<br \/>\n\t\t\tAls NRC-abonnee kun je elke maand 10 artikelen cadeau geven aan iemand zonder NRC-abonnement. De ontvanger kan het artikel direct lezen, zonder betaalmuur.\n\t\t<\/p>\n","protected":false},"excerpt":{"rendered":"Tsjechi\u00eb krijgt een eurosceptische regering. Andrej Babis, de overtuigende winnaar van de parlementsverkiezingen van begin oktober, vormt met&hellip;\n","protected":false},"author":2,"featured_media":43922,"comment_status":"","ping_status":"","sticky":false,"template":"","format":"standard","meta":{"footnotes":""},"categories":[15],"tags":[39,40,48,43,44,34,35,41,42,46,47,49,45,32,33,50,36,37,38,67,64,65,66],"class_list":{"0":"post-43921","1":"post","2":"type-post","3":"status-publish","4":"format-standard","5":"has-post-thumbnail","7":"category-wereld","8":"tag-breaking-news","9":"tag-breakingnews","10":"tag-dutch","11":"tag-featured-news","12":"tag-featurednews","13":"tag-headlines","14":"tag-hoofdpunten","15":"tag-latest-news","16":"tag-latestnews","17":"tag-nederland","18":"tag-nederlanden","19":"tag-nederlands","20":"tag-netherlands","21":"tag-news","22":"tag-nieuws","23":"tag-nl","24":"tag-top-stories","25":"tag-topstories","26":"tag-voorpaginanieuws","27":"tag-wereld","28":"tag-world","29":"tag-world-news","30":"tag-worldnews"},"share_on_mastodon":{"url":"https:\/\/pubeurope.com\/@nl\/115486764810222639","error":""},"_links":{"self":[{"href":"https:\/\/www.europesays.com\/nl\/wp-json\/wp\/v2\/posts\/43921","targetHints":{"allow":["GET"]}}],"collection":[{"href":"https:\/\/www.europesays.com\/nl\/wp-json\/wp\/v2\/posts"}],"about":[{"href":"https:\/\/www.europesays.com\/nl\/wp-json\/wp\/v2\/types\/post"}],"author":[{"embeddable":true,"href":"https:\/\/www.europesays.com\/nl\/wp-json\/wp\/v2\/users\/2"}],"replies":[{"embeddable":true,"href":"https:\/\/www.europesays.com\/nl\/wp-json\/wp\/v2\/comments?post=43921"}],"version-history":[{"count":0,"href":"https:\/\/www.europesays.com\/nl\/wp-json\/wp\/v2\/posts\/43921\/revisions"}],"wp:featuredmedia":[{"embeddable":true,"href":"https:\/\/www.europesays.com\/nl\/wp-json\/wp\/v2\/media\/43922"}],"wp:attachment":[{"href":"https:\/\/www.europesays.com\/nl\/wp-json\/wp\/v2\/media?parent=43921"}],"wp:term":[{"taxonomy":"category","embeddable":true,"href":"https:\/\/www.europesays.com\/nl\/wp-json\/wp\/v2\/categories?post=43921"},{"taxonomy":"post_tag","embeddable":true,"href":"https:\/\/www.europesays.com\/nl\/wp-json\/wp\/v2\/tags?post=43921"}],"curies":[{"name":"wp","href":"https:\/\/api.w.org\/{rel}","templated":true}]}}