{"id":44268,"date":"2025-11-03T23:30:30","date_gmt":"2025-11-03T23:30:30","guid":{"rendered":"https:\/\/www.europesays.com\/nl\/44268\/"},"modified":"2025-11-03T23:30:30","modified_gmt":"2025-11-03T23:30:30","slug":"prins-william-verheugt-zich-op-bezoek-aan-brazilie","status":"publish","type":"post","link":"https:\/\/www.europesays.com\/nl\/44268\/","title":{"rendered":"Prins William verheugt zich op bezoek aan Brazili\u00eb"},"content":{"rendered":"<p>De Britse prins William kijkt uit naar zijn eerste offici\u00eble bezoek aan Brazili\u00eb. Via Instagram laat hij vlak voor vertrek weten dat hij zich verheugt \u201com de levendige cultuur van Brazili\u00eb, de buitengewone biodiversiteit en bovenal de warmte van de mensen te ervaren\u201d.<\/p>\n<p>William gaat naar Rio de Janeiro voor de uitreiking van de Earthshot Prize. De oudste zoon van koning Charles riep de prijs vijf jaar geleden in het leven om initiatieven te steunen die tot doel hebben de planeet te herstellen van de gevolgen van vervuiling. Later in de week is de prins ook aanwezig bij de klimaattop COP30 in Brazili\u00eb. Daar zal hij ook een speech geven.<\/p>\n<p>Volgens William is het tijd voor \u201cgedurfd klimaatleiderschap\u201d. \u201cWanneer we met optimisme en moed samenwerken, is een duurzamere toekomst binnen handbereik.\u201d<\/p>\n","protected":false},"excerpt":{"rendered":"De Britse prins William kijkt uit naar zijn eerste offici\u00eble bezoek aan Brazili\u00eb. Via Instagram laat hij vlak&hellip;\n","protected":false},"author":2,"featured_media":44269,"comment_status":"","ping_status":"","sticky":false,"template":"","format":"standard","meta":{"footnotes":""},"categories":[31],"tags":[99,147,48,98,46,47,49,45,33,50],"class_list":{"0":"post-44268","1":"post","2":"type-post","3":"status-publish","4":"format-standard","5":"has-post-thumbnail","7":"category-celebrities","8":"tag-amusement","9":"tag-celebrities","10":"tag-dutch","11":"tag-entertainment","12":"tag-nederland","13":"tag-nederlanden","14":"tag-nederlands","15":"tag-netherlands","16":"tag-nieuws","17":"tag-nl"},"share_on_mastodon":{"url":"https:\/\/pubeurope.com\/@nl\/115488372982365895","error":""},"_links":{"self":[{"href":"https:\/\/www.europesays.com\/nl\/wp-json\/wp\/v2\/posts\/44268","targetHints":{"allow":["GET"]}}],"collection":[{"href":"https:\/\/www.europesays.com\/nl\/wp-json\/wp\/v2\/posts"}],"about":[{"href":"https:\/\/www.europesays.com\/nl\/wp-json\/wp\/v2\/types\/post"}],"author":[{"embeddable":true,"href":"https:\/\/www.europesays.com\/nl\/wp-json\/wp\/v2\/users\/2"}],"replies":[{"embeddable":true,"href":"https:\/\/www.europesays.com\/nl\/wp-json\/wp\/v2\/comments?post=44268"}],"version-history":[{"count":0,"href":"https:\/\/www.europesays.com\/nl\/wp-json\/wp\/v2\/posts\/44268\/revisions"}],"wp:featuredmedia":[{"embeddable":true,"href":"https:\/\/www.europesays.com\/nl\/wp-json\/wp\/v2\/media\/44269"}],"wp:attachment":[{"href":"https:\/\/www.europesays.com\/nl\/wp-json\/wp\/v2\/media?parent=44268"}],"wp:term":[{"taxonomy":"category","embeddable":true,"href":"https:\/\/www.europesays.com\/nl\/wp-json\/wp\/v2\/categories?post=44268"},{"taxonomy":"post_tag","embeddable":true,"href":"https:\/\/www.europesays.com\/nl\/wp-json\/wp\/v2\/tags?post=44268"}],"curies":[{"name":"wp","href":"https:\/\/api.w.org\/{rel}","templated":true}]}}